{"id":10067,"date":"2010-07-28T10:27:00","date_gmt":"2010-07-28T08:27:00","guid":{"rendered":"https:\/\/www.igmg.org\/?p=10067"},"modified":"2015-02-16T10:45:33","modified_gmt":"2015-02-16T09:45:33","slug":"aalen-fatih-camiiaenden-kan-baaeyae%c2%b1ayae%c2%b1","status":"publish","type":"post","link":"https:\/\/www.igmg.org\/tr\/aalen-fatih-camiiaenden-kan-baaeyae%c2%b1ayae%c2%b1\/","title":{"rendered":"Aalen Fatih Camii&#8217;nden kan ba\u011f\u0131\u015f\u0131"},"content":{"rendered":"<p>Fatih Camii D\u0131\u015f \u0130li\u015fkiler Sorumlusu H\u00fcseyin K\u0131z\u0131ltepe&#8217;nin gayretleri ile d\u00fczenlenen kan ba\u011f\u0131\u015f\u0131na vatanda\u015flar b\u00fcy\u00fck ilgi g\u00f6sterdi. K\u0131z\u0131l Ha\u00e7&#8217;tan 15 g\u00f6revli ve 4 doktorun kontrol\u00fcnde yap\u0131lan ba\u011f\u0131\u015f organizasyonuna \u00f6zellikle han\u0131mlar b\u00fcy\u00fck destek verdi. <\/p>\n<p>Fatih Camii Cemiyet Ba\u015fkan\u0131 Mustafa Demirta\u015f, organizasyondan \u00f6t\u00fcr\u00fc y\u00f6netim kuruluna ve cemaatine k\u0131sa bir te\u015fekk\u00fcr konu\u015fmas\u0131 yapt\u0131. Mustafa Demirta\u015f s\u00f6zlerine \u015f\u00f6yle devam etti: &#8220;Fatih Cami cemaati olarak halk\u0131m\u0131z\u0131n ve i\u00e7inde ya\u015fad\u0131\u011f\u0131m\u0131z toplumun yarar\u0131na olan bu t\u00fcr \u00e7al\u0131\u015fmalarda her zaman yer alaca\u011f\u0131z.&#8221;\u009d &nbsp;Akabinde K\u0131z\u0131l Ha\u00e7 ekibi ve kat\u0131l\u0131mc\u0131lar hat\u0131ra foto\u011fraf\u0131 \u00e7ektirerek vedala\u015ft\u0131lar.(ik)<\/p>\n","protected":false},"excerpt":{"rendered":"<p>IGMG Aalen Fatih Camii Cemiyeti K\u0131z\u0131l Ha\u00e7 ile ortakla\u015fa kan ba\u011f\u0131\u015f\u0131 organizasyonu ger\u00e7ekle\u015ftirdi.<\/p>\n","protected":false},"author":1,"featured_media":0,"comment_status":"open","ping_status":"closed","sticky":false,"template":"","format":"standard","meta":{"ngg_post_thumbnail":0},"categories":[23238,24],"tags":[],"_links":{"self":[{"href":"https:\/\/www.igmg.org\/tr\/wp-json\/wp\/v2\/posts\/10067"}],"collection":[{"href":"https:\/\/www.igmg.org\/tr\/wp-json\/wp\/v2\/posts"}],"about":[{"href":"https:\/\/www.igmg.org\/tr\/wp-json\/wp\/v2\/types\/post"}],"author":[{"embeddable":true,"href":"https:\/\/www.igmg.org\/tr\/wp-json\/wp\/v2\/users\/1"}],"replies":[{"embeddable":true,"href":"https:\/\/www.igmg.org\/tr\/wp-json\/wp\/v2\/comments?post=10067"}],"version-history":[{"count":0,"href":"https:\/\/www.igmg.org\/tr\/wp-json\/wp\/v2\/posts\/10067\/revisions"}],"wp:attachment":[{"href":"https:\/\/www.igmg.org\/tr\/wp-json\/wp\/v2\/media?parent=10067"}],"wp:term":[{"taxonomy":"category","embeddable":true,"href":"https:\/\/www.igmg.org\/tr\/wp-json\/wp\/v2\/categories?post=10067"},{"taxonomy":"post_tag","embeddable":true,"href":"https:\/\/www.igmg.org\/tr\/wp-json\/wp\/v2\/tags?post=10067"}],"curies":[{"name":"wp","href":"https:\/\/api.w.org\/{rel}","templated":true}]}}