{"id":10231,"date":"2010-08-21T11:52:00","date_gmt":"2010-08-21T09:52:00","guid":{"rendered":"https:\/\/www.igmg.org\/?p=10231"},"modified":"2015-02-16T10:45:30","modified_gmt":"2015-02-16T09:45:30","slug":"igmg-acil-yardae%c2%b1m-ekibi-pakistanaea-ulaaytae%c2%b1","status":"publish","type":"post","link":"https:\/\/www.igmg.org\/tr\/igmg-acil-yardae%c2%b1m-ekibi-pakistanaea-ulaaytae%c2%b1\/","title":{"rendered":"IGMG acil yard\u0131m ekibi Pakistan&#8217;a ula\u015ft\u0131"},"content":{"rendered":"<p><span lang=\"EN-GB\">PDMA Yard\u0131m Direkt\u00f6r\u00fc Asif Ali Farakh ve B\u00f6lge Orgenerali Amjad Ahmad ile bulu\u015fan IGMG ekibi b\u00f6lgedeki durum ve yap\u0131lan kurtarma ve yard\u0131mlar konusunda kapsaml\u0131 bilgi ald\u0131lar. <\/span><\/p>\n<p><span lang=\"EN-GB\"><\/span><\/p>\n<p><span lang=\"EN-GB\">Verilen bilgilere g\u00f6re felaketin boyutlar\u0131 2004 y\u0131l\u0131nda ya\u015fanan tsunami felaketinden \u00e7ok daha fazla. \u015eehir ve k\u00f6ylerin b\u00fcy\u00fck bir b\u00f6l\u00fcm\u00fc sel sonucu b\u00fcy\u00fck zarar g\u00f6rm\u00fc\u015f durumda. 500 000 evin sele kap\u0131ld\u0131\u011f\u0131, b\u00f6lgede 2 milyon insan\u0131n sel felaketinden etkilendikleri tahmin ediliyor. <\/span><\/p>\n<p><span lang=\"TR\">Sel felaketinin ilk anlar\u0131nda y\u00fczlerce insan\u0131n hayat\u0131n\u0131 kaybetti\u011fi, Kohistan ve Sawat gibi bir\u00e7ok b\u00f6lgede insanlar\u0131n d\u0131\u015far\u0131 ile ileti\u015fimlerinin kesildi\u011fi kaydediliyor. <\/span><\/p>\n<p><span lang=\"TR\"><\/span><\/p>\n<p><span lang=\"TR\">&#8220;B\u00f6lgenin b\u00fcy\u00fck bir b\u00f6l\u00fcm\u00fcn\u00fcn d\u00fcnya ile ili\u015fkisi kesildi. B\u00f6lgeye ula\u015fman\u0131n tek yol helikopter&#8221;\u009d diyen Farakh, bunu hali haz\u0131rda askeriyenin ger\u00e7ekle\u015ftirmeye \u00e7al\u0131\u015ft\u0131\u011f\u0131n\u0131, fakat yeterli olmad\u0131\u011f\u0131n\u0131 vurgulad\u0131.<\/span><\/p>\n<p><span lang=\"TR\">Orgeneral Amjad ise \u015funlar\u0131 s\u00f6yledi: &#8220;Sel felaketinden \u00fclkenin \u00fc\u00e7te ikisi etkilendi. Felaketten sa\u011f kurtulanlar yiyecek, bar\u0131nak sorunu ve \u00f6l\u00fcmc\u00fcl hastal\u0131klarla m\u00fccadele ediyorlar. Milyonlarca insan yeni ya\u011fmurlar\u0131n ya\u011fmas\u0131 ve hastal\u0131klar\u0131n yay\u0131lmas\u0131 tehdidi alt\u0131na ya\u015f\u0131yor. Felaketten ma\u011fdur olanlar\u0131n say\u0131s\u0131n\u0131n 22 milyon kadar oldu\u011fu tahmin ediliyor. \u00dclkenin b\u00fcy\u00fck b\u00f6l\u00fcm\u00fc halen sular alt\u0131nda bulunuyor&#8221;\u009d<\/span><\/p>\n<p><span lang=\"TR\">UNICEF B\u00f6lge Direkt\u00f6r\u00fc Daniel Toole Pakistan&#039;da ya\u015fanan felaketi &#8220;d\u00fcnyada bug\u00fcne kadar ya\u015fanan en acil durum&#8221;\u009d s\u00f6zleri ile de\u011ferlendiriyor. <\/span><\/p>\n<p><span lang=\"TR\">2004 y\u0131l\u0131ndaki tsunami felaketinde IGMG yard\u0131m ekibi olarak Aceh\/Endonezya&#039;da bulunan Ufuk Se\u00e7gin, &#8220;Tsunami ile kar\u015f\u0131la\u015ft\u0131r\u0131ld\u0131\u011f\u0131nda \u00f6lenlerin say\u0131s\u0131 daha az olsa da d\u00fcnya bu felaketin boyutlar\u0131n\u0131 g\u00f6rmeli, h\u00fck\u00fcmet ve yard\u0131m organizasyonlar\u0131n\u0131n kapasitelerini a\u015fan bu durum i\u00e7in b\u00f6lgeye destek sa\u011flamal\u0131&#8221;\u009d \u015feklinde konu\u015ftu. <\/span><\/p>\n<p><span lang=\"TR\">IGMG yard\u0131m ekibi PDMA ile yapt\u0131klar\u0131 g\u00f6r\u00fc\u015fmelerde ald\u0131klar\u0131 bilgiler do\u011frultusunda yapacaklar\u0131 yard\u0131m\u0131 planlarken, PDMA yetkilileri de IGMG&#039;nin yard\u0131m \u00e7al\u0131\u015fmas\u0131n\u0131 memnuniyetle kar\u015f\u0131lad\u0131lar ve yard\u0131m \u00e7al\u0131\u015fmalar\u0131nda kendilerini destekleyeceklerini ifade ettiler. Ayr\u0131ca daha \u00e7ok yiyecek yard\u0131m\u0131na a\u011f\u0131rl\u0131k verilmesi tavsiyesinde bulunan PDMA yetkilileri, Nowshera b\u00f6lgesi koordinat\u00f6rleri ile birlikte \u00e7al\u0131\u015f\u0131lmas\u0131n\u0131 istediler.<\/span><\/p>\n<p><span lang=\"TR\">Nowshera&#039;daki koordinat\u00f6rle bulu\u015fan&nbsp;ve selden etkilenen b\u00f6lgeyi gezen yard\u0131m ekibi yerlerini terk etmek istemeyen ve insani yard\u0131ma muhta\u00e7 olan insanlar ile biraraya geldi. Selden sa\u011f kurtulan Ahmet Khan &#8220;Burada kalmaya karar verdik, evlerimizin kalan k\u0131sm\u0131n\u0131 koruyaca\u011f\u0131z&#8221;\u009d derken,&nbsp; <\/span>bir a\u011faca ba\u011fl\u0131 plastik par\u00e7as\u0131n\u0131 g\u00f6stererek oras\u0131n\u0131n kendisinin evi oldu\u011funu s\u00f6yl\u00fcyordu. Evinden geriye sadece birka\u00e7 k\u0131yafeti g\u00f6steren Ahmed Khan, &#8220;Hayat\u0131m\u0131z\u0131 kurtard\u0131k, ama her\u015feyimiz kaybettik&#8221;\u009d dedi.<\/p>\n<p><span lang=\"TR\">B\u00f6lgede sadece birka\u00e7 tu\u011fla evin kald\u0131\u011f\u0131n\u0131, \u00e7amurdan evlerin hepsinin sele kap\u0131ld\u0131\u011f\u0131n\u0131 belirten yard\u0131m ekibi, <\/span>hayatta kalan insanlar\u0131n y\u0131k\u0131nt\u0131lar aras\u0131nda arta kalanlar\u0131 arad\u0131klar\u0131n\u0131, bu k\u00f6t\u00fc duruma ra\u011fmen insanlar\u0131n oru\u00e7 tutmaya devam ettiklerini, az bir yemek ve i\u00e7ecekle iftar yapt\u0131klar\u0131n\u0131 ifade etti. <\/p>\n<p><span lang=\"TR\">Yard\u0131m ekibinden Adnan \u015eahin, &#8220;Bu insanlar her\u015feylerini kaybettiler, kelimenin tek anlam\u0131yla evsiz barks\u0131z kalm\u0131\u015flar ve yapacaklar\u0131 bir\u015fey de yok&#8221;\u009d dedi.<\/span><\/p>\n<p><span lang=\"TR\">Felaket b\u00f6lgesinde detayl\u0131 bilgi toplay\u0131p geri Rawalpindi&#039;ye d\u00f6nen IGMG yard\u0131m ekibi ba\u015fkan\u0131 Ufuk Se\u00e7gin \u015funlar\u0131 s\u00f6yledi: <\/span><\/p>\n<p><span lang=\"TR\">&nbsp;<\/span><\/p>\n<p><span lang=\"TR\">&#8220;PDMA b\u00f6lge koordinat\u00f6r\u00fc ile pazar g\u00fcn\u00fc yap\u0131lacak g\u0131da yard\u0131m\u0131 da\u011f\u0131t\u0131m\u0131n\u0131n \u00f6n haz\u0131rl\u0131\u011f\u0131n\u0131 yap\u0131yoruz. Her aileye yakla\u015f\u0131k iki hafta yetecek 1000 g\u0131da yard\u0131m paketi da\u011f\u0131tmay\u0131 planl\u0131yoruz. M\u00fcsl\u00fcmanlar olarak g\u00f6revimiz yard\u0131ma muhta\u00e7 olan karde\u015flerimize yard\u0131m etmek. Bu nedenle Avrupa&#039;da ya\u015fayan insanlara, Pakistan&#039;a yard\u0131m etmek konusunda acele etmeleri ve Ramazan&#039;da yap\u0131lan yard\u0131mlar\u0131 desteklemeye \u00e7a\u011f\u0131r\u0131yoruz.&#8221;\u009d <\/span><\/p>\n","protected":false},"excerpt":{"rendered":"<p>\u0130ngiltere&#8217;den Ufuk Se\u00e7gin ba\u015fkanl\u0131\u011f\u0131nda Hollanda&#8217;dan Adnan \u015eahin, Almanya&#8217;dan Dr. As\u0131m&#8217;dan olu\u015fan IGMG yard\u0131m ekibi Pakistan&#8217;a ula\u015ft\u0131. Yard\u0131m ekibi Peshavar b\u00f6lgesindeki Khyber-Pakhtunkhwa \u015fehrinde Afet Y\u00f6netim Merkezi&#8217;ne (Provincial Disaster Management Authority-PDMA) ziyarette bulundular.<\/p>\n","protected":false},"author":1,"featured_media":0,"comment_status":"open","ping_status":"closed","sticky":false,"template":"","format":"standard","meta":{"ngg_post_thumbnail":0},"categories":[23238,24],"tags":[],"_links":{"self":[{"href":"https:\/\/www.igmg.org\/tr\/wp-json\/wp\/v2\/posts\/10231"}],"collection":[{"href":"https:\/\/www.igmg.org\/tr\/wp-json\/wp\/v2\/posts"}],"about":[{"href":"https:\/\/www.igmg.org\/tr\/wp-json\/wp\/v2\/types\/post"}],"author":[{"embeddable":true,"href":"https:\/\/www.igmg.org\/tr\/wp-json\/wp\/v2\/users\/1"}],"replies":[{"embeddable":true,"href":"https:\/\/www.igmg.org\/tr\/wp-json\/wp\/v2\/comments?post=10231"}],"version-history":[{"count":0,"href":"https:\/\/www.igmg.org\/tr\/wp-json\/wp\/v2\/posts\/10231\/revisions"}],"wp:attachment":[{"href":"https:\/\/www.igmg.org\/tr\/wp-json\/wp\/v2\/media?parent=10231"}],"wp:term":[{"taxonomy":"category","embeddable":true,"href":"https:\/\/www.igmg.org\/tr\/wp-json\/wp\/v2\/categories?post=10231"},{"taxonomy":"post_tag","embeddable":true,"href":"https:\/\/www.igmg.org\/tr\/wp-json\/wp\/v2\/tags?post=10231"}],"curies":[{"name":"wp","href":"https:\/\/api.w.org\/{rel}","templated":true}]}}