{"id":10299,"date":"2010-09-08T10:00:00","date_gmt":"2010-09-08T08:00:00","guid":{"rendered":"https:\/\/www.igmg.org\/?p=10299"},"modified":"2015-02-16T10:45:26","modified_gmt":"2015-02-16T09:45:26","slug":"kamen-aeslam-birliaeyiaende-iftar-yemekleri-verildi","status":"publish","type":"post","link":"https:\/\/www.igmg.org\/tr\/kamen-aeslam-birliaeyiaende-iftar-yemekleri-verildi\/","title":{"rendered":"Kamen \u0130slam Birli\u011fi&#8217;nde iftar yemekleri verildi"},"content":{"rendered":"<p>Kamen \u0130slam Birli\u011fi Y\u00f6netim Kurulu Cemiyet Ba\u015fkan\u0131 Bekir Bozkurt`un ba\u015fkanl\u0131\u011f\u0131nda kad\u0131n erkek, gen\u00e7, ihtiyar, cemiyete \u00fcye veya de\u011fil, \u00e7oluk \u00e7ocuk, yerli yabanc\u0131 b\u00fct\u00fcn M\u00fcsl\u00fcmanlara cemiyetin haz\u0131rlam\u0131\u015f oldu\u011fu ayr\u0131 ve modern mekanlarda iftar verildi. <\/p>\n<p>Her g\u00fcn en az 5 \u00e7e\u015fit yeme\u011fin ikram edildi\u011fi bu iftarlarda iftara gelenler 5 y\u0131ld\u0131zl\u0131 bir lokantada verilen hizmetlere e\u015f bir bi\u00e7imde hizmet alarak yeme\u011fin pi\u015firilmesinde, sunulmas\u0131nda, masalar\u0131n tanziminde, \u00e7evrenin temizli\u011finde hi\u00e7 bir zahmete katlanmadan iftarlar\u0131n\u0131 yaparak, ondan sonra da cemaatle hep birlikte ak\u015fam namaz\u0131 k\u0131larak cemiyette ikram edilen \u00e7aylardan yudumlad\u0131lar. <\/p>\n<p>Kamen \u0130slam Birli\u011fi \u0130mam Hatibi Yunus Sezer&#8217;in yats\u0131 namaz\u0131ndan \u00f6nce \u0130slami, sosyal ve k\u00fclt\u00fcrel konularda verdi\u011fi vaazlarla manevi olarak da doyan M\u00fcsl\u00fcmanlar kalp huzuru ile evlerine d\u00f6nd\u00fcler. <\/p>\n<p>Bir gurbet diyar\u0131nda bu emsalsiz hizmeti sunan Kamen \u0130slam Birli\u011fi&#8217;nin iftar\u0131na kat\u0131lanlar ald\u0131klar\u0131 hizmetlerden dolay\u0131 memnun olarak e\u015f ve dostlar\u0131n\u0131 da bu iftarlara kat\u0131lmaya davet ettiklerinden her g\u00fcn 200`den fazla M\u00fcsl\u00fcman m\u00fcbarek Ramazan ay\u0131n\u0131n bu manevi ikliminde huzur bularak bu hizmetleri sunanlara dua ettiler.(ik)<\/p>\n","protected":false},"excerpt":{"rendered":"<p>IGMG Ruhr A B\u00f6lgesi Kamen \u0130slam Birli\u011fi`nde y\u0131llardan beri devam eden Ramazan ay\u0131nda iftar verme gelene\u011fi bu y\u0131l eski y\u0131llara oranlara daha da zengin ve co\u015fkulu bir \u015fekilde devam etti. <\/p>\n","protected":false},"author":1,"featured_media":0,"comment_status":"open","ping_status":"closed","sticky":false,"template":"","format":"standard","meta":{"ngg_post_thumbnail":0},"categories":[23238,24,23255],"tags":[],"_links":{"self":[{"href":"https:\/\/www.igmg.org\/tr\/wp-json\/wp\/v2\/posts\/10299"}],"collection":[{"href":"https:\/\/www.igmg.org\/tr\/wp-json\/wp\/v2\/posts"}],"about":[{"href":"https:\/\/www.igmg.org\/tr\/wp-json\/wp\/v2\/types\/post"}],"author":[{"embeddable":true,"href":"https:\/\/www.igmg.org\/tr\/wp-json\/wp\/v2\/users\/1"}],"replies":[{"embeddable":true,"href":"https:\/\/www.igmg.org\/tr\/wp-json\/wp\/v2\/comments?post=10299"}],"version-history":[{"count":0,"href":"https:\/\/www.igmg.org\/tr\/wp-json\/wp\/v2\/posts\/10299\/revisions"}],"wp:attachment":[{"href":"https:\/\/www.igmg.org\/tr\/wp-json\/wp\/v2\/media?parent=10299"}],"wp:term":[{"taxonomy":"category","embeddable":true,"href":"https:\/\/www.igmg.org\/tr\/wp-json\/wp\/v2\/categories?post=10299"},{"taxonomy":"post_tag","embeddable":true,"href":"https:\/\/www.igmg.org\/tr\/wp-json\/wp\/v2\/tags?post=10299"}],"curies":[{"name":"wp","href":"https:\/\/api.w.org\/{rel}","templated":true}]}}