{"id":10472,"date":"2010-10-07T08:00:00","date_gmt":"2010-10-07T06:00:00","guid":{"rendered":"https:\/\/www.igmg.org\/?p=10472"},"modified":"2015-02-16T10:45:23","modified_gmt":"2015-02-16T09:45:23","slug":"bremenaede-aa%c2%a7ae%c2%b1k-cami-ga%c2%bcna%c2%bc","status":"publish","type":"post","link":"https:\/\/www.igmg.org\/tr\/bremenaede-aa%c2%a7ae%c2%b1k-cami-ga%c2%bcna%c2%bc\/","title":{"rendered":"Bremen&#8217;de A\u00e7\u0131k Cami G\u00fcn\u00fc"},"content":{"rendered":"<p>\u00c7ok say\u0131da cami cemiyeti A\u00e7\u0131k Cami G\u00fcn\u00fc&#8217;nde kap\u0131lar\u0131n\u0131 yabanc\u0131 misafirlerine a\u00e7arak, caminin i\u00e7 d\u00fcnyas\u0131n\u0131 ziyaret\u00e7ilerin izlemesine ve M\u00fcsl\u00fcmanlarla ileti\u015fim kurmalar\u0131na f\u0131rsat sundu. Misafirler cemiyetlerde \u00e7ay\u0131yla pastas\u0131yla g\u00fczel ve faydal\u0131 bir g\u00fcn ge\u00e7irdiler.<\/p>\n<p>Bu y\u0131l &#8220;Kuran &#8211; 1400 y\u0131ld\u0131r akt\u00fcel ve hayat\u0131n i\u00e7inde&#8221;\u009d slogan\u0131yla d\u00fczenlenen A\u00e7\u0131k Cami G\u00fcn\u00fc&#8217;ne Kuzey Almanya&#8217;n\u0131n en \u00f6nde gelen camilerinden olan Fatih Camii&#8217;nin yan\u0131 s\u0131ra Bremen \u0130slam Federasyonu&#8217;na (IFB) ba\u011fl\u0131 \u00e7ok say\u0131da cami cemiyeti kat\u0131ld\u0131.<\/p>\n<p>A\u00e7\u0131k Cami G\u00fcn\u00fc&#8217;n\u00fcn haz\u0131rl\u0131klar\u0131 haftalar \u00f6ncesinden ba\u015flam\u0131\u015ft\u0131. B\u00f6ylece ziyaret\u00e7ilerin istifade edebilmeleri i\u00e7in cami tan\u0131t\u0131mlar\u0131, konferanslar, bilgilendirici materyaller haz\u0131rland\u0131. Ayr\u0131ca misafirler T\u00fcrk mutfa\u011f\u0131n\u0131n e\u015fsiz lezzetinden de tatma imk\u00e2n\u0131 buldular.<\/p>\n<p>Almanya&#8217;n\u0131n birle\u015fmesinin 20&#8217;inci y\u0131ld\u00f6n\u00fcm\u00fc kutlamalar\u0131 bu y\u0131l Bremen&#8217;de d\u00fczenlendi. Halkla \u0130li\u015fkiler Sorumlusu Vahit Bilmez, &#8220;Cemiyetlerimizde bu y\u0131lki ziyaret\u00e7i say\u0131s\u0131 ge\u00e7en senelere nazaran biraz daha d\u00fc\u015f\u00fck seviyede oldu. Cumhurba\u015fkan\u0131n\u0131n Almanya&#8217;n\u0131n birle\u015fmesi kutlamalar\u0131 dolay\u0131s\u0131yla Bremen&#8217;de bulunaca\u011f\u0131ndan kat\u0131l\u0131m\u0131n daha az olaca\u011f\u0131n\u0131 bekliyorduk. Buna ra\u011fmen bir yandan A\u00e7\u0131k Cami G\u00fcn\u00fc organizesinin bir gelenek haline gelmesinden dolay\u0131, di\u011fer yandan son zamanlarda \u0130slam \u00fczerine yap\u0131lan olumsuz tart\u0131\u015fmalar\u0131n ziyaret\u00e7ileri ilgilendirmedi\u011fine \u015fahit olmam\u0131zdan \u00f6t\u00fcr\u00fc sevin\u00e7liyiz. Bu manada camileri ziyaret edenler, ger\u00e7ekten kendi d\u00fc\u015f\u00fcncesini olu\u015fturmak isteyenler oluyor&#8221;\u009d \u015feklinde konu\u015ftu. (ya)<\/p>\n","protected":false},"excerpt":{"rendered":"<p>Her y\u0131l oldu\u011fu gibi bu y\u0131l da Bremen \u0130slam Federasyonu (IFB) cemiyetleri A\u00e7\u0131k Cami G\u00fcn\u00fc&#8217;ne kat\u0131ld\u0131lar. Bremen&#8217;de ayr\u0131ca Almanya&#8217;n\u0131n birle\u015fme g\u00fcn\u00fc dolay\u0131s\u0131yla da kutlamalar vard\u0131.<\/p>\n","protected":false},"author":1,"featured_media":0,"comment_status":"open","ping_status":"closed","sticky":false,"template":"","format":"standard","meta":{"ngg_post_thumbnail":0},"categories":[23238,24],"tags":[],"_links":{"self":[{"href":"https:\/\/www.igmg.org\/tr\/wp-json\/wp\/v2\/posts\/10472"}],"collection":[{"href":"https:\/\/www.igmg.org\/tr\/wp-json\/wp\/v2\/posts"}],"about":[{"href":"https:\/\/www.igmg.org\/tr\/wp-json\/wp\/v2\/types\/post"}],"author":[{"embeddable":true,"href":"https:\/\/www.igmg.org\/tr\/wp-json\/wp\/v2\/users\/1"}],"replies":[{"embeddable":true,"href":"https:\/\/www.igmg.org\/tr\/wp-json\/wp\/v2\/comments?post=10472"}],"version-history":[{"count":0,"href":"https:\/\/www.igmg.org\/tr\/wp-json\/wp\/v2\/posts\/10472\/revisions"}],"wp:attachment":[{"href":"https:\/\/www.igmg.org\/tr\/wp-json\/wp\/v2\/media?parent=10472"}],"wp:term":[{"taxonomy":"category","embeddable":true,"href":"https:\/\/www.igmg.org\/tr\/wp-json\/wp\/v2\/categories?post=10472"},{"taxonomy":"post_tag","embeddable":true,"href":"https:\/\/www.igmg.org\/tr\/wp-json\/wp\/v2\/tags?post=10472"}],"curies":[{"name":"wp","href":"https:\/\/api.w.org\/{rel}","templated":true}]}}