{"id":10475,"date":"2010-10-04T09:00:00","date_gmt":"2010-10-04T07:00:00","guid":{"rendered":"https:\/\/www.igmg.org\/?p=10475"},"modified":"2015-02-16T10:45:24","modified_gmt":"2015-02-16T09:45:24","slug":"aa%c2%a7ae%c2%b1k-cami-ga%c2%bcna%c2%bc-2010-ba%c2%bcya%c2%bck-ilgi-ga%c2%b6rda%c2%bc","status":"publish","type":"post","link":"https:\/\/www.igmg.org\/tr\/aa%c2%a7ae%c2%b1k-cami-ga%c2%bcna%c2%bc-2010-ba%c2%bcya%c2%bck-ilgi-ga%c2%b6rda%c2%bc\/","title":{"rendered":"A\u00e7\u0131k Cami G\u00fcn\u00fc 2010 b\u00fcy\u00fck ilgi g\u00f6rd\u00fc"},"content":{"rendered":"<p>A\u00e7\u0131k Cami G\u00fcn\u00fc&#8217;n\u00fcn bir hedefinin de M\u00fcsl\u00fcmanlar ve onlar\u0131n camileri hakk\u0131nda insanlar\u0131 bilgilendirmek oldu\u011fu a\u015fik\u00e2r. Bu anlamda \u00e7ok say\u0131da IGMG cami cemiyeti, \u0130slam ve M\u00fcsl\u00fcmanlar hakk\u0131nda ve ayr\u0131ca M\u00fcsl\u00fcmanlara y\u00f6nelik olumsuz \u00f6nyarg\u0131lar\u0131 k\u0131rmak amac\u0131yla A\u00e7\u0131k Cami G\u00fcn\u00fc&#8217;ne i\u015ftirak ettiler. IGMG A\u00e7\u0131k Cami G\u00fcn\u00fc (TOM) Koordinat\u00f6r\u00fc Ali Mete konuyla ilgili, &#8220;A\u00e7\u0131k Cami G\u00fcn\u00fc&#8217;nde ziyaret\u00e7iler, en \u00f6nemlisi M\u00fcsl\u00fcmanlarla ki\u015fisel kontak kurma imk\u00e2n\u0131 buluyorlar. Kendilerine camilerin \u00e7al\u0131\u015fmalar\u0131 hakk\u0131nda \u015fahsi fikirlerini olu\u015fturma f\u0131rsat\u0131 sunuluyor. Zira \u0130slam&#8217;\u0131n kamuoyundaki olumsuz imaj\u0131n\u0131 ancak b\u00f6yle ki\u015fisel kontaklar sayesinde k\u0131rabiliriz&#8221;\u009d \u015feklinde konu\u015ftu.<\/p>\n<p>Bremen Fatih Camii&#8217;nde yakla\u015f\u0131k 200 ziyaret\u00e7i cami tan\u0131t\u0131mlar\u0131na kat\u0131ld\u0131. Bremen \u015eura Ba\u015fkan\u0131 Mustafa Yavuz da bir cami tan\u0131t\u0131m\u0131na kat\u0131larak ziyaret\u00e7ilerin sorular\u0131n\u0131 yan\u0131tlad\u0131. Berlin&#8217;de ise Mevlana ve Ayasofya Camilerinde kilise temsilcilerinin de kat\u0131ld\u0131\u011f\u0131 b\u00fcy\u00fck programlar yap\u0131ld\u0131.<\/p>\n<p>Ayn\u0131 zamanda \u00e7ok say\u0131da anaokulu gruplar\u0131 IGMG K\u00f6ln B\u00f6lgesi&#8217;ne ba\u011fl\u0131 Br\u00fchl Camii&#8217;ne ziyarette bulunurlarken, K\u00f6ln Barbaros Camii&#8217;nde \u00e7ok faydal\u0131 tart\u0131\u015fmalar yap\u0131ld\u0131. K\u00f6ln B\u00f6lgesi&#8217;nden Yahya Alt\u0131n, &#8220;A\u00e7\u0131k Cami G\u00fcn\u00fc&#8217;n\u00fc de\u011ferlendiren ziyaret\u00e7ilerden tahrik edici sorular da gelmesi sevindirici, \u00e7\u00fcnk\u00fc onlar bunu merak ettiklerinden yap\u0131yor&#8221;\u009d tespitinde bulundu.<\/p>\n<p>Hannover ve Kuzey Ruhr Halkla \u0130li\u015fkiler Sorumlular\u0131 Davut Toklu ve Nihat K\u00f6se, A\u00e7\u0131k Cami G\u00fcn\u00fc&#8217;ne olan ilgiden duyduklar\u0131 memnuniyeti dile getirdiler. \u015eehrin D\u00fcnya K\u00fclt\u00fcr Miras\u0131na ait olan &#8220;Altstadt&#8221;\u009d k\u0131sm\u0131nda bulunan Goslar Camii, belediye ba\u015fkan\u0131 ve \u00e7ok say\u0131da ziyaret\u00e7isini a\u011f\u0131rlarken, Kuzey Ruhr B\u00f6lgesi d\u00e2hilinde Bielefeld ve Osnabr\u00fcck&#8217;de b\u00fcy\u00fck programlar tertip edildi. Bu programlara da ilgili vatanda\u015flar\u0131n yan\u0131 s\u0131ra siyaset ve dini cemaatlerin temsilcileri kat\u0131ld\u0131.<\/p>\n<p>A\u00e7\u0131k Cami G\u00fcn\u00fc&#8217;nde ziyaret\u00e7ilerin programlara kat\u0131lmas\u0131 ve M\u00fcsl\u00fcmanlarla kontak kurmas\u0131n\u0131n yan\u0131 s\u0131ra bilgilendirici materyaller de hizmete sunuldu. Bu y\u0131l Kuran-\u0131 Kerim konulu &#8220;TOM Magazin 2010&#8243;\u009d dergisinin haricinde cami bro\u015f\u00fcrleri ve hadis bro\u015f\u00fcrleri ziyaret\u00e7ilere takdim edildi. (ya)<\/p>\n","protected":false},"excerpt":{"rendered":"<p>3 Ekim g\u00fcn\u00fc organize edilen A\u00e7\u0131k Cami G\u00fcn\u00fc 2010&#8217;a (TOM) binin \u00fczerinde cami cemiyeti i\u015ftirak etti. A\u00e7\u0131k Cami G\u00fcn\u00fc bu y\u0131l &#8220;Kuran &#8211; 1400 y\u0131ld\u0131r akt\u00fcel ve hayat\u0131n i\u00e7inde&#8221;\u009d slogan\u0131yla d\u00fczenlendi. A\u00e7\u0131k Cami G\u00fcn\u00fc&#8217;nde camileri ziyaret eden misafirler, cami tan\u0131t\u0131mlar\u0131, konferanslar ve tart\u0131\u015fmalara kat\u0131lma imk\u00e2n\u0131 buldular. Misafirler ayr\u0131ca \u00e7ay ve pastalar e\u015fli\u011finde M\u00fcsl\u00fcmanlarla sohbet etme f\u0131rsat\u0131n\u0131 yakalad\u0131lar.<\/p>\n","protected":false},"author":1,"featured_media":0,"comment_status":"open","ping_status":"closed","sticky":false,"template":"","format":"standard","meta":{"ngg_post_thumbnail":0},"categories":[23238,24],"tags":[],"_links":{"self":[{"href":"https:\/\/www.igmg.org\/tr\/wp-json\/wp\/v2\/posts\/10475"}],"collection":[{"href":"https:\/\/www.igmg.org\/tr\/wp-json\/wp\/v2\/posts"}],"about":[{"href":"https:\/\/www.igmg.org\/tr\/wp-json\/wp\/v2\/types\/post"}],"author":[{"embeddable":true,"href":"https:\/\/www.igmg.org\/tr\/wp-json\/wp\/v2\/users\/1"}],"replies":[{"embeddable":true,"href":"https:\/\/www.igmg.org\/tr\/wp-json\/wp\/v2\/comments?post=10475"}],"version-history":[{"count":0,"href":"https:\/\/www.igmg.org\/tr\/wp-json\/wp\/v2\/posts\/10475\/revisions"}],"wp:attachment":[{"href":"https:\/\/www.igmg.org\/tr\/wp-json\/wp\/v2\/media?parent=10475"}],"wp:term":[{"taxonomy":"category","embeddable":true,"href":"https:\/\/www.igmg.org\/tr\/wp-json\/wp\/v2\/categories?post=10475"},{"taxonomy":"post_tag","embeddable":true,"href":"https:\/\/www.igmg.org\/tr\/wp-json\/wp\/v2\/tags?post=10475"}],"curies":[{"name":"wp","href":"https:\/\/api.w.org\/{rel}","templated":true}]}}