{"id":10543,"date":"2010-10-27T09:38:00","date_gmt":"2010-10-27T07:38:00","guid":{"rendered":"https:\/\/www.igmg.org\/?p=10543"},"modified":"2015-02-16T10:45:22","modified_gmt":"2015-02-16T09:45:22","slug":"nif-enstita%c2%bcleri-bu-yae%c2%b1l-rotterdam-ve-ossda-da-hizmet-verecek","status":"publish","type":"post","link":"https:\/\/www.igmg.org\/tr\/nif-enstita%c2%bcleri-bu-yae%c2%b1l-rotterdam-ve-ossda-da-hizmet-verecek\/","title":{"rendered":"NIF Enstit\u00fcleri bu y\u0131l Rotterdam ve Oss&#8217;da da hizmet verecek"},"content":{"rendered":"<p><span lang=\"TR\">Den Haag(Lahey)&#039;dan sonra Rotterdam ve Oss&#039;da ba\u015flayan kurslar, \u015fu an bayanlara y\u00f6nelik olmakla birlikte erkekler i\u00e7in de yap\u0131lmas\u0131 d\u00fc\u015f\u00fcn\u00fcl\u00fcyor. <\/span><\/p>\n<p><span lang=\"TR\">Federasyon E\u011fitim Ba\u015fkan\u0131 H\u00fcseyin Yanmaz ve B\u00f6lge Kad\u0131nlar Te\u015fkilat\u0131 E\u011fitim Ba\u015fkan\u0131 Rukiye Erdo\u011fan a\u00e7\u0131l\u0131\u015f programlar\u0131nda konu\u015fmalar yaparak yeni kursiyerlere kursun kurulu\u015f amac\u0131 ve i\u015fleyi\u015fi hakk\u0131nda bilgiler verdiler.<\/span><\/p>\n<p><span lang=\"TR\">Oss kentinde yap\u0131lan a\u00e7\u0131l\u0131\u015fta B\u00f6lge Ba\u015fkan\u0131 Mehmet Yaram\u0131\u015f da haz\u0131r bulundu. Rukiye Erdo\u011fan Oss&#039;daki konu\u015fmas\u0131nda bu e\u011fitimci ve hatibe yeti\u015ftirme projesinin genel merkez taraf\u0131ndan haz\u0131rland\u0131\u011f\u0131n\u0131, bunun da t\u00fcm Avrupa&#039;da e\u011fitimci ve vaize eksikli\u011fi g\u00f6z \u00f6n\u00fcnde bulundurularak yap\u0131ld\u0131\u011f\u0131n\u0131 bildirdi. Erdo\u011fan te\u015fkilatlar\u0131m\u0131z\u0131n eleman konusunda bir s\u0131k\u0131nt\u0131s\u0131n\u0131n olmad\u0131\u011f\u0131n\u0131 var olan e\u011fitimcilerin metod eksikli\u011finden dolay\u0131 g\u00f6rev yapamad\u0131klar\u0131n\u0131 s\u00f6yledi. &#8220;\u00c7ocuklara nas\u0131l yakla\u015f\u0131l\u0131r? gen\u00e7lere nas\u0131l yakla\u015f\u0131l\u0131r? Han\u0131mlar ile nas\u0131l ileti\u015fim kurulur gibi konularda bilgilerinin eksik olmalar\u0131ndan dolay\u0131 g\u00f6rev yapam\u0131yor veya yapm\u0131yorlar&#8221;\u009d diyen Erdo\u011fan enstit\u00fclerin bu a\u00e7\u0131\u011f\u0131 kapatmay\u0131 ama\u00e7lad\u0131\u011f\u0131n\u0131 belitti. Hem pek \u00e7ok han\u0131m\u0131n kendi bilgi eksikli\u011fini tamamlamalar\u0131 a\u00e7\u0131s\u0131ndan hem de \u00e7ocuklar\u0131m\u0131z\u0131 g\u00fcvenle ellerine b\u0131rakabilece\u011fimiz e\u011fitimcilerin yeti\u015febilmesi ad\u0131na bunun bulunmaz bir f\u0131rsat oldu\u011funun alt\u0131n\u0131 \u00e7izdi. Erdo\u011fan Oss kentinde Hatice Kartal&#039;\u0131n bu kursun sorumlusu oldu\u011funu duyurarak s\u00f6zlerini tamlad\u0131. <\/span><\/p>\n<p><span lang=\"TR\">Bilgi sahibi olman\u0131n zor oldu\u011funu bunun i\u00e7in fedakarl\u0131klar\u0131n yap\u0131lmas\u0131 gerekti\u011fini, bununla birlikte payla\u015f\u0131lan bilginin, ba\u015fkalar\u0131na bir faydas\u0131 dokunan bilginin g\u00fczel oldu\u011funu daha da \u00f6nemlisi ya\u015fanan bilginin yani hayat\u0131m\u0131za ge\u00e7irdi\u011fimiz bilginin \u00e7ok \u00f6nemli oldu\u011funu dile getiren H\u00fcseyin Yanmaz ise, 4 y\u0131ll\u0131k bu e\u011fitim program\u0131n\u0131n \u00e7ok cazip oldu\u011funu, sadece haftada bir g\u00fcn 4 saatlik bir program oldu\u011funu ve \u00e7e\u015fitli konularda dersler verilece\u011fini s\u00f6yledi. Yanmaz bu derslerin, Kur&#039;an-\u0131 Kerim, akaid, \u0130slam tarihi, mezhepler tarihi, f\u0131k\u0131h, T\u00fcrk\u00e7e, hadis, hitabet ve e\u011fitim psikolojisi konular\u0131ndan olu\u015ftu\u011funu bildirdi. Her y\u0131l i\u00e7inde \u00fc\u00e7 d\u00f6nem oldu\u011funu ve&nbsp; <\/span>her d\u00f6nem sonunda, yap\u0131lan derslere ili\u015fkin imtihan yap\u0131ld\u0131\u011f\u0131n\u0131 ve her y\u0131l sonunda da sertifika verildi\u011fini s\u00f6yledi. <\/p>\n<p><span lang=\"TR\">B\u00f6lge Ba\u015fkan\u0131 Mehmet Yaram\u0131\u015f ise Oss&#039;da \u00fc\u00e7\u00fcnc\u00fcs\u00fcn\u00fc a\u00e7t\u0131klar\u0131 NIF E\u011fitim Enstit\u00fcs\u00fc&#039;n\u00fcn sadece Oss de\u011fil Uden, Veghel ve Den Bosch&#039;a da hitap edece\u011fini dile getirirken bundan duydu\u011fu memnuniyeti dile getirdi. Bir \u015feye ba\u015flaman\u0131n \u00f6nemli bir ad\u0131m oldu\u011funu s\u00f6yleyen Yaram\u0131\u015f, daha da \u00f6nemli olan\u0131n o i\u015fi sonu\u00e7land\u0131rmak oldu\u011funu s\u00f6yledi. Yaram\u0131\u015f &#8220;\u0130n\u015fallah 4 y\u0131l sonra sizlere burada diplomalar\u0131n\u0131z\u0131 vermek de bize nasip olur&#8221;\u009d dedi. <\/span><\/p>\n<p><span lang=\"TR\">&#8220;Bu e\u011fitim \u00e7al\u0131\u015fmas\u0131n\u0131n kaliteden \u00f6d\u00fcn vermeden devam etmesi konusun y\u0131lmaz takip\u00e7isi olaca\u011f\u0131z&#8221;\u009d diyen Yaram\u0131\u015f e\u011fitim alanlara g\u00fczel bir haber vererek buradan mezun olanlar\u0131n inholland, VU veya Leiden \u00fcniversitelerinden, bunlar\u0131n her hangi birinde <\/span>k\u0131sa bir e\u011fitim ald\u0131ktan sonra resmi e\u011fitimci olmalar\u0131 y\u00f6n\u00fcnde \u00e7al\u0131\u015fmalar\u0131n devam etti\u011fini s\u00f6yledi. Yaram\u0131\u015f son olarak, &#8220;\u00d6nemli olan sizlerin kendinizi yeti\u015ftirmeyi hedef tahtan\u0131za koyman\u0131zd\u0131r bunu yaparsan\u0131z gerisi kendili\u011finden gelir&#8221;\u009d dedi. (ik)<\/p>\n","protected":false},"excerpt":{"rendered":"<p>Hollanda \u0130slam Federasyonu&#8217;nun ge\u00e7en y\u0131l ba\u015flatt\u0131\u011f\u0131 ve 32 \u00f6\u011frencinin Den Haag kentinde devam ederek  ba\u015far\u0131yla ilk y\u0131l\u0131n\u0131 tamamlad\u0131klar\u0131 4 y\u0131ll\u0131k e\u011fitici ve hatibe yeti\u015ftirtiren NIF Enstit\u00fcs\u00fc bu y\u0131l \u00fc\u00e7 ayr\u0131 kentte ba\u015flad\u0131. <\/p>\n","protected":false},"author":1,"featured_media":0,"comment_status":"open","ping_status":"closed","sticky":false,"template":"","format":"standard","meta":{"ngg_post_thumbnail":0},"categories":[23238,24,23255],"tags":[],"_links":{"self":[{"href":"https:\/\/www.igmg.org\/tr\/wp-json\/wp\/v2\/posts\/10543"}],"collection":[{"href":"https:\/\/www.igmg.org\/tr\/wp-json\/wp\/v2\/posts"}],"about":[{"href":"https:\/\/www.igmg.org\/tr\/wp-json\/wp\/v2\/types\/post"}],"author":[{"embeddable":true,"href":"https:\/\/www.igmg.org\/tr\/wp-json\/wp\/v2\/users\/1"}],"replies":[{"embeddable":true,"href":"https:\/\/www.igmg.org\/tr\/wp-json\/wp\/v2\/comments?post=10543"}],"version-history":[{"count":0,"href":"https:\/\/www.igmg.org\/tr\/wp-json\/wp\/v2\/posts\/10543\/revisions"}],"wp:attachment":[{"href":"https:\/\/www.igmg.org\/tr\/wp-json\/wp\/v2\/media?parent=10543"}],"wp:term":[{"taxonomy":"category","embeddable":true,"href":"https:\/\/www.igmg.org\/tr\/wp-json\/wp\/v2\/categories?post=10543"},{"taxonomy":"post_tag","embeddable":true,"href":"https:\/\/www.igmg.org\/tr\/wp-json\/wp\/v2\/tags?post=10543"}],"curies":[{"name":"wp","href":"https:\/\/api.w.org\/{rel}","templated":true}]}}