{"id":10626,"date":"2010-11-11T10:58:00","date_gmt":"2010-11-11T09:58:00","guid":{"rendered":"https:\/\/www.igmg.org\/?p=10626"},"modified":"2015-02-16T10:45:18","modified_gmt":"2015-02-16T09:45:18","slug":"igmg-aoeniversiteler-ba%c2%b6lge-baaykanlarae%c2%b1-toplandae%c2%b1","status":"publish","type":"post","link":"https:\/\/www.igmg.org\/tr\/igmg-aoeniversiteler-ba%c2%b6lge-baaykanlarae%c2%b1-toplandae%c2%b1\/","title":{"rendered":"IGMG \u00dcniversiteler B\u00f6lge Ba\u015fkanlar\u0131 topland\u0131"},"content":{"rendered":"<p><span lang=\"TR\"><\/span><\/p>\n<p>Gen\u00e7lik Te\u015fkilat\u0131 \u00dcniversiteliler Ba\u015fkan\u0131 Celal T\u00fcter a\u00e7\u0131l\u0131\u015f konu\u015fmas\u0131nda, \u00fcniversitelilerin sorumlulu\u011funun b\u00fcy\u00fckl\u00fckl\u00fc\u011f\u00fcnden bahsetti. T\u00fcter, M\u00fcsl\u00fcman toplulu\u011fu etraf\u0131na fayda sa\u011flayan kitle olarak yorumlarken, bunun ancak ba\u015far\u0131l\u0131 bir e\u011fitimden ge\u00e7mi\u015f d\u00fc\u015f\u00fcn\u00fcrlerle m\u00fcmk\u00fcn olabilece\u011fini vurgulad\u0131. B\u00f6lgelerimizin de bu t\u00fcr \u00fcniversitelilerin yeti\u015fmesi i\u00e7in ellerinden gelen gayreti g\u00f6sterme mecburiyetinin bulundu\u011funun alt\u0131n\u0131 \u00e7izdi. Ayn\u0131 zamanda gen\u00e7lerimizin e\u011fitiminin de \u00fcniversiteliler taraf\u0131ndan sa\u011flanmas\u0131 gerekti\u011finin \u00f6nemine i\u015faret eden T\u00fcter,<span lang=\"TR\"><\/span>&quot;Kendimizi alg\u0131lay\u0131\u015f\u0131m\u0131z \u00f6z\u00fcm\u00fcze uygun mu, yoksa d\u0131\u015far\u0131dan m\u0131 kaynaklan\u0131yor?&quot; sorusunun irdelenmesi gerekti\u011fine de\u011findi. \u00c7al\u0131\u015fmalar\u0131n t\u00fcm\u00fcnde zaman\u0131m\u0131z\u0131n \u015fartlar\u0131yla birlikte Kur&#039;an ve S\u00fcnnet&#039;in de dikkate al\u0131nmas\u0131 gerekti\u011fi hususunu hat\u0131rlatt\u0131. <\/p>\n<p>Gen\u00e7lik Te\u015fkilat\u0131 Ba\u015fkan\u0131 Mesud G\u00fclbahar ise son zamanlarda \u0130slam ve M\u00fcsl\u00fcmanlar alg\u0131s\u0131n\u0131n s\u0131k s\u0131k tart\u0131\u015f\u0131ld\u0131\u011f\u0131n\u0131 ve bu sorular\u0131n cevaplar\u0131n\u0131 \u00fcniversitelilerin \u00fcretmeye ba\u015flamalar\u0131 gerekti\u011fini ifade etti. Bu ciddi tart\u0131\u015fmalar\u0131n ve din \u00fczerine siyaset yap\u0131lmas\u0131n\u0131n yan\u0131 s\u0131ra M\u00fcsl\u00fcman \u00fcniversitelilerinin say\u0131s\u0131n\u0131n artmakta oldu\u011funun da sevin\u00e7 verici oldu\u011funu dile getirdi ve \u00e7al\u0131\u015fma yo\u011funluklar\u0131n\u0131n devam\u0131n\u0131 diledi. <\/p>\n<p><span lang=\"TR\"><\/span><\/p>\n<p>IGMG Genel Ba\u015fkan\u0131 Yavuz \u00c7elik Karahan ise konu\u015fmas\u0131nda, Kur&#039;an ve S\u00fcnnet \u00fczerine kurulu de\u011ferlerimizi korumak ve devam ettirmek i\u00e7in en g\u00fczel \u015fekilde \u00e7al\u0131\u015fmaya devam edeceklerini s\u00f6yledi. Karahan, M\u00fcsl\u00fcmanlar\u0131n Peygamberimizin g\u00fczel ahlak\u0131ndan uzakla\u015fmadan organize olmalar\u0131 gerekti\u011fini vurgularken, kaliteli i\u015f yapacak insanlar\u0131n arand\u0131\u011f\u0131na da dikkat \u00e7ekti.<\/p>\n<p>Daha sonra Tan\u0131tma Komisyonu&#039;nun \u00dcniversiteliler B\u00f6lge Ba\u015fkanlar\u0131na tavsiyeleri oldu. Sempozyum ve \u00dcniversiteliler G\u00fcn\u00fc hakk\u0131nda bilgi verildi. Ayr\u0131ca E\u011fitim Komisyonu da \u00f6zel e\u011fitim \u00e7al\u0131\u015fmalar\u0131 ve yak\u0131nda ger\u00e7ekle\u015ftirilecek UNIYES hakk\u0131nda detaylar\u0131 aktard\u0131lar. <\/p>\n<p>Te\u015fkilatlanma Komisyonu ise hem i\u015f takibine yer verirken, hem de \u00dcniversiteliler B\u00f6lge Ba\u015fkanlar\u0131&#039;n\u0131n sorunlar\u0131n\u0131 dile getirebilmeleri i\u00e7in \u00f6zel zaman ay\u0131rd\u0131. Yeni bir \u00e7al\u0131\u015fma olarak da t\u00fcm b\u00f6lgelerde makale kaleme alabilecek veya bulunduklar\u0131 b\u00f6lgelerde seminer verebilecek \u00fcniversitelilere ula\u015fma hamlesi ba\u015flat\u0131laca\u011f\u0131 duyuruldu.(ik)<\/p>\n<p><span lang=\"TR\"><\/span><\/p>\n","protected":false},"excerpt":{"rendered":"<p>IGMG Gen\u00e7lik Te\u015fkilat\u0131 \u00dcniversiteliler B\u00f6lge Ba\u015fkanlar\u0131 Toplant\u0131s\u0131, Kerpen&#8217;de ger\u00e7ekle\u015ftirildi. Yeni d\u00f6nemin ilk bulu\u015fmas\u0131na 25 b\u00f6lgeden kat\u0131lan \u00fcniversiteliler ba\u015fkanlar\u0131, e\u011fitim, te\u015fkilatlanma ve tan\u0131tma alanlar\u0131nda kendi b\u00f6lgelerini ileriye ta\u015f\u0131mak i\u00e7in at\u0131lmas\u0131 gereken ad\u0131mlar\u0131 g\u00f6r\u00fc\u015ft\u00fcler.<\/p>\n","protected":false},"author":1,"featured_media":0,"comment_status":"open","ping_status":"closed","sticky":false,"template":"","format":"standard","meta":{"ngg_post_thumbnail":0},"categories":[23238,24,23259],"tags":[],"_links":{"self":[{"href":"https:\/\/www.igmg.org\/tr\/wp-json\/wp\/v2\/posts\/10626"}],"collection":[{"href":"https:\/\/www.igmg.org\/tr\/wp-json\/wp\/v2\/posts"}],"about":[{"href":"https:\/\/www.igmg.org\/tr\/wp-json\/wp\/v2\/types\/post"}],"author":[{"embeddable":true,"href":"https:\/\/www.igmg.org\/tr\/wp-json\/wp\/v2\/users\/1"}],"replies":[{"embeddable":true,"href":"https:\/\/www.igmg.org\/tr\/wp-json\/wp\/v2\/comments?post=10626"}],"version-history":[{"count":0,"href":"https:\/\/www.igmg.org\/tr\/wp-json\/wp\/v2\/posts\/10626\/revisions"}],"wp:attachment":[{"href":"https:\/\/www.igmg.org\/tr\/wp-json\/wp\/v2\/media?parent=10626"}],"wp:term":[{"taxonomy":"category","embeddable":true,"href":"https:\/\/www.igmg.org\/tr\/wp-json\/wp\/v2\/categories?post=10626"},{"taxonomy":"post_tag","embeddable":true,"href":"https:\/\/www.igmg.org\/tr\/wp-json\/wp\/v2\/tags?post=10626"}],"curies":[{"name":"wp","href":"https:\/\/api.w.org\/{rel}","templated":true}]}}