{"id":10654,"date":"2010-11-15T09:30:00","date_gmt":"2010-11-15T08:30:00","guid":{"rendered":"https:\/\/www.igmg.org\/?p=10654"},"modified":"2015-02-16T10:45:18","modified_gmt":"2015-02-16T09:45:18","slug":"aerayad-a%c2%a7adae%c2%b1rlarae%c2%b1-hacae%c2%b1lara-manevi-destek-ve-eaeyitim-sunuyor","status":"publish","type":"post","link":"https:\/\/www.igmg.org\/tr\/aerayad-a%c2%a7adae%c2%b1rlarae%c2%b1-hacae%c2%b1lara-manevi-destek-ve-eaeyitim-sunuyor\/","title":{"rendered":"\u0130r\u015fad \u00e7ad\u0131rlar\u0131 hac\u0131lara manevi destek ve e\u011fitim sunuyor"},"content":{"rendered":"<p>\u0130r\u015fad \u00e7al\u0131\u015fmalar\u0131 bayram sonras\u0131nda da devam edecek. Kafileleri taraf\u0131ndan se\u00e7ilmi\u015f hoca efendiler taraf\u0131ndan y\u00fcr\u00fct\u00fclen bu \u00e7al\u0131\u015fmalarda her gece farkl\u0131 konularda dinletiler ger\u00e7ekle\u015ftiriliyor. Peygamber Efendimizin hayat\u0131ndan kesitler, aile yap\u0131s\u0131 ve evlat sevgisi, kar\u0131-koca ili\u015fkileri, ailede e\u011fitimin \u00f6nemi, din ve aile hayat\u0131 gibi konular i\u015flenerek haf\u0131zalarda arka planda kalm\u0131\u015f, unutulmaya b\u0131rak\u0131lm\u0131\u015f uygulamalar\u0131n, bilgilerin tekrar su y\u00fcz\u00fcne \u00e7\u0131kmas\u0131 sa\u011flan\u0131yor. Bu sayede toplumu olu\u015fturan en k\u00fc\u00e7\u00fck bireyin dahi daha sa\u011flam ve sars\u0131lmaz temeller \u00fczerine hayat\u0131na devam etmesi hedefleniyor. <\/p>\n<p>Bayrama yakla\u015fm\u0131\u015f olunmas\u0131, ir\u015fad programlar\u0131na olan ilgiyi artt\u0131rd\u0131. \u0130r\u015fad \u00e7ad\u0131r\u0131n\u0131n konuklar\u0131ndan biri de bir\u00e7ok ki\u015fi taraf\u0131ndan tan\u0131nan \u00d6mer D\u00f6ngelo\u011flu idi. D\u00f6ngelo\u011flu yapm\u0131\u015f oldu\u011fu konu\u015fmas\u0131nda Peygamber Efendimiz (sav)&#8217;in m\u00fcbarek hayat\u0131ndan kesitler sunarak dinleyecilere duygulu anlar ya\u015fatt\u0131. Dinletisinde asr\u0131 saadette efedimizin k\u0131zlar\u0131n\u0131n ya\u015fam\u0131\u015f olduklar\u0131 sorunlar\u0131, \u00e7ileleri, u\u011fram\u0131\u015f olduklar\u0131 haks\u0131z muamelere de\u011finen D\u00f6ngelo\u011flu, Peygamberimizin bir baba olarak da ya\u015fam\u0131\u015f oldu\u011fu sorunlar\u0131 aktard\u0131. <\/p>\n<p>Peygamberimizin d\u00fcn\u00fcrlerinden ve ayr\u0131ca 3. Halifemiz olan Hz. Osman&#8217;\u0131n ki\u015fili\u011fi, duru\u015fu ve ahkalk\u0131 ile ilgili kesitler aktaran D\u00f6ngelo\u011flu, M\u00fcsl\u00fcman kimli\u011finin y\u00fck\u00fcml\u00fcl\u00fcklerini dile getirdi. Program gecenin ileleyen saatlerinde salat-u selamlar ve tekbirler e\u015fli\u011finde son buldu.(ik)<\/p>\n","protected":false},"excerpt":{"rendered":"<p>IGMG Hac  ve Umre Seyahat \u015eirketi Arafat \u00e7al\u0131\u015fmalar\u0131n\u0131 h\u0131zland\u0131rd\u0131. \u015eirket, hac\u0131 adaylar\u0131n\u0131 kutsal topraklara getirerek umrelerini yapt\u0131rd\u0131ktan sonra, ara vermeden Arafat i\u00e7in \u00f6n \u00e7al\u0131\u015fmalar\u0131 h\u0131zland\u0131rd\u0131. Bu ba\u011flamda kurulan ir\u015fad \u00e7ad\u0131rlar\u0131 her ak\u015fam farkl\u0131 konularda ir\u015fadi e\u011fitim vererek, hac\u0131lar\u0131n manevi olarak haz\u0131rlanmas\u0131n\u0131 sa\u011fl\u0131yor. <\/p>\n","protected":false},"author":1,"featured_media":0,"comment_status":"open","ping_status":"closed","sticky":false,"template":"","format":"standard","meta":{"ngg_post_thumbnail":0},"categories":[23238,24],"tags":[],"_links":{"self":[{"href":"https:\/\/www.igmg.org\/tr\/wp-json\/wp\/v2\/posts\/10654"}],"collection":[{"href":"https:\/\/www.igmg.org\/tr\/wp-json\/wp\/v2\/posts"}],"about":[{"href":"https:\/\/www.igmg.org\/tr\/wp-json\/wp\/v2\/types\/post"}],"author":[{"embeddable":true,"href":"https:\/\/www.igmg.org\/tr\/wp-json\/wp\/v2\/users\/1"}],"replies":[{"embeddable":true,"href":"https:\/\/www.igmg.org\/tr\/wp-json\/wp\/v2\/comments?post=10654"}],"version-history":[{"count":0,"href":"https:\/\/www.igmg.org\/tr\/wp-json\/wp\/v2\/posts\/10654\/revisions"}],"wp:attachment":[{"href":"https:\/\/www.igmg.org\/tr\/wp-json\/wp\/v2\/media?parent=10654"}],"wp:term":[{"taxonomy":"category","embeddable":true,"href":"https:\/\/www.igmg.org\/tr\/wp-json\/wp\/v2\/categories?post=10654"},{"taxonomy":"post_tag","embeddable":true,"href":"https:\/\/www.igmg.org\/tr\/wp-json\/wp\/v2\/tags?post=10654"}],"curies":[{"name":"wp","href":"https:\/\/api.w.org\/{rel}","templated":true}]}}