{"id":10957,"date":"2011-01-09T09:55:00","date_gmt":"2011-01-09T08:55:00","guid":{"rendered":"https:\/\/www.igmg.org\/?p=10957"},"modified":"2015-02-16T10:45:10","modified_gmt":"2015-02-16T09:45:10","slug":"berlin-gena%c2%a7lerinden-aeoehakka-doaeyruae%c2%9d-gecesi","status":"publish","type":"post","link":"https:\/\/www.igmg.org\/tr\/berlin-gena%c2%a7lerinden-aeoehakka-doaeyruae%c2%9d-gecesi\/","title":{"rendered":"Berlin gen\u00e7lerinden &#8220;Hakka do\u011fru&#8221;\u009d gecesi"},"content":{"rendered":"<p>A\u00e7\u0131l\u0131\u015f Avrupa Kur&#8217;an-\u0131 Kerim okuma birincisi Fatih K\u00fc\u00e7\u00fck&#8217;\u00fcn Kur&#8217;an-\u0131 Kerim tilaveti ile ba\u015flad\u0131. Gecede Berlin Sultan Abdulhamid Gen\u00e7lik Ba\u015fkan\u0131 Necmeddin \u00d6zcelik IGMG Berlin B\u00f6lge Gen\u00e7lik Ba\u015fkan\u0131 Said Jurnal ve IGMG Berlin B\u00f6lge Ba\u015fkanvekili Mustafa A\u015fk\u0131n Kara&#8217;n\u0131n selamlama konu\u015fmalar\u0131n\u0131n ard\u0131ndan, Hasan Dursun ve saz ekibi unutulmayacak bir konser vererek kulaklar\u0131n pas\u0131n\u0131 sildi. <\/p>\n<p>Semazen g\u00f6sterisinin ard\u0131ndan sahnede kendisini tan\u0131tarak \u015fovuna ba\u015flayan Recep Demirkaynak, izleyicileri g\u00fcld\u00fcr\u00fcrken bir \u00e7ok mesaj da verdi. Demirkaynak \u00f6zellikle gen\u00e7 izleyiciler i\u00e7in, yabanc\u0131la\u015fma \u00f6zentisiyle ortaya \u00e7\u0131kan baz\u0131 davran\u0131\u015flar\u0131 ne\u015feli bir s\u00f6yle\u015fiyle g\u00f6zler \u00f6n\u00fcne serdi.<\/p>\n<p>T\u00fcrkiye&#8217;den programa davet edilen \u00d6mer D\u00f6ngelo\u011flu &nbsp;ise Peygamberimizim hayat\u0131ndan \u00f6rnekler verdi. Yakla\u015f\u0131k 1,5 saat performans\u0131n\u0131 hi\u00e7 kaybetmeden co\u015fkulu ve duygulu bir \u015fekilde konu\u015fmas\u0131n\u0131 yapan D\u00f6ngelo\u011flu, salonda ger\u00e7ekten Asr-\u0131 Saadet havas\u0131 estirdi. \u00d6mer D\u00f6ngelo\u011flu&#8217;nun kendine has i\u00e7ten, duygu y\u00fckl\u00fc usl\u00fcbuyla Rasulullah Efendimiz ve Sahabe-i Kiram hayatlar\u0131yla ilgili misaller sunmas\u0131yla manevi hava doru\u011fa ula\u015ft\u0131. Yakla\u015f\u0131k be\u015f saat s\u00fcren program\u0131n sonunda, programda eme\u011fi ge\u00e7enlere te\u015fekk\u00fcr edilerek, g\u00fcl takdim edildi.(ik)<\/p>\n","protected":false},"excerpt":{"rendered":"<p>IGMG Berlin Sultan Abdulhamid gen\u00e7lerinin ilk defa d\u00fczenlemi\u015f oldu\u011fu &#8220;Hakka do\u011fru&#8221;\u009d gecesine Berlinliler yo\u011fun ilgi g\u00f6sterdiler. Stand-upc\u0131 Recep Demirkaynak, ilahileri ile Hasan Dursun ve ilahiyatc\u0131 \u00d6mer D\u00f6ngelo\u011flu programa renk katt\u0131lar.<\/p>\n","protected":false},"author":1,"featured_media":0,"comment_status":"open","ping_status":"closed","sticky":false,"template":"","format":"standard","meta":{"ngg_post_thumbnail":0},"categories":[23238,24,23259],"tags":[],"_links":{"self":[{"href":"https:\/\/www.igmg.org\/tr\/wp-json\/wp\/v2\/posts\/10957"}],"collection":[{"href":"https:\/\/www.igmg.org\/tr\/wp-json\/wp\/v2\/posts"}],"about":[{"href":"https:\/\/www.igmg.org\/tr\/wp-json\/wp\/v2\/types\/post"}],"author":[{"embeddable":true,"href":"https:\/\/www.igmg.org\/tr\/wp-json\/wp\/v2\/users\/1"}],"replies":[{"embeddable":true,"href":"https:\/\/www.igmg.org\/tr\/wp-json\/wp\/v2\/comments?post=10957"}],"version-history":[{"count":0,"href":"https:\/\/www.igmg.org\/tr\/wp-json\/wp\/v2\/posts\/10957\/revisions"}],"wp:attachment":[{"href":"https:\/\/www.igmg.org\/tr\/wp-json\/wp\/v2\/media?parent=10957"}],"wp:term":[{"taxonomy":"category","embeddable":true,"href":"https:\/\/www.igmg.org\/tr\/wp-json\/wp\/v2\/categories?post=10957"},{"taxonomy":"post_tag","embeddable":true,"href":"https:\/\/www.igmg.org\/tr\/wp-json\/wp\/v2\/tags?post=10957"}],"curies":[{"name":"wp","href":"https:\/\/api.w.org\/{rel}","templated":true}]}}