{"id":11049,"date":"2011-01-31T10:00:00","date_gmt":"2011-01-31T09:00:00","guid":{"rendered":"https:\/\/www.igmg.org\/?p=11049"},"modified":"2015-02-16T10:45:07","modified_gmt":"2015-02-16T09:45:07","slug":"rhein-neckar-saar-ba%c2%b6lgesi-gena%c2%a7leri-ia%c2%a7in-eaeyitim-kampae%c2%b1","status":"publish","type":"post","link":"https:\/\/www.igmg.org\/tr\/rhein-neckar-saar-ba%c2%b6lgesi-gena%c2%a7leri-ia%c2%a7in-eaeyitim-kampae%c2%b1\/","title":{"rendered":"Rhein Neckar Saar B\u00f6lgesi gen\u00e7leri i\u00e7in e\u011fitim kamp\u0131"},"content":{"rendered":"<p>B\u00f6lge gen\u00e7li\u011fi y\u00f6netim kurulu i\u00e7in ger\u00e7ekle\u015ftirilen yat\u0131l\u0131 e\u011fitim toplant\u0131s\u0131 \u00e7ok verimli ge\u00e7ti. \u0130lk g\u00fcn sabah 8&#8217;de ba\u015flayan toplant\u0131 \u00fc\u00e7\u00fcnc\u00fc g\u00fcn saat:11&#8217;e kadar devam etti. Program okunan Kur&#8217;an-\u0131 Kerim ile ba\u015flad\u0131. B\u00f6lge Te\u015fkilatlanma Ba\u015fkan\u0131 \u0130brahim K\u00f6ro\u011flu&#8217;nun g\u00fcndemi takdimi ve selamlama konu\u015fmas\u0131 ile devam etti.<\/p>\n<p>B\u00f6lge Ba\u015fkan\u0131 Murat Sa\u011fd\u0131\u00e7&#8217;\u0131n a\u00e7\u0131l\u0131\u015f konu\u015fmas\u0131 ve seminerinden sonra birimler s\u0131ra ile kendi birimleri hakk\u0131nda haz\u0131rlad\u0131klar\u0131 \u00e7al\u0131\u015fmalar\u0131 ve hedefledikleri faaliyetleri ayr\u0131nt\u0131l\u0131 bir \u015fekilde i\u00e7eren g\u00f6r\u00fcnt\u00fcl\u00fc seminerleri sundular.<\/p>\n<p>IGMG Rhein Neckar Saar B\u00f6lgesi&#8217;nin te\u015fkilat meseleleri, cemiyetlerde \u00f6\u011frenim g\u00f6ren \u00f6\u011frenci ve gen\u00e7li\u011fin e\u011fitimi, tan\u0131t\u0131m ve sosyal hizmetler faaliyetleri ve idari mekanizman\u0131n daha efektif ve verimli hay\u0131rl\u0131 \u00e7al\u0131\u015fmalar yap\u0131p daha \u00e7ok insana daha \u00e7ok hizmet g\u00f6t\u00fcrmesi gibi bir\u00e7ok konu ve meseleler ayr\u0131nt\u0131l\u0131 bir \u015fekilde g\u00f6r\u00fc\u015f\u00fcld\u00fc. Programda k\u00fclt\u00fcr ve spor faaliyetleri de yer ald\u0131.&nbsp;<\/p>\n<p>Yat\u0131l\u0131 e\u011fitim kamp\u0131nda uygulanan ba\u015far\u0131l\u0131 \u00fc\u00e7 g\u00fcnl\u00fck \u00e7al\u0131\u015fman\u0131n sonunda B\u00f6lge Ba\u015fkan\u0131 Murat Sa\u011fd\u0131\u00e7 bir durum de\u011ferlendirme konu\u015fmas\u0131 yapt\u0131. Murat Sa\u011fd\u0131\u00e7 b\u00f6lge gen\u00e7lik y\u00f6netim kurulu \u00fcyelerine y\u00f6nelik bir te\u015fekk\u00fcr konu\u015fmas\u0131 yaparak,&nbsp; kat\u0131l\u0131m i\u00e7in g\u00f6sterdikleri emek ve yapt\u0131klar\u0131 g\u00fczel \u00e7al\u0131\u015fmalardan dolay\u0131 kendilerine ayr\u0131 ayr\u0131 te\u015fekk\u00fcr etti ve ba\u015far\u0131lar\u0131n\u0131n devam\u0131n\u0131 diledi. Program okunan Kur&#8217;an-\u0131 Kerim ile son buldu.(ik)<\/p>\n","protected":false},"excerpt":{"rendered":"<p>IGMG Rhein Neckar Saar B\u00f6lgesi Gen\u00e7lik Y\u00f6netim Kurulu \u00dcyeleri  B\u00f6lge Ba\u015fkan\u0131 Murat Sa\u011fd\u0131\u00e7 ba\u015fkanl\u0131\u011f\u0131nda Dahn \u015fehrinde yat\u0131l\u0131 e\u011fitim kamp\u0131 ger\u00e7ekle\u015ftirdi.<\/p>\n","protected":false},"author":1,"featured_media":0,"comment_status":"open","ping_status":"closed","sticky":false,"template":"","format":"standard","meta":{"ngg_post_thumbnail":0},"categories":[23238,24,23259],"tags":[],"_links":{"self":[{"href":"https:\/\/www.igmg.org\/tr\/wp-json\/wp\/v2\/posts\/11049"}],"collection":[{"href":"https:\/\/www.igmg.org\/tr\/wp-json\/wp\/v2\/posts"}],"about":[{"href":"https:\/\/www.igmg.org\/tr\/wp-json\/wp\/v2\/types\/post"}],"author":[{"embeddable":true,"href":"https:\/\/www.igmg.org\/tr\/wp-json\/wp\/v2\/users\/1"}],"replies":[{"embeddable":true,"href":"https:\/\/www.igmg.org\/tr\/wp-json\/wp\/v2\/comments?post=11049"}],"version-history":[{"count":0,"href":"https:\/\/www.igmg.org\/tr\/wp-json\/wp\/v2\/posts\/11049\/revisions"}],"wp:attachment":[{"href":"https:\/\/www.igmg.org\/tr\/wp-json\/wp\/v2\/media?parent=11049"}],"wp:term":[{"taxonomy":"category","embeddable":true,"href":"https:\/\/www.igmg.org\/tr\/wp-json\/wp\/v2\/categories?post=11049"},{"taxonomy":"post_tag","embeddable":true,"href":"https:\/\/www.igmg.org\/tr\/wp-json\/wp\/v2\/tags?post=11049"}],"curies":[{"name":"wp","href":"https:\/\/api.w.org\/{rel}","templated":true}]}}