{"id":11387,"date":"2011-05-02T12:38:00","date_gmt":"2011-05-02T10:38:00","guid":{"rendered":"https:\/\/www.igmg.org\/?p=11387"},"modified":"2015-02-16T10:44:59","modified_gmt":"2015-02-16T09:44:59","slug":"dara%c2%bcael-erkamaeda-gena%c2%a7lik-gecesi","status":"publish","type":"post","link":"https:\/\/www.igmg.org\/tr\/dara%c2%bcael-erkamaeda-gena%c2%a7lik-gecesi\/","title":{"rendered":"Dar\u00fc&#8217;l-Erkam&#8217;da gen\u00e7lik gecesi"},"content":{"rendered":"<p>IGMG Hac ve Umre organizasyonunun bu y\u0131lki program\u0131na IGMG Gen\u00e7lik Te\u015fkilat\u0131 ayr\u0131 bir zenginlik katt\u0131. Umre organizasyonu ve koordinesinde \u00f6nemli rol oynayan gen\u00e7lik te\u015fkilat\u0131 bu \u00e7er\u00e7evede Dar\u00fc&#8217;l-Erkam&#8217;da g\u00fcnl\u00fck d\u00fczenledi\u011fi ak\u015fam sohbetlerini bir gen\u00e7lik gecesiyle s\u00fcsledi.<\/p>\n<p>\u0130smail Karad\u00f6l&#8217;\u00fcn sunuculu\u011funu yapt\u0131\u011f\u0131 gen\u00e7lik gecesi Muammer Mu\u015flu&#8217;nun okudu\u011fu Kur&#8217;an-\u0131 Kerim ve IGMG Gen\u00e7lik Te\u015fkilat\u0131 Ba\u015fkan\u0131 Mesud G\u00fclbahar&#8217;\u0131n selamlama konu\u015fmas\u0131yla ba\u015flad\u0131. G\u00fclbahar konu\u015fmas\u0131nda gen\u00e7lere, <i><i><i>&#8220;G\u00f6revimizin sadece bildi\u011fimizi ya\u015famak ve bunu aktarmak olmad\u0131\u011f\u0131n\u0131 unutmamal\u0131y\u0131z. As\u0131l \u00f6nemli olan dosdo\u011fru insanlar olmam\u0131z. Ancak bu \u015fekilde gen\u00e7lerin kalplerini kazanabiliriz&#8221;\u009d<\/i><\/i><\/i> \u015feklinde konu\u015ftu.<\/p>\n<p>Geceye misafir konu\u015fmac\u0131 olarak kat\u0131lan ve Mekke \u00dcniversitesi&#8217;nde dersler verip Mekke ve Medine \u00fczerine bir kitab\u0131 bulunan Dr. Necati \u00d6zt\u00fcrk, konu\u015fmas\u0131nda Mekke ve Medine&#8217;nin \u00f6zellikle de Kabe&#8217;nin tarihini anlatt\u0131. Dr. Necati \u00d6zt\u00fcrk, Ramazan ay\u0131 ve Cuma g\u00fcn\u00fc gibi zaman i\u00e7erisinde ayr\u0131ca de\u011fer verdi\u011fimiz d\u00f6nemler oldu\u011fu gibi, Mekke ve Medine gibi ayr\u0131ca de\u011fer verdi\u011fimiz mekanlar\u0131n da bulundu\u011funu belirtirken, <i>&#8220;Hac\u0131lar Allah&#8217;\u0131n (cc) misafirleridir ve Allah (cc) taraf\u0131ndan o \u015fekilde kabul edilir, nas\u0131l iyi bir ev sahibi misafirine misafirperveklik g\u00f6sterirse, Allah da (cc) kendi evini ziyarete gelenlerin ellerini bo\u015f \u00e7evirmez. Bunlar Allah&#8217;\u0131n (cc) rahmetine nail olurlar ve g\u00fcnahlar\u0131 ba\u011f\u0131\u015flan\u0131r&#8221;\u009d<\/i> \u015feklinde konu\u015ftu.<\/p>\n<p>Avrupa&#8217;n\u0131n farkl\u0131 \u00fclkelerinden gelen ilahi guruplar\u0131 ve gen\u00e7 k\u00e2r\u00eelerin zenginle\u015ftirdi\u011fi gecenin sonunda IGMG Hac ve Umre Sorumlusu Hakk\u0131 \u00c7ift\u00e7i s\u00f6z alarak gen\u00e7lik te\u015fkilat\u0131 y\u00f6netimine ve eme\u011fi ge\u00e7en herkese desteklerinden dolay\u0131 te\u015fekk\u00fcr etti. \u00c7ift\u00e7i Mekke&#8217;deki bu ilk gen\u00e7lik gecesinin tekrarlanmas\u0131 arzusunu da dile getirdi. (ya)<\/p>\n","protected":false},"excerpt":{"rendered":"<p>IGMG Gen\u00e7lik Te\u015fkilat\u0131 Dar\u00fc&#8217;l-Erkam&#8217;da bir gen\u00e7lik gecesi d\u00fczenledi. Y\u00fczlerce gencin kat\u0131ld\u0131\u011f\u0131 programda Dr. Necati \u00d6zt\u00fcrk bir konferans verdi.<\/p>\n","protected":false},"author":1,"featured_media":0,"comment_status":"open","ping_status":"closed","sticky":false,"template":"","format":"standard","meta":{"ngg_post_thumbnail":0},"categories":[23238,24,23259],"tags":[],"_links":{"self":[{"href":"https:\/\/www.igmg.org\/tr\/wp-json\/wp\/v2\/posts\/11387"}],"collection":[{"href":"https:\/\/www.igmg.org\/tr\/wp-json\/wp\/v2\/posts"}],"about":[{"href":"https:\/\/www.igmg.org\/tr\/wp-json\/wp\/v2\/types\/post"}],"author":[{"embeddable":true,"href":"https:\/\/www.igmg.org\/tr\/wp-json\/wp\/v2\/users\/1"}],"replies":[{"embeddable":true,"href":"https:\/\/www.igmg.org\/tr\/wp-json\/wp\/v2\/comments?post=11387"}],"version-history":[{"count":0,"href":"https:\/\/www.igmg.org\/tr\/wp-json\/wp\/v2\/posts\/11387\/revisions"}],"wp:attachment":[{"href":"https:\/\/www.igmg.org\/tr\/wp-json\/wp\/v2\/media?parent=11387"}],"wp:term":[{"taxonomy":"category","embeddable":true,"href":"https:\/\/www.igmg.org\/tr\/wp-json\/wp\/v2\/categories?post=11387"},{"taxonomy":"post_tag","embeddable":true,"href":"https:\/\/www.igmg.org\/tr\/wp-json\/wp\/v2\/tags?post=11387"}],"curies":[{"name":"wp","href":"https:\/\/api.w.org\/{rel}","templated":true}]}}