{"id":11395,"date":"2011-05-04T10:00:00","date_gmt":"2011-05-04T08:00:00","guid":{"rendered":"https:\/\/www.igmg.org\/?p=11395"},"modified":"2015-02-16T10:44:58","modified_gmt":"2015-02-16T09:44:58","slug":"hollandalae%c2%b1-ka%c2%bca%c2%a7a%c2%bcklerden-sure-okuma-ve-meal-yarae%c2%b1aymasae%c2%b1","status":"publish","type":"post","link":"https:\/\/www.igmg.org\/tr\/hollandalae%c2%b1-ka%c2%bca%c2%a7a%c2%bcklerden-sure-okuma-ve-meal-yarae%c2%b1aymasae%c2%b1\/","title":{"rendered":"Hollandal\u0131 k\u00fc\u00e7\u00fcklerden sure okuma ve meal  yar\u0131\u015fmas\u0131"},"content":{"rendered":"<p>17 Nisan Pazar g\u00fcn\u00fc Schiedam Merkez Camii salonunda&nbsp; yap\u0131lan yar\u0131\u015fma velilerin y\u00fcz\u00fcn\u00fc g\u00fcld\u00fcrd\u00fc. Duygulu anlar\u0131n ya\u015fand\u0131\u011f\u0131 program\u0131n j\u00fcri masas\u0131nda B\u00f6lge Vaizi Mustafa \u00dcrgen\u00e7, E\u011fitim Ba\u015fkan\u0131 H\u00fcseyin Yanmaz ve Zekeriya Budak yer ald\u0131lar. \u0130r\u015fad Ba\u015fkan\u0131 Ahmet Y\u0131lmaz&#8217;\u0131n sundu\u011fu&nbsp; program saat 12:00&#8217;de ba\u015flad\u0131 ve yakla\u015f\u0131k iki saat s\u00fcrd\u00fc. K\u0131z \u00e7ocuklar\u0131 ve erkek \u00e7ocuklar\u0131 ayr\u0131 ayr\u0131 yar\u0131\u015ft\u0131lar ve hayli \u00e7eki\u015fmeli bir yar\u0131\u015fma sergilediler. <\/p>\n<p>Kad\u0131nlar Te\u015fkilat\u0131 Ba\u015fkan\u0131 Bedia Karademir ve B\u00f6lge Ba\u015fkan\u0131 Mehmet Yaram\u0131\u015f k\u0131sa birer konu\u015fma yapt\u0131lar. Karademir \u00c7ocuk Kul\u00fcb\u00fc Ba\u015fkan\u0131 Esma Taner ve y\u00f6netimindeki di\u011fer arkada\u015flar\u0131na b\u00f6yle \u00f6nemli ve g\u00fczel bir yar\u0131\u015fmay\u0131 d\u00fczenledikleri i\u00e7in te\u015fekk\u00fcr etti. Karademir 15 May\u0131s&#8217;ta yap\u0131lacak olan \u00e7ocuk \u015fenli\u011finin de \u00e7ok g\u00f6rkemli olaca\u011f\u0131n\u0131 umdu\u011funu belirtirken bu vesileyle velilerin hi\u00e7bir mazeretin ard\u0131na s\u0131\u011f\u0131nmadan bu yar\u0131\u015fmaya mutlaka gelerek katk\u0131da bulunmalar\u0131n\u0131 istedi. &nbsp;<\/p>\n<p>Yaram\u0131\u015f&nbsp; g\u00f6rd\u00fc\u011f\u00fc bu &nbsp;manzara kar\u015f\u0131s\u0131nda son derece memnun oldu\u011funu dile getirirken &#8220;Bizim ne ile u\u011fra\u015ft\u0131\u011f\u0131m\u0131z\u0131 merak edenler l\u00fctfedip gelip g\u00f6rs\u00fcnler, i\u015fte netice ortadad\u0131r&#8221;\u009d diyerek duygular\u0131n\u0131 dile getirdi. Bu yar\u0131\u015fmaya kat\u0131lmayan cemiyetlere ele\u015ftiri oklar\u0131n\u0131 y\u00f6nelten Yaram\u0131\u015f, &nbsp;hi\u00e7bir mazeretin \u00e7ocuklar\u0131m\u0131z\u0131n \u00f6\u011frenece\u011fi &nbsp;Kur&#8217;an&#8217;\u0131n engellenmesinde ge\u00e7erli olamayaca\u011f\u0131n\u0131 ifade etti. Yaram\u0131\u015f yar\u0131\u015fmaya kat\u0131lan t\u00fcm \u00e7ocuklar\u0131 pe\u015finen birinci ilan ederek onlar\u0131 ve hocalar\u0131n\u0131 kutlad\u0131 cemiyetlerine te\u015fekk\u00fcr etti. Birincilere 100&#8217;er , ikincilere 75&#8217;er ve \u00fc\u00e7\u00fcnc\u00fclere 50&#8217;er euro para \u00f6d\u00fcl\u00fc di\u011fer t\u00fcm yar\u0131\u015fmac\u0131lara da kitap kalem t\u00fcr\u00fc hediyeler verildi. <\/p>\n<p>T\u00fcm \u00e7ocuklar yar\u0131\u015fmaya kat\u0131ld\u0131klar\u0131 i\u00e7in pe\u015finen birinci ilan edildi ama yine de motivasyonu art\u0131rmak i\u00e7in bir puanlama yap\u0131ld\u0131 ve bu sonuca g\u00f6re k\u0131zlardan birincili\u011fi Den Haag Cemiyetinden Nuseyra Nur Y\u0131lmaz, ikincili\u011fi Schiedam&#8217;dan Vahide Bayraktar, \u00fc\u00e7\u00fcnc\u00fcl\u00fc\u011f\u00fc ise Eindhoven Mevlana&#8217;dan Evra Altun kazand\u0131. Erkek \u00e7ocuklardan ise birinci \u0130skender Pa\u015fa&#8217;dan Abdurrahman K\u00fc\u00e7\u00fckalio\u011flu, ikinci Eindhoven Mevlana&#8217;dan &nbsp;Onur Can Yal\u00e7\u0131n ve \u00fc\u00e7\u00fcnc\u00fcl\u00fc\u011f\u00fc Rotterdam Ayasofya&#8217;dan Kemal Emre Buldu kazand\u0131. Toplam sekiz cemiyetten 13 \u00e7ocu\u011fun&nbsp; kat\u0131ld\u0131\u011f\u0131 yar\u0131\u015fmaya kat\u0131lan cemiyetler \u015funlar: Rotterdam, Ayasofya, Birlik ve \u0130skender Pa\u015fa, Schiedam Merkez Camii, Den Haag, Tilburg ve Oss cemiyetleri kat\u0131ld\u0131lar.(ik)<\/p>\n<p>&nbsp;&nbsp; &nbsp;&nbsp;&nbsp;&nbsp;&nbsp;&nbsp;&nbsp;<\/p>\n","protected":false},"excerpt":{"rendered":"<p>Hollanda \u0130slam Federasyonu Kad\u0131nlar Te\u015fkilat\u0131 \u00c7ocuk Kul\u00fcb\u00fc, \u00e7ocuklar\u0131n Kur&#8217;an e\u011fitimiyle alakal\u0131 yeni bir ad\u0131m atarak 7-9  ya\u015f gurubu \u00e7ocuklar aras\u0131nda k\u0131sa sure ezberleme ve meal yar\u0131\u015fmas\u0131 d\u00fczenledi.<\/p>\n","protected":false},"author":1,"featured_media":0,"comment_status":"open","ping_status":"closed","sticky":false,"template":"","format":"standard","meta":{"ngg_post_thumbnail":0},"categories":[23238,24,23255],"tags":[],"_links":{"self":[{"href":"https:\/\/www.igmg.org\/tr\/wp-json\/wp\/v2\/posts\/11395"}],"collection":[{"href":"https:\/\/www.igmg.org\/tr\/wp-json\/wp\/v2\/posts"}],"about":[{"href":"https:\/\/www.igmg.org\/tr\/wp-json\/wp\/v2\/types\/post"}],"author":[{"embeddable":true,"href":"https:\/\/www.igmg.org\/tr\/wp-json\/wp\/v2\/users\/1"}],"replies":[{"embeddable":true,"href":"https:\/\/www.igmg.org\/tr\/wp-json\/wp\/v2\/comments?post=11395"}],"version-history":[{"count":0,"href":"https:\/\/www.igmg.org\/tr\/wp-json\/wp\/v2\/posts\/11395\/revisions"}],"wp:attachment":[{"href":"https:\/\/www.igmg.org\/tr\/wp-json\/wp\/v2\/media?parent=11395"}],"wp:term":[{"taxonomy":"category","embeddable":true,"href":"https:\/\/www.igmg.org\/tr\/wp-json\/wp\/v2\/categories?post=11395"},{"taxonomy":"post_tag","embeddable":true,"href":"https:\/\/www.igmg.org\/tr\/wp-json\/wp\/v2\/tags?post=11395"}],"curies":[{"name":"wp","href":"https:\/\/api.w.org\/{rel}","templated":true}]}}