{"id":11440,"date":"2011-05-18T10:00:00","date_gmt":"2011-05-18T08:00:00","guid":{"rendered":"https:\/\/www.igmg.org\/?p=11440"},"modified":"2015-02-16T10:44:57","modified_gmt":"2015-02-16T09:44:57","slug":"kutlu-doaeyum-coaykusu-bremenaede-salonlara-sae%c2%b1aeymadae%c2%b1","status":"publish","type":"post","link":"https:\/\/www.igmg.org\/tr\/kutlu-doaeyum-coaykusu-bremenaede-salonlara-sae%c2%b1aeymadae%c2%b1\/","title":{"rendered":"Kutlu Do\u011fum co\u015fkusu Bremen&#8217;de salonlara s\u0131\u011fmad\u0131"},"content":{"rendered":"<p><b><span lang=\"TR\"><\/span><\/b><span lang=\"TR\">Kur&#039;an-\u0131 Kerim tilaveti ile ba\u015flayan bu anlaml\u0131 g\u00fcn Bremen Arena&#039;da b\u00fcy\u00fck bir co\u015fku ile ger\u00e7ekle\u015fti. A\u00e7\u0131l\u0131\u015f konu\u015fmas\u0131n\u0131 IFB-IGMG B\u00f6lge Ba\u015fkan\u0131 Zeki Ba\u015faran yaparak ama\u00e7lar\u0131n\u0131n Kur&#039;an&#039;\u0131n \u0131\u015f\u0131\u011f\u0131n\u0131 ve Peygamber Efendimizin nurlu yolunu gelecek nesillere aktarmak oldu\u011funu ve bu ama\u00e7la ellerinden geleni yapt\u0131klar\u0131n\u0131 belirtti. T\u00fcm kat\u0131l\u0131mc\u0131lara ve&nbsp; <\/span>organize ekibine te\u015fekk\u00fcr eden Ba\u015faran, halk\u0131n bu tevecc\u00fch\u00fc sayesinde, kendilerini daha zinde hissettiklerini belirterek b\u00f6ylece &#8220;Yapt\u0131klar\u0131 hizmetlerin daha da per\u00e7inlendi\u011fini&#8221;\u009d s\u00f6yledi.<\/p>\n<p><span lang=\"TR\">Daha sonra g\u00fcn\u00fcn an\u0131s\u0131na bir konu\u015fma yapan IGMG Genel Ba\u015fkan\u0131 Yavuz \u00c7elik Karahan, 54. H\u00fck\u00fcmet Ba\u015fbakan\u0131 ve Milli G\u00f6r\u00fc\u015f Lideri Prof. Dr. Necmeddin Erbakan merhuma ve t\u00fcm ge\u00e7mi\u015flerimize bir Fatiha hediye ederek ba\u015flad\u0131. Karahan, Hz. Peygamber`in (sav) &#8220;\u0130nsanlar\u0131n en hay\u0131rl\u0131s\u0131, insanlara faydal\u0131 oland\u0131r&#8221;\u009d hadisi \u015ferifini hat\u0131rlatarak, gayelerinin insanlara faydal\u0131 olmak oldu\u011funu belirtti. Genel Ba\u015fkan Karahan, IGMG olarak hareket ve nokta presibinin Kur`an ve s\u00fcnnet oldu\u011funu ve bunun b\u00f6yle k\u0131yamet g\u00fcn\u00fcne kadar devam edece\u011fini s\u00f6yledi.<\/span><\/p>\n<p><span lang=\"TR\">Daha sonra sahne alan Bremen \u00c7ocuk Kul\u00fcb\u00fc de haz\u0131rlad\u0131klar\u0131 birbirinden g\u00fczel ilahi ve sergiledikleri performansla izleyicilerin kalplerini fethetti, akabinde Bremenli K\u00fc\u00e7\u00fck Semazenlerin Neyzen Osman Efendi e\u015fli\u011finde yapt\u0131klar\u0131 sema g\u00f6sterisi de salondan b\u00fcy\u00fck alk\u0131\u015f ald\u0131. Abdulkadir \u015eehito\u011flu&#039;nun Neyzen Osman Efendi e\u015fli\u011finde okudu\u011fu gazelde izleyicileri b\u00fcy\u00fclerken, ayn\u0131 zamanda hocam\u0131z\u0131n farkl\u0131 bir y\u00f6n\u00fcn\u00fc de izleyicilerle bulu\u015fturmu\u015f oldu.<\/span><\/p>\n<p><span lang=\"TR\">Dr. Ali \u00d6zg\u00fcr \u00d6zdil &nbsp;<\/span>Almanca olarak yapt\u0131\u011f\u0131 sunumda, Hz. Muhammed`i, O`nun \u00f6zelliklerini ve O`nun kutlu mesaj\u0131n\u0131 nakletti.<\/p>\n<p><span lang=\"TR\">Kutlu do\u011fum m\u00fcnasebetiyle bir ayl\u0131k s\u00fcre i\u00e7erisinde yap\u0131lan \u00e7e\u015fitli etkinliklerde birinci gelenlerde sahne alarak etkinliklerini sergilediler. Kabe ile yap\u0131lan telefon ba\u011flant\u0131s\u0131nda, bu sene Kutlu Dogum m\u00fcnasebetiyle 120 ki\u015fiye ula\u015fan say\u0131s\u0131yla Bremenli gen\u00e7 umrecilerle hasbihal edildi, yap\u0131lan ba\u011flant\u0131 salonda duygulu anlar\u0131n ya\u015fanmas\u0131na sebep oldu.<\/span><\/p>\n<p><b><span lang=\"TR\">&#8220;IGMG hep Makedonya&#039;n\u0131n yan\u0131nda oldu&#8221;\u009d<\/span><\/b><\/p>\n<p><span lang=\"TR\">Prof. Dr. Behuciddin \u015eehabi yapt\u0131\u011f\u0131 konu\u015fmada &#8220;b\u00fct\u00fcn balkanlar\u0131n selam\u0131n\u0131 getirdim&#8221;\u009d dedi, &#8220;Son \u00e7eyrek as\u0131rda ya\u015fad\u0131\u011f\u0131m\u0131z zor g\u00fcnlerde IGMG hep yan\u0131m\u0131zda oldu, bize her t\u00fcrl\u00fc yard\u0131m\u0131 esirgemedi bu sebeble sizlere ve t\u00fcm IGMG camias\u0131na minnettar\u0131z&#8221;\u009d dedi. \u015eehabi Balkanlar\u0131n bir Osmanl\u0131 yadigar\u0131 olarak \u00f6nemini anlatt\u0131 ve verdikleri m\u00fccadeleler ile ilgili bilgi verdi.<\/span><\/p>\n<p><span lang=\"TR\">\u00dcnl\u00fc sanat\u00e7\u0131 Mustafa Cihad bir birinden g\u00fczel eserleriyle dinleyicilerin takdirini toplad\u0131. Programa Avusturya&#039;dan kat\u0131lan G\u00fcn\u00fcn hatibi Mustafa Mullao\u011flu`da&nbsp; <\/span>&#8220;Allah (cc) 124 bin Peygamber g\u00f6nderdi, b\u00fct\u00fcn peygamberlerin \u00f6zelliklerini ve g\u00fczelliklerini Hz. Muhammed&#039;de toplad\u0131 ve bizi de O`na \u00fcmmet eyledi, bu \u015feref bize yeter&#8221; dedi. Peygamberimizi en iyi tan\u0131yabilmek i\u00e7in O`nu en iyi bilenden \u00f6\u011frenelim diyerek Kur&#039;an-\u0131 Kerim&#039;den O\u00c2\u00b4nunla ilgili ayetleri a\u00e7\u0131klad\u0131. Mullao\u011flu hangi y\u00f6nde en iyi olmak istiyorsa, O\u00c2\u00b4na bak\u0131lmas\u0131n\u0131 ve \u00f6rnek al\u0131nmas\u0131n\u0131 tavsiye etti.<\/p>\n<p><span lang=\"TR\">Avrupa&#039;dan kapat\u0131lan IHH Ba\u015fkan\u0131 Mustafa Yolda\u015f`da yapt\u0131\u011f\u0131 k\u0131sa konu\u015fmada, Federal \u0130\u00e7i\u015fleri eski Bakan\u0131&#039;na kar\u015f\u0131 bir hukuk m\u00fccadelesini ba\u015flatt\u0131klar\u0131n\u0131, \u00f6n\u00fcm\u00fczdeki g\u00fcnlerde mahkemelerinin ba\u015fl\u0131yaca\u011f\u0131n\u0131 ve bu vesile ile b\u00fct\u00fcn M\u00fcsl\u00fcmanlar\u0131n dualar\u0131n\u0131 beklediklerini belirtti.<\/span><\/p>\n<p><b><span lang=\"TR\">&nbsp;<\/span><\/b><\/p>\n<p><b><span lang=\"TR\">Program\u0131n ikinci b\u00f6l\u00fcm\u00fcnde s\u00f6z karilerindi<\/span><\/b><\/p>\n<p><span lang=\"TR\">S\u00f6zlerin ve kelamlar\u0131n en g\u00fczelini, en g\u00fczel bi \u015fekilde tilavet etmek \u00fczere s\u0131ras\u0131 ile Balkanlardan Aziz Alili ve T\u00fcrkiye&#039;den Abdulkadir \u015eehito\u011flu o kutlu mesaj\u0131 g\u00f6n\u00fcllere nak\u015fettiler.<\/span><\/p>\n<p><span lang=\"TR\">Kutlu Dogum Program\u0131n\u0131n sunuculu\u011funu B\u00f6lge Bas\u0131n Yay\u0131n Ba\u015fkan\u0131 H\u00fcseyin \u0130nceler ba\u015far\u0131l\u0131 bir \u015fekilde icra etti.<\/span><\/p>\n<p><span lang=\"TR\">Bu sene sekizincisi d\u00fczenlenen bu g\u00fczel gelene\u011fin yap\u0131lmas\u0131 icin destek veren sponsorlara, Organisazyon Komitesi Ba\u015fkan\u0131 Alir\u0131za Ak\u0131n taraf\u0131ndan birer te\u015fekk\u00fcr plaketi takdim edildi. Sakal-\u0131 \u015eerif`in de ziyaret edilmesinin sa\u011fland\u0131\u011f\u0131 program yap\u0131lan umre \u00e7ekili\u015finin ard\u0131ndan okunan Kur`an-\u0131 Kerim ve dua ile sona erdi.(ik)<\/span><\/p>\n","protected":false},"excerpt":{"rendered":"<p>Her y\u0131l\u0131n nisan ay\u0131nda Kutlu Do\u011fum haftas\u0131n\u0131 \u00e7e\u015fitli etkinliklerle kutlayan \u0130slam Federasyonu Bremen yine kolay kolay haf\u0131zalardan \u00e7\u0131kmayacak bir etkinlik ve kapan\u0131\u015f program\u0131yla Peygamberimizi and\u0131. D\u00f6rt bine yak\u0131n peygamber a\u015f\u0131\u011f\u0131 M\u00fcsl\u00fcman Bremen&#8217;in en b\u00fcy\u00fck salonu Arena`da biraraya gelerek o heyecan\u0131 birlikte ya\u015fad\u0131 ve y\u00fcreklerini manevi g\u00fczelliklerle doldurdu.<\/p>\n","protected":false},"author":1,"featured_media":0,"comment_status":"open","ping_status":"closed","sticky":false,"template":"","format":"standard","meta":{"ngg_post_thumbnail":0},"categories":[23238,24,23255],"tags":[],"_links":{"self":[{"href":"https:\/\/www.igmg.org\/tr\/wp-json\/wp\/v2\/posts\/11440"}],"collection":[{"href":"https:\/\/www.igmg.org\/tr\/wp-json\/wp\/v2\/posts"}],"about":[{"href":"https:\/\/www.igmg.org\/tr\/wp-json\/wp\/v2\/types\/post"}],"author":[{"embeddable":true,"href":"https:\/\/www.igmg.org\/tr\/wp-json\/wp\/v2\/users\/1"}],"replies":[{"embeddable":true,"href":"https:\/\/www.igmg.org\/tr\/wp-json\/wp\/v2\/comments?post=11440"}],"version-history":[{"count":0,"href":"https:\/\/www.igmg.org\/tr\/wp-json\/wp\/v2\/posts\/11440\/revisions"}],"wp:attachment":[{"href":"https:\/\/www.igmg.org\/tr\/wp-json\/wp\/v2\/media?parent=11440"}],"wp:term":[{"taxonomy":"category","embeddable":true,"href":"https:\/\/www.igmg.org\/tr\/wp-json\/wp\/v2\/categories?post=11440"},{"taxonomy":"post_tag","embeddable":true,"href":"https:\/\/www.igmg.org\/tr\/wp-json\/wp\/v2\/tags?post=11440"}],"curies":[{"name":"wp","href":"https:\/\/api.w.org\/{rel}","templated":true}]}}