{"id":11448,"date":"2011-05-20T10:00:00","date_gmt":"2011-05-20T08:00:00","guid":{"rendered":"https:\/\/www.igmg.org\/?p=11448"},"modified":"2015-02-16T10:44:56","modified_gmt":"2015-02-16T09:44:56","slug":"essenaede-a%c2%a7ifte-kutlama","status":"publish","type":"post","link":"https:\/\/www.igmg.org\/tr\/essenaede-a%c2%a7ifte-kutlama\/","title":{"rendered":"Essen&#8217;de \u00e7ifte kutlama"},"content":{"rendered":"<p>Essen Kral D\u00fc\u011f\u00fcn Salonu&#8217;nda dopdolu bir programla ger\u00e7ekle\u015ftirilen kutlama, okunan Kur&#8217;an-\u0131 Kerim ile ba\u015flad\u0131. Nedim Ku\u015f&#8217;un ba\u015far\u0131 ile sunarak y\u00f6netti\u011fi programda Ku\u015f \u00f6ncelikle misafirleri selamlay\u0131p g\u00fcndemi takdim etti.<\/p>\n<p>Daha sonra Cemiyet Ba\u015fkan\u0131 Sat\u0131lm\u0131\u015f \u00c7orbac\u0131 k\u0131sa bir selamlama konu\u015fmas\u0131 yapt\u0131. \u00c7orbac\u0131 davetlileri ve kat\u0131l\u0131mc\u0131lar\u0131 selamlad\u0131ktan sonra, d\u00fczenledikleri program\u0131n olu\u015fumu hakk\u0131nda bilgiler verirken programa kat\u0131lma duyarl\u0131l\u0131\u011f\u0131 g\u00f6steren kat\u0131l\u0131mc\u0131lara ve eme\u011fi ge\u00e7enlere te\u015fekk\u00fcr etti.<\/p>\n<p>Mikrofona davet edilen IGMG Ruhr A B\u00f6lge Ba\u015fkan\u0131 \u00d6zcan Kuri g\u00fcn\u00fcn mana ve ehmmiyetini i\u00e7eren veciz bir konu\u015fma yapt\u0131. Kuri selat ve selamdan sonra misafirleri selamlayarak te\u015fekk\u00fcr etti. &nbsp;&#8220;Bundan 50 y\u0131l \u00f6nce idi. Anadolumuzun bir \u00e7ok yerlerinden gelip Avrupa&#8217;n\u0131n bir \u00e7ok yerlerine yay\u0131ld\u0131k. G\u00f6\u00e7 b\u00f6yle ba\u015flad\u0131.&nbsp; Aram\u0131zdan vefat edenlerimiz oldu. K\u0131rk y\u0131l\u0131 biz b\u00f6yle anlat\u0131yoruz. Burda yabanc\u0131 dediler, T\u00fcrkiye&#8217;de Almanc\u0131 olduk. Gurbete gelen gen\u00e7 yirmilik delikanl\u0131lar art\u0131k ya\u015fland\u0131 ve torun sahipleri oldular. \u00c7e\u015fitli \u015fehirlerden gelmemize ra\u011fmen birbirimizle dost olduk ve akrabadanda yak\u0131n olduk&#8221;\u009d diyen Kuri s\u00f6zlerine \u015f\u00f6yle devam etti; &#8220;Bug\u00fcn Kutlu Do\u011fum&#8217;u da kutluyoruz. Ad\u0131 g\u00fczel kendi g\u00fczel Muhammed&#8217;in do\u011fum g\u00fcn\u00fc. Bu kutlama dolay\u0131s\u0131 ile cemiyet y\u00f6netimi ve eme\u011fi ge\u00e7enlere te\u015fekk\u00fcr ediyorum. Kutlu Do\u011fum Haftas\u0131&#8217;ndan maksat Hz. Peygamberi daha iyi tan\u0131mak ve onu daha iyi anlamakt\u0131r. Biz inan\u0131yoruz ki Hz. Peygamberi \u00f6rnek ald\u0131k\u00e7a insanl\u0131\u011f\u0131n huzuru ve mutlulu\u011fu artacakt\u0131r. Hi\u00e7 \u015f\u00fcphesizki onun g\u00fczel ahlak\u0131 ve yol g\u00f6stericili\u011fine ihtiyac\u0131m\u0131z var.&#8221;\u009d <\/p>\n<p>De\u011ferli Sanatc\u0131 Selim Aha ve Gurup Zemzem&#8217;in yer yer okuduklar\u0131 &nbsp;ilahileri ile s\u00fcsledi\u011fi bu m\u00fcstesna g\u00fcnde, Essen Katernberg Ayasofya Camii k\u0131z \u00f6\u011frencileri koro ve solo halinde okuduklar\u0131&nbsp; ilahilerle programa renk katt\u0131lar. <\/p>\n<p>Programa davetli olarak kat\u0131lan Essen Uyum Meclis Ba\u015fkan\u0131 Muhammed Balaban Essen Katernberg Ayasofya Camii&#8217;nin kurulu\u015funun 40. y\u0131l d\u00f6n\u00fcm\u00fc ile alakal\u0131 yapt\u0131\u011f\u0131 konu\u015fmas\u0131nda, cemiyetin o g\u00fcnlerden bu zamana kadar ge\u00e7irdi\u011fi merhalelere ve birlikte yapt\u0131klar\u0131 \u00e7al\u0131\u015fmalara de\u011findi. Balaban uzun y\u0131llard\u0131r Essen Katernberg Ayasofya Camii&#8217;nin yapt\u0131\u011f\u0131 hay\u0131rl\u0131 ve faydal\u0131 \u00e7al\u0131\u015fmalar\u0131nda bir \u00e7ok birlikteliklerinin oldu\u011funu dile getirdi. &nbsp;Balaban ayr\u0131ca camilerle birlikte yapt\u0131klar\u0131 entegrasyon ve diyalog \u00e7al\u0131\u015fmalar\u0131nda Ayasofya Camii&#8217;nin &nbsp;etkin&nbsp; ve \u00f6rnek \u00e7al\u0131\u015fmalar\u0131n\u0131 \u00f6verek&nbsp; anlatt\u0131. <\/p>\n<p>Programda 1971 den bu yana yap\u0131lan \u00e7al\u0131\u015fmalar\u0131 ve faaliyetleri&nbsp; konu alan&nbsp; k\u0131sa bir film de yer ald\u0131.<\/p>\n<p>IGMG Genel Merkezi`nden programa davetli olarak i\u015ftirak eden IGMG Genel Sekreteri O\u011fuz \u00dc\u00e7\u00fcnc\u00fc Avrupa&#8217;da ve \u00f6zellikle Almanya&#8217;da ya\u015fayan M\u00fcsl\u00fcmanlar\u0131n meselelerini konu alan ve Kutlu Do\u011fum nedeni ile Peygamber Efendimizi konu alan bir konu\u015fma yapt\u0131. \u00dc\u00e7\u00fcnc\u00fc konu\u015fmas\u0131nda &#8220;Bir toplumun kabul g\u00f6rmesi ve bir dinin tan\u0131nmas\u0131 i\u00e7in ka\u00e7 y\u0131l daha gerekli? 50 y\u0131l yetmiyormu?&#8221;\u009d sorular\u0131n\u0131 sorarak &#8220;Hala bizim \u00fczerimizden siyaset yap\u0131l\u0131yor ve hala siyeset malzemesi oluyoruz&#8221;\u009d dedi. \u00dc\u00e7\u00fcnc\u00fc konu\u015fmas\u0131nda baz\u0131 \u00f6\u011frencilerin, i\u015f ve toplum hayat\u0131ndaki t\u00fcm M\u00fcsl\u00fcman kesimin maruz kald\u0131klar\u0131 baz\u0131 uygulamalardan da s\u00f6z ederek &#8220;2011&#8217;in Almanya&#8217;s\u0131nda malesef hala b\u00f6yle durumlar ya\u015fan\u0131yor&#8221;\u009d dedi. &#8220;Hayat\u0131n\u0131 ve sa\u011fl\u0131\u011f\u0131n\u0131 bu topluma vermi\u015f insan\u0131m\u0131z, te\u015fekk\u00fcr yerine bir \u00e7ok basit bahanelerle ma\u011fdur duruma d\u00fc\u015f\u00fcr\u00fcl\u00fcyor&#8221;\u009d diyen \u00dc\u00e7\u00fcnc\u00fc bir\u00e7ok \u00f6nemli konu ve meslelere de\u011finerek, gen\u00e7lere y\u00fcksek okullar okuyarak hem topluma faydal\u0131 olmalar\u0131 ve hem de&nbsp; toplum i\u00e7erisinde aktif yer almalar\u0131 tavsiyesinde bulundu.<\/p>\n<p>Rahats\u0131zl\u0131k ge\u00e7irmesine ra\u011fmen programa kat\u0131lan de\u011ferli E\u011fitimci ve Yazar Sebahattin U\u00e7ar &nbsp;bir selamlama konu\u015fmas\u0131 yapt\u0131. U\u00e7ar konu\u015fmas\u0131n\u0131 bir sunum \u015feklinde devam ettirdi. U\u00e7ar sunumunda Kutlu Do\u011fum &nbsp;m\u00fcnasebeti ile kat\u0131lanlar\u0131 adeta bir yolculu\u011fa, kainat\u0131n efendisinin hayat\u0131na g\u00f6t\u00fcrd\u00fc. Duygulu anlar\u0131n ya\u015fand\u0131\u011f\u0131 sahabe hayat\u0131na yolculuk, kat\u0131l\u0131mc\u0131lar taraf\u0131ndan p\u00fcr dikkat dinlendi. <\/p>\n<p>Dopdolu ge\u00e7en bu m\u00fcstesna programda muhte\u015fem bir Mai-dei Kur&#8217;an b\u00f6l\u00fcm\u00fc de yer ald\u0131. Ruhr A B\u00f6lgesi`nin de\u011ferli haf\u0131z-\u0131 kurralar\u0131ndan Adem Hendek, \u0130brahim E. K\u0131l\u0131\u00e7l\u0131 ve \u0130brahim No\u011fman&#8217;\u0131n g\u00fczel sesleri ile okuduklar\u0131 Kur&#8217;an tilavetleri kat\u0131lanlar\u0131 adeta mest etti.<\/p>\n<p>Program\u0131n sonunda &nbsp;1971&#8217;den bu ana kadar&nbsp; ve hala g\u00f6revde bulunan cemiyet ba\u015fkanlar\u0131na, vefat edenlere ise vekaleten Cemiyet Ba\u015fkan\u0131 Sat\u0131lm\u0131\u015f \u00c7orbac\u0131 taraf\u0131ndan birer plaket ve \u00e7i\u00e7ek takdim edildi.<\/p>\n<p>Ayn\u0131 zamanda Cemiyet Ba\u015fkan\u0131 Sat\u0131lm\u0131\u015f \u00c7orbac\u0131 taraf\u0131ndan &nbsp;g\u00f6revine devam eden Gen\u00e7lik Ba\u015fkan\u0131 Kadir Do\u011fan&#8217;a, Kad\u0131nlar Te\u015fkilat\u0131 Ba\u015fkan\u0131 Nazmiye Ayd\u0131n&#8217;a ve Kad\u0131nlar Te\u015fkilat\u0131 Gen\u00e7lik Ba\u015fkan\u0131 G\u00fcls\u00fcm K\u00f6r&#8217;e vekaleten Canan Do\u011fan&#8217;a birer \u00e7i\u00e7ek ve te\u015fekk\u00fcr plaketleri takdim edildi. Cemiyet Ba\u015fkan\u0131 Sat\u0131lm\u0131\u015f \u00c7orbac\u0131 ise \u00e7i\u00e7e\u011fini ve plaketini Cemiyet Hac Sorumlusu &nbsp;Bilal Ayd\u0131n&#8217;dan ald\u0131. Cemiyet \u0130mam\u0131 Muhammed Ayd\u0131n&#8217;\u0131n yapt\u0131\u011f\u0131 duadan sonra b\u00fcy\u00fck bir co\u015fku ile ger\u00e7ekle\u015fen sakal-\u0131 \u015ferif ziyareti ile kutlama program\u0131 son buldu.(ik)<\/p>\n","protected":false},"excerpt":{"rendered":"<p>IGMG Essen Katernberg Ayasofya Camii kurulu\u015funun 40. y\u0131l d\u00f6n\u00fcm\u00fcn\u00fc ve Peygamber Efendimiz Hz. Muhammed (s.a.v.)&#8217;in Kutlu Do\u011fum Haftas\u0131n\u0131 g\u00f6rkemli bir programla kutlad\u0131.<\/p>\n","protected":false},"author":1,"featured_media":0,"comment_status":"open","ping_status":"closed","sticky":false,"template":"","format":"standard","meta":{"ngg_post_thumbnail":0},"categories":[23238,24,23255],"tags":[],"_links":{"self":[{"href":"https:\/\/www.igmg.org\/tr\/wp-json\/wp\/v2\/posts\/11448"}],"collection":[{"href":"https:\/\/www.igmg.org\/tr\/wp-json\/wp\/v2\/posts"}],"about":[{"href":"https:\/\/www.igmg.org\/tr\/wp-json\/wp\/v2\/types\/post"}],"author":[{"embeddable":true,"href":"https:\/\/www.igmg.org\/tr\/wp-json\/wp\/v2\/users\/1"}],"replies":[{"embeddable":true,"href":"https:\/\/www.igmg.org\/tr\/wp-json\/wp\/v2\/comments?post=11448"}],"version-history":[{"count":0,"href":"https:\/\/www.igmg.org\/tr\/wp-json\/wp\/v2\/posts\/11448\/revisions"}],"wp:attachment":[{"href":"https:\/\/www.igmg.org\/tr\/wp-json\/wp\/v2\/media?parent=11448"}],"wp:term":[{"taxonomy":"category","embeddable":true,"href":"https:\/\/www.igmg.org\/tr\/wp-json\/wp\/v2\/categories?post=11448"},{"taxonomy":"post_tag","embeddable":true,"href":"https:\/\/www.igmg.org\/tr\/wp-json\/wp\/v2\/tags?post=11448"}],"curies":[{"name":"wp","href":"https:\/\/api.w.org\/{rel}","templated":true}]}}