{"id":11578,"date":"2011-07-06T07:00:00","date_gmt":"2011-07-06T05:00:00","guid":{"rendered":"https:\/\/www.igmg.org\/?p=11578"},"modified":"2015-02-16T10:44:52","modified_gmt":"2015-02-16T09:44:52","slug":"bergkamen-aeslam-kae%c2%b1z-kolejiaende-aa%c2%a7ae%c2%b1kkapae%c2%b1-ga%c2%bcna%c2%bc","status":"publish","type":"post","link":"https:\/\/www.igmg.org\/tr\/bergkamen-aeslam-kae%c2%b1z-kolejiaende-aa%c2%a7ae%c2%b1kkapae%c2%b1-ga%c2%bcna%c2%bc\/","title":{"rendered":"Bergkamen \u0130slam K\u0131z Koleji&#8217;nde A\u00e7\u0131kkap\u0131 G\u00fcn\u00fc"},"content":{"rendered":"<p>Okul binas\u0131 i\u00e7erisinde ve bah\u00e7e alan\u0131nda kurulan tan\u0131t\u0131m standlar\u0131nda, kolejde \u00fc\u00e7 s\u0131n\u0131f&nbsp;&nbsp; halinde \u00f6\u011frenimlerini g\u00f6ren ve bir \u00e7ok beceri, &nbsp;yetenek &nbsp;ve el sanatlar\u0131 dal\u0131nda e\u011fitim alan k\u0131z \u00f6\u011frenciler yapt\u0131klar\u0131 el eme\u011fi \u00fcr\u00fcnlerini sergilediler. Bir k\u0131sm\u0131 sergi ama\u00e7l\u0131 ziyarete a\u00e7\u0131lan el i\u015flerinin, di\u011fer bir k\u0131sm\u0131 ise kolej yarar\u0131na sat\u0131\u015fa sunuldu.<\/p>\n<p>Bu vesile ile d\u00fczenlenen programa ba\u015fta \u00f6\u011frenci velileri ve aileleri&nbsp; olmak \u00fczere \u00e7evreden yo\u011fun bir cemaat kitlesi kat\u0131ld\u0131.<\/p>\n<p>Han\u0131mlara \u00f6zel ve beylerle m\u00fc\u015fterek d\u00fczenlenen programlarda, IGMG Ruhr A B\u00f6lge Ba\u015fkan\u0131 \u00d6zcan Kuri, Kolej \u00d6\u011fretmenlerinden Ahmet Tutal, Tuncer Y\u0131ld\u0131zhan, Salih \u00d6zbay, Abdullah Co\u015fkun ve baz\u0131 veliler s\u00f6z alarak e\u011fitimin \u00f6nemine ve bu dalda Bergkamen \u0130slam K\u0131z Koleji&#8217;nin t\u00fcm imkans\u0131zl\u0131klara ra\u011fmen elde etti\u011fi ba\u015far\u0131lar\u0131 dile getirdiler. Konu\u015fmac\u0131lar bundan dolay\u0131&nbsp; kolej y\u00f6netimine ve e\u011fitimcilerine te\u015fekk\u00fcr ettiler.<\/p>\n<p>Han\u0131mlara \u00f6zel olarak kolej toplant\u0131 salonunda d\u00fczenlenen programda ise&nbsp; &#8220;Kur&#8217;an&#8217;\u0131 okumak, anlamak ve hayata ge\u00e7irmek&#8221;\u009d konulu seminer ve sohbetler d\u00fczenlendi. Yap\u0131lan konu\u015fmalarda g\u00fcn\u00fcm\u00fcz M\u00fcsl\u00fcmanlar\u0131n\u0131n bu konuda malesef Kur&#8217;an-\u0131 Kerim&#8217;in emirlerine bireysel ve&nbsp; ailevi boyutta, sosyal ve&nbsp; toplumsal&nbsp; hayatta gereken \u00f6nem ve de\u011feri vermedi\u011fi belirtilerek, ihmalden kaynaklanan negatif &nbsp;sonu\u00e7lar vurguland\u0131.<\/p>\n<p>Abdullah Kodaman ve Ravza ilahi gurubunun ilahileri ile renklenen bu m\u00fcstesna programda, Federasyon Ba\u015fkan Yard\u0131mc\u0131s\u0131 \u015eahin Dize de bir selamlama konu\u015fmas\u0131 yapt\u0131. Dize programa kat\u0131lamayan Ruhr \u0130slam Federasyonu Ba\u015fkan\u0131 \u0130smet \u00c7atakl\u0131&#8217;n\u0131n selamlar\u0131n\u0131 ileterek bu m\u00fcstesna g\u00fcnde programa kat\u0131lan t\u00fcm misafirlere te\u015fekk\u00fcr etti.<\/p>\n<p>Bir \u00e7ok leziz yiyecek ve i\u00e7eceklerin kolej yarar\u0131na sat\u0131\u015fa sunuldu\u011fu programda \u00f6\u011frencilerin yapt\u0131\u011f\u0131 baz\u0131 hat sanat\u0131 tablolar kolej yarar\u0131na a\u00e7\u0131k artt\u0131rmaya sunuldu.<\/p>\n<p>Kar\u015f\u0131l\u0131kl\u0131 sohbetlerle s\u00fcregelen A\u00e7\u0131kkap\u0131 G\u00fcn\u00fc Abdullah Kodaman&#8217;\u0131n okudu\u011fu kapan\u0131\u015f Kur&#8217;an-\u0131 Kerim&#8217;inin ard\u0131ndan Salih \u00d6zbay&#8217;\u0131n yapt\u0131\u011f\u0131 dua ile son buldu.(ik)<\/p>\n","protected":false},"excerpt":{"rendered":"<p>Avrupa&#8217;n\u0131n ilk  \u0130slam\u00ee e\u011fitim veren \u00f6zel k\u0131z koleji d\u00fczenledi\u011fi proje haftas\u0131 \u00e7ere\u00e7evesinde kap\u0131lar\u0131n\u0131 herkese a\u00e7t\u0131.<\/p>\n","protected":false},"author":1,"featured_media":0,"comment_status":"open","ping_status":"closed","sticky":false,"template":"","format":"standard","meta":{"ngg_post_thumbnail":0},"categories":[23238,24,23255],"tags":[],"_links":{"self":[{"href":"https:\/\/www.igmg.org\/tr\/wp-json\/wp\/v2\/posts\/11578"}],"collection":[{"href":"https:\/\/www.igmg.org\/tr\/wp-json\/wp\/v2\/posts"}],"about":[{"href":"https:\/\/www.igmg.org\/tr\/wp-json\/wp\/v2\/types\/post"}],"author":[{"embeddable":true,"href":"https:\/\/www.igmg.org\/tr\/wp-json\/wp\/v2\/users\/1"}],"replies":[{"embeddable":true,"href":"https:\/\/www.igmg.org\/tr\/wp-json\/wp\/v2\/comments?post=11578"}],"version-history":[{"count":0,"href":"https:\/\/www.igmg.org\/tr\/wp-json\/wp\/v2\/posts\/11578\/revisions"}],"wp:attachment":[{"href":"https:\/\/www.igmg.org\/tr\/wp-json\/wp\/v2\/media?parent=11578"}],"wp:term":[{"taxonomy":"category","embeddable":true,"href":"https:\/\/www.igmg.org\/tr\/wp-json\/wp\/v2\/categories?post=11578"},{"taxonomy":"post_tag","embeddable":true,"href":"https:\/\/www.igmg.org\/tr\/wp-json\/wp\/v2\/tags?post=11578"}],"curies":[{"name":"wp","href":"https:\/\/api.w.org\/{rel}","templated":true}]}}