{"id":1163,"date":"2006-03-12T15:13:00","date_gmt":"2006-03-12T14:13:00","guid":{"rendered":"https:\/\/www.igmg.org\/?p=1163"},"modified":"2015-02-16T10:48:54","modified_gmt":"2015-02-16T09:48:54","slug":"da%c2%bcsseldorf-ba%c2%b6lgesi-geniayletilmiay-teaykilat-toplantae%c2%b1sae%c2%b1-yapae%c2%b1ldae%c2%b1","status":"publish","type":"post","link":"https:\/\/www.igmg.org\/tr\/da%c2%bcsseldorf-ba%c2%b6lgesi-geniayletilmiay-teaykilat-toplantae%c2%b1sae%c2%b1-yapae%c2%b1ldae%c2%b1\/","title":{"rendered":"D\u00fcsseldorf B\u00f6lgesi geni\u015fletilmi\u015f te\u015fkilat toplant\u0131s\u0131 yap\u0131ld\u0131"},"content":{"rendered":"<p>Toplant\u0131ya IGMG Genel Merkez dan\u0131\u015fmanlar\u0131ndan Hasan Damar,   Genel Merkez Cenaze ve \u00dcyelik Sorumlusu \u015eerafettin \u00d6zt\u00fcrk,   BYK \u00fcyeleri, \u015fube ba\u015fkanlar\u0131 ve birim ba\u015fkanlar\u0131 kat\u0131ld\u0131.   Toplant\u0131ya Kur&#8217;an-\u0131 Kerim tilaveti ile ba\u015fland\u0131,   daha sonra b\u00f6lge sekreteri taraf\u0131ndan yap\u0131lan yoklaman\u0131n   ard\u0131ndan kat\u0131l\u0131mc\u0131lara i\u015ftiraklerinden dolay\u0131 te\u015fekk\u00fcr   edildi. Toplant\u0131da s\u00f6z alan D\u00fcsseldorf B\u00f6lge Ba\u015fkan\u0131 Ya\u015far   Erim konu\u015fmas\u0131nda, &#8220;Son ya\u015fanan olaylar nedeniyle uyan\u0131k   olmak durumunday\u0131z. M\u00fcsl\u00fcmanlar \u00fczerinde oynanmak istenen   oyuna d\u00fc\u015fmemeliyiz, y\u0131lmadan, usanmadan hak davas\u0131 \u00fczerinde   var g\u00fcc\u00fcm\u00fczle \u00e7al\u0131\u015fmak durumunday\u0131z&#8221;\u009d dedi.<\/p>\n<p> D\u00fcsseldorf B\u00f6lgesi Te\u015fkilatlanma Ba\u015fkan\u0131 Erdo\u011fan   Ok yapt\u0131\u011f\u0131 konu\u015fmada b\u00f6lge \u00e7al\u0131\u015fmalar\u0131 hakk\u0131nda   bilgi verirken, E\u011fitim Ba\u015fkan\u0131 \u015einasi \u015eimsek ve \u0130r\u015fad   Ba\u015fkan\u0131 Mustafa Bildik de kendi birimleri hakk\u0131nda ve gelece\u011fimiz   olan \u00e7ocuklar\u0131m\u0131z i\u00e7in ger\u00e7ekle\u015ftirilmesi \u00f6nemli   olan konular hakk\u0131nda bilgilendirmelerde bulundular.<\/p>\n<p> IGMG Genel Merkez dan\u0131\u015fmanlar\u0131ndan Hasan Damar da yapt\u0131\u011f\u0131 konu\u015fmada   M\u00fcsl\u00fcmanlar\u0131n \u015fu an i\u00e7inde bulunduklar\u0131 s\u0131k\u0131nt\u0131lardan   dolay\u0131 umutsuzlu\u011fa kap\u0131lmamar\u0131 gerekti\u011fine de\u011findi.   Damar, M\u00fcsl\u00fcmanlar\u0131 iki cihan g\u00fcne\u015fi Peygamberimiz&#8217;e   (sav) kar\u015f\u0131 yap\u0131lan hakaret i\u00e7eren karakat\u00fcrler   meselesine de sa\u011f duyulu yakla\u015farak oyuna gelmemeleri konusunda uyard\u0131 ve   bu hususta M\u00fcsl\u00fcmanlar\u0131n \u015fuurland\u0131r\u0131lmas\u0131 gerekti\u011finin   alt\u0131n\u0131 \u00e7izdi.<\/p>\n<p> Genel Merkez Cenaze ve \u00dcyelik Sorumlusu \u015eerafettin \u00d6zt\u00fcrk   ise M\u00fcsl\u00fcmalar\u0131n i\u00e7inde bulunduklar\u0131 buhranl\u0131 g\u00fcnlerden   bir an \u00f6nce kurtulmas\u0131n\u0131n re\u00e7etesinin kutsal kitab\u0131m\u0131z   Kur&#8217;an\u0131 Kerime sar\u0131lmak ve Hz.Muhammed&#8217; in (sav) s\u00fcnnetine   uymaktan ge\u00e7ti\u011fini belirtti.<\/p>\n<p> Toplant\u0131da dilek ve temennilerden sonra verilen molan\u0131n ard\u0131ndan   B\u00f6lge Ba\u015fkan\u0131 Ya\u015far Erim genel bir de\u011ferlendirme ve   kapan\u0131\u015f konu\u015fmas\u0131n\u0131 yapt\u0131. Toplant\u0131 Kur&#8217;an-\u0131 Kerim   tilavetiyle sona erdi.<\/p>\n","protected":false},"excerpt":{"rendered":"<p>\u0130slam Toplumu Milli G\u00f6r\u00fc\u015f D\u00fcsseldorf B\u00f6lgesi geni\u015fletilmi\u015f te\u015fkilat toplant\u0131s\u0131 Marxloh cemiyetinde yap\u0131ld\u0131<\/p>\n","protected":false},"author":1,"featured_media":0,"comment_status":"open","ping_status":"closed","sticky":false,"template":"","format":"standard","meta":{"ngg_post_thumbnail":0},"categories":[23238,24,23255],"tags":[],"_links":{"self":[{"href":"https:\/\/www.igmg.org\/tr\/wp-json\/wp\/v2\/posts\/1163"}],"collection":[{"href":"https:\/\/www.igmg.org\/tr\/wp-json\/wp\/v2\/posts"}],"about":[{"href":"https:\/\/www.igmg.org\/tr\/wp-json\/wp\/v2\/types\/post"}],"author":[{"embeddable":true,"href":"https:\/\/www.igmg.org\/tr\/wp-json\/wp\/v2\/users\/1"}],"replies":[{"embeddable":true,"href":"https:\/\/www.igmg.org\/tr\/wp-json\/wp\/v2\/comments?post=1163"}],"version-history":[{"count":0,"href":"https:\/\/www.igmg.org\/tr\/wp-json\/wp\/v2\/posts\/1163\/revisions"}],"wp:attachment":[{"href":"https:\/\/www.igmg.org\/tr\/wp-json\/wp\/v2\/media?parent=1163"}],"wp:term":[{"taxonomy":"category","embeddable":true,"href":"https:\/\/www.igmg.org\/tr\/wp-json\/wp\/v2\/categories?post=1163"},{"taxonomy":"post_tag","embeddable":true,"href":"https:\/\/www.igmg.org\/tr\/wp-json\/wp\/v2\/tags?post=1163"}],"curies":[{"name":"wp","href":"https:\/\/api.w.org\/{rel}","templated":true}]}}