{"id":11843,"date":"2011-11-25T14:35:00","date_gmt":"2011-11-25T13:35:00","guid":{"rendered":"https:\/\/www.igmg.org\/?p=11843"},"modified":"2015-02-16T12:24:28","modified_gmt":"2015-02-16T11:24:28","slug":"igmg-genel-baaykanae%c2%b1n-hicri-yae%c2%b1lbaayae%c2%b1-mesajae%c2%b1-2011","status":"publish","type":"post","link":"https:\/\/www.igmg.org\/tr\/igmg-genel-baaykanae%c2%b1n-hicri-yae%c2%b1lbaayae%c2%b1-mesajae%c2%b1-2011\/","title":{"rendered":"IGMG Genel Ba\u015fkan\u0131n Hicri Y\u0131lba\u015f\u0131 Mesaj\u0131 2011"},"content":{"rendered":"<p>\u0130slam Toplumu Mill\u00ee G\u00f6r\u00fc\u015f Genel Ba\u015fkan\u0131 Kemal Erg\u00fcn, 26 Kas\u0131m 2011 Cumartesi g\u00fcn\u00fcne tevafuk eden&nbsp;1 Muharrem&nbsp;1433 tarihinin Hicri Y\u0131lba\u015f\u0131 olmas\u0131 m\u00fcnasebetiyle bir mesaj yay\u0131mlad\u0131. Genel Ba\u015fkan Erg\u00fcn, mesaj\u0131nda \u015fu konulara dikkat \u00e7ekti:<\/p>\n<p>&#8220;Hicret hadisesi, \u0130sl\u00e2m tarihinde vuku bulmu\u015f \u00f6nemli d\u00f6n\u00fcm noktalar\u0131ndan biridir. Bu tarih, sahip oldu\u011fu ehemmiyet sebebiyledir ki, \u0130slam d\u00fcnyas\u0131n\u0131n takviminin ba\u015flang\u0131c\u0131 olmay\u0131 fazlas\u0131yla hak etmi\u015ftir.<\/p>\n<p>Hicret, ki\u015finin herhangi bir \u015feyden veya bir yerden bedeniyle, kalbiyle, diliyle ya da her \u00fc\u00e7\u00fcyle birden uzakla\u015fmas\u0131d\u0131r. Hicret, l\u00fcgat itibariyle zikredilen anlamlara gelse de M\u00fcsl\u00fcman toplumlarda hicret denildi\u011finde akla ilk gelen hadise, Peygamber Efendimiz (sav)&#8217;in Mekke-i M\u00fckerreme&#8217;den Medine-i M\u00fcnevvere&#8217;ye g\u00f6\u00e7me etmesi olmu\u015ftur.<\/p>\n<p>M\u00fc\u015friklerin, Mekke-i M\u00fckerreme&#8217;de M\u00fcsl\u00fcmanlara zulm\u00fcn her \u00e7e\u015fidini reva g\u00f6rmeleri, hususiyetle i\u015fkence, cana k\u0131yma ve ekonomik ambargo gibi insan haysiyetine yak\u0131\u015fmayan bask\u0131lara maruz b\u0131rakmalar\u0131 neticesinde hicret g\u00fcndeme gelmi\u015f ve M\u00fcsl\u00fcmanlar \u00f6nce Habe\u015fistan&#8217;a g\u00f6\u00e7mek mecburiyetinde kalm\u0131\u015flar. Ancak zul\u00fcm ve bask\u0131lar\u0131n arkas\u0131 kesilmeyince ve bask\u0131lar\u0131n ucu Peygamberimizin hayat\u0131n\u0131 kaste kadar var\u0131nca, art\u0131k g\u00f6\u00e7 etmek Peygamber Efendimiz (sav)&#8217;e de farz olmu\u015f; dolay\u0131s\u0131yla bi&#8217;setin on\u00fc\u00e7 y\u0131ll\u0131k Mekke d\u00f6nemi sona ermi\u015f ve on y\u0131ll\u0131k Medine d\u00f6nemi ba\u015flam\u0131\u015ft\u0131r. Efendimiz (sav) \u00f6nce ashab\u0131n\u0131, daha sonra da kendisi ve en yak\u0131nlar\u0131n\u0131 Medine-i M\u00fcnevvere&#8217;ye intikal ettirmi\u015ftir. Hem Peygamber Efendimiz (sav), hem de ashab-\u0131 kiram, bu hicretle inkarc\u0131lar\u0131n yurdundan inananlar\u0131n yurduna, yalandan do\u011fruya, haramdan helala, haks\u0131zl\u0131ktan hakka, zul\u00fcmden adalete ve fuh\u015fiyattan iffete hicret etmi\u015flerdir.<\/p>\n<p>Fiziki anlamda hicret tamam olmakla beraber manevi anlamda hicret k\u0131yamet g\u00fcn\u00fcne kadar devam edecektir. S\u00f6z gelimi, cimrilikten c\u00f6mertli\u011fe hicret, israftan iktisada hicret, isyandan itaate hicret; kibirden tevazuya hicret, insanlar\u0131 tav\u0131r ve s\u00f6zlerle alaya al\u0131p \u015fahsiyetini yaralamaktan, onurlar\u0131n\u0131 korumaya hicret, mal al\u0131p satarken, konu\u015furken, g\u00fclerken, a\u011flarken, severken, nefret ederken \u00f6l\u00e7\u00fc ve tart\u0131ya dikkat etmeyip haddi a\u015fmaktan dengeli davran\u0131\u015fa hicret, haram paradan helal paraya hicret, g\u00fcnah sokaklar\u0131ndan sevap caddelerine hicret, karanl\u0131ktan ayd\u0131nl\u0131\u011fa hicret, inkardan imana hicret ya da yalandan do\u011fruya hicret hep devam edecektir.<\/p>\n<p>Bu minvalde, M\u00fcsl\u00fcmanlar olarak hicreti \u00e7ok iyi anlamak durumunday\u0131z. Hicret \u00f6ncesi ve sonras\u0131 ya\u015fanm\u0131\u015f olan olaylar\u0131 iyi kavrar ve \u00f6z\u00fcmsersek, hem insanl\u0131\u011f\u0131n hem de m\u00fcsl\u00fcmanlar\u0131n beraberce ya\u015famakta olduklar\u0131 bir\u00e7ok hayati problemi \u00e7\u00f6z\u00fcme kavu\u015fturabiliriz. \u00c7\u00fcnk\u00fc ge\u00e7mi\u015fte bu b\u00f6yle olmu\u015f ve insanl\u0131k as\u0131rlar boyu mutlu bir d\u00fcnyan\u0131n atmosferini teneff\u00fcs etmi\u015flerdir. G\u00fcn\u00fcm\u00fczde de insanl\u0131k yine, d\u00fcnyada ve ahirette mutlulu\u011fu aramaktad\u0131r ve hicretle gelen hayat nuruna muhta\u00e7t\u0131r. \u0130htiyac\u0131 hissedilen bu nur, Kur&#8217;an ve S\u00fcnnet&#8217;ten olu\u015fan \u0130slam nizam\u0131nda mevcuttur ve samimi al\u0131c\u0131lar\u0131n\u0131 beklemektedir.<\/p>\n<p>Bu vesile ile ben de b\u00fct\u00fcn karde\u015flerimizin Hicri y\u0131lba\u015flar\u0131n\u0131 tebrik ediyorum. Bizleri bekleyen bu yeni y\u0131l\u0131, zul\u00fcm, k\u0131y\u0131m ve haks\u0131zl\u0131klar\u0131n sona erdi\u011fi, insan hakk\u0131 ihlallerine nihayet verildi\u011fi, kan ve g\u00f6zya\u015flar\u0131n\u0131n dindi\u011fi bir y\u0131l k\u0131lmas\u0131n\u0131 Cenab-\u0131 Hak&#8217;tan niyaz ediyorum.&#8221;\u009d<\/p>\n<p><b>Kemal ERG\u00dcN<\/b><\/p>\n<p><b>Genel Ba\u015fkan<\/b><\/p>\n","protected":false},"excerpt":{"rendered":"<p>\u0130slam Toplumu Mill\u00ee G\u00f6r\u00fc\u015f Genel Ba\u015fkan\u0131 Kemal Erg\u00fcn, 26 Kas\u0131m 2011 Cumartesi g\u00fcn\u00fcne tevafuk eden&nbsp;1 Muharrem&nbsp;1433 tarihinin Hicri Y\u0131lba\u015f\u0131 olmas\u0131 m\u00fcnasebetiyle bir mesaj yay\u0131mlad\u0131. Genel Ba\u015fkan Erg\u00fcn, mesaj\u0131nda \u015fu konulara dikkat \u00e7ekti: &#8220;Hicret hadisesi, \u0130sl\u00e2m tarihinde vuku bulmu\u015f \u00f6nemli d\u00f6n\u00fcm noktalar\u0131ndan biridir. Bu tarih, sahip oldu\u011fu ehemmiyet sebebiyledir ki, \u0130slam d\u00fcnyas\u0131n\u0131n takviminin ba\u015flang\u0131c\u0131 olmay\u0131 fazlas\u0131yla [&hellip;]<\/p>\n","protected":false},"author":1,"featured_media":0,"comment_status":"open","ping_status":"closed","sticky":false,"template":"","format":"standard","meta":{"ngg_post_thumbnail":0},"categories":[23244,23254,1],"tags":[],"_links":{"self":[{"href":"https:\/\/www.igmg.org\/tr\/wp-json\/wp\/v2\/posts\/11843"}],"collection":[{"href":"https:\/\/www.igmg.org\/tr\/wp-json\/wp\/v2\/posts"}],"about":[{"href":"https:\/\/www.igmg.org\/tr\/wp-json\/wp\/v2\/types\/post"}],"author":[{"embeddable":true,"href":"https:\/\/www.igmg.org\/tr\/wp-json\/wp\/v2\/users\/1"}],"replies":[{"embeddable":true,"href":"https:\/\/www.igmg.org\/tr\/wp-json\/wp\/v2\/comments?post=11843"}],"version-history":[{"count":0,"href":"https:\/\/www.igmg.org\/tr\/wp-json\/wp\/v2\/posts\/11843\/revisions"}],"wp:attachment":[{"href":"https:\/\/www.igmg.org\/tr\/wp-json\/wp\/v2\/media?parent=11843"}],"wp:term":[{"taxonomy":"category","embeddable":true,"href":"https:\/\/www.igmg.org\/tr\/wp-json\/wp\/v2\/categories?post=11843"},{"taxonomy":"post_tag","embeddable":true,"href":"https:\/\/www.igmg.org\/tr\/wp-json\/wp\/v2\/tags?post=11843"}],"curies":[{"name":"wp","href":"https:\/\/api.w.org\/{rel}","templated":true}]}}