{"id":12383,"date":"2013-05-15T15:14:00","date_gmt":"2013-05-15T13:14:00","guid":{"rendered":"https:\/\/www.igmg.org\/?p=12383"},"modified":"2015-02-16T12:23:33","modified_gmt":"2015-02-16T11:23:33","slug":"bremen-aeslami-bayramlara-eayitlik-getirilmesi-umut-verici","status":"publish","type":"post","link":"https:\/\/www.igmg.org\/tr\/bremen-aeslami-bayramlara-eayitlik-getirilmesi-umut-verici\/","title":{"rendered":"Bremen: \u0130slami bayramlara e\u015fitlik getirilmesi umut verici"},"content":{"rendered":"<p>&#8220;Kurban bayram\u0131, Ramazan Bayram\u0131 ve A\u015fure g\u00fcn\u00fcn\u00fc Hristiyan ve Yahudi bayram g\u00fcnleriyle e\u015fit konuma getiren eyaletin Pazar ve Tatil G\u00fcnleri Kanunu&#039;nda yap\u0131lan yasa de\u011fi\u015fikli\u011fi sevindirici bir ad\u0131md\u0131r. Bu karar, konuya yasal netlik kazand\u0131rmas\u0131n\u0131n yan\u0131 s\u0131ra t\u00fcm Bremen M\u00fcsl\u00fcmanlar\u0131 i\u00e7in olumlu bir sinyaldir.<\/p>\n<p>Bundan b\u00f6yle, i\u015f\u00e7ilerin \u0130slami bayram g\u00fcnlerinde yap\u0131lan ibadetlere i\u015ftirak etme f\u0131rsatlar\u0131n\u0131n olacak olmas\u0131 ve \u00f6\u011frencilerin istedikleri takdirde, bayramlarda derslerden muaf tutulacak olmalar\u0131, e\u015fit haklara sahip yurtta\u015flar olduklar\u0131n\u0131 g\u00f6stermektedir. Bu geli\u015fme, M\u00fcsl\u00fcmanlar\u0131n Almanya&#039;yla \u00f6zde\u015fle\u015fmelerini sa\u011flayacak ve kendilerini buran\u0131n yerlisi hissetmeye davet edecektir.<\/p>\n<p> Ancak bu geli\u015fme, e\u015fitlili\u011fe do\u011fru g\u00f6t\u00fcren bir ilk ad\u0131md\u0131r. Hedef, \u0130slam&#039;\u0131n ve M\u00fcsl\u00fcmanlar\u0131n Almanya&#039;da tam e\u015fitli\u011fe kavu\u015fmas\u0131 olmal\u0131d\u0131r. Bu hedefe ula\u015fmak i\u00e7in daha bir\u00e7ok ad\u0131m\u0131n at\u0131lmas\u0131na ihtiya\u00e7 vard\u0131r. Bununla birlikte, \u0130slami bayram g\u00fcnlerine e\u015fitlik getirilmesi ku\u015fkusuz sevindirici ve gelecek i\u00e7in umut vericidir. Umut etti\u011fimiz bir di\u011fer husus ise, di\u011fer eyaletlerin de Bremen&#039;i \u00f6rnek alarak ayn\u0131 uygulamay\u0131 hayata ge\u00e7irmeleridir.\u00ae<\/p>\n","protected":false},"excerpt":{"rendered":"<p>&#8220;Bremen&#039;in, \u0130slami cemaatlerle yapt\u0131\u011f\u0131 anla\u015fmay\u0131 ad\u0131m ad\u0131m uygulamaya ge\u00e7irmesi sevindirici bir durum.\u00ae de\u011ferlendirmesinde bulunan \u0130slam Toplumu Mill\u00ee G\u00f6r\u00fc\u015f (IGMG) Genel Sekreteri O\u011fuz \u00dc\u00e7\u00fcnc\u00fc, Bremen \u015eehir Parlamentosu&#039;nun, \u0130slami bayram g\u00fcnleri ile Hristiyan ve Yahudi bayramlar\u0131na e\u015fitlik getirilmesine ili\u015fkin ald\u0131\u011f\u0131 karar m\u00fcnasebetiyle yapt\u0131\u011f\u0131 a\u00e7\u0131klamada ayr\u0131ca \u015funlar\u0131 ifade etti:<\/p>\n","protected":false},"author":1,"featured_media":0,"comment_status":"open","ping_status":"closed","sticky":false,"template":"","format":"standard","meta":{"ngg_post_thumbnail":0},"categories":[23244,23262,1],"tags":[],"_links":{"self":[{"href":"https:\/\/www.igmg.org\/tr\/wp-json\/wp\/v2\/posts\/12383"}],"collection":[{"href":"https:\/\/www.igmg.org\/tr\/wp-json\/wp\/v2\/posts"}],"about":[{"href":"https:\/\/www.igmg.org\/tr\/wp-json\/wp\/v2\/types\/post"}],"author":[{"embeddable":true,"href":"https:\/\/www.igmg.org\/tr\/wp-json\/wp\/v2\/users\/1"}],"replies":[{"embeddable":true,"href":"https:\/\/www.igmg.org\/tr\/wp-json\/wp\/v2\/comments?post=12383"}],"version-history":[{"count":0,"href":"https:\/\/www.igmg.org\/tr\/wp-json\/wp\/v2\/posts\/12383\/revisions"}],"wp:attachment":[{"href":"https:\/\/www.igmg.org\/tr\/wp-json\/wp\/v2\/media?parent=12383"}],"wp:term":[{"taxonomy":"category","embeddable":true,"href":"https:\/\/www.igmg.org\/tr\/wp-json\/wp\/v2\/categories?post=12383"},{"taxonomy":"post_tag","embeddable":true,"href":"https:\/\/www.igmg.org\/tr\/wp-json\/wp\/v2\/tags?post=12383"}],"curies":[{"name":"wp","href":"https:\/\/api.w.org\/{rel}","templated":true}]}}