{"id":12452,"date":"2013-08-16T12:00:00","date_gmt":"2013-08-16T10:00:00","guid":{"rendered":"https:\/\/www.igmg.org\/?p=12452"},"modified":"2015-02-16T10:59:26","modified_gmt":"2015-02-16T09:59:26","slug":"hutbe-ma%c2%bcminler-bir-va%c2%bccuda-benzerler","status":"publish","type":"post","link":"https:\/\/www.igmg.org\/tr\/hutbe-ma%c2%bcminler-bir-va%c2%bccuda-benzerler\/","title":{"rendered":"Hutbe: M\u00fcminler bir v\u00fccuda benzerler"},"content":{"rendered":"<p><b>Muhterem M\u00fcsl\u00fcmanlar,<\/b><\/p>\n<p>M\u00fcsl\u00fcman, iman\u0131n\u0131n gere\u011fi olarak, \u00e7evresinde meydana gelen geli\u015fmelere kar\u015f\u0131 duyars\u0131z kalamaz. Bir muhta\u00e7 elini a\u00e7t\u0131\u011f\u0131nda ona elinden geldi\u011fince yard\u0131m eder, bir hastay\u0131 g\u00f6rd\u00fc\u011f\u00fcnde onun kanayan yaras\u0131na merhem olur. Bir felaket ya\u015fansa ila\u00e7 bulur, yard\u0131m toplar ve bunlar\u0131 iletir. Bir yerde bir zul\u00fcm varsa ve elinden hi\u00e7bir \u015fey gelmiyorsa, en az\u0131ndan zulm\u00fc telin eder, mazlumlara dua eder, zalimleri de Allah&#039;a havale eder. Nitekim Peygamberimiz (s.a.v.) \u015f\u00f6yle buyurmu\u015ftur: <b><i>&#8220;Bir k\u00f6t\u00fcl\u00fck g\u00f6rd\u00fc\u011f\u00fcn\u00fcz zaman elinizle d\u00fczeltin. Buna g\u00fcc\u00fcn\u00fcz yetmezse dilinizle d\u00fczeltin. Buna da g\u00fcc\u00fcn\u00fcz yetmezse kalben bu\u011fzedin; bu ise iman\u0131n en zay\u0131f derecesidir.&#8221;\u009d<\/i><\/b> (M\u00fcslim, \u0130man, 78)<\/p>\n<p><b>Aziz Karde\u015flerim,<br \/>\n <\/b>Tarihinde ilk defa \u00f6z iradesini kullanarak demokratik bir se\u00e7im ile ba\u015fa getirdi\u011fi cumhurba\u015fkan\u0131n\u0131n darbe ile g\u00f6revden al\u0131nmas\u0131 kar\u015f\u0131s\u0131nda sessiz kalmay\u0131p, tamamen bar\u0131\u015f\u00e7\u0131l yollardan en temel haklar\u0131 olarak insan\u00ee tepkilerini dile getiren M\u0131s\u0131rl\u0131 karde\u015flerimiz, \u00e7oluk \u00e7ocuk, kad\u0131n erkek denmeden \u00f6ld\u00fcr\u00fclmektedir. M\u0131s\u0131r halk\u0131n\u0131n iradesi, ya\u015fam hakk\u0131 hi\u00e7e say\u0131lm\u0131\u015f, s\u0131rf d\u00fcnya menfaati ve iktidar h\u0131rs\u0131 u\u011fruna kurban edilmi\u015ftir. M\u0131s\u0131r&#039;da ge\u00e7ti\u011fimiz g\u00fcnlerde ya\u015fanan ve bug\u00fcn dahi devam eden katliamlar bizleri derinden sarsm\u0131\u015ft\u0131r. Ya\u015fananlar vicdanlar\u0131m\u0131z\u0131 da\u011flam\u0131\u015f, y\u00fcreklerimizi s\u0131zlatm\u0131\u015f, g\u00f6zlerimizi ya\u015fartm\u0131\u015ft\u0131r. \u00d6lenler bizim karde\u015flerimizdir; dolay\u0131s\u0131yla onlar\u0131n ac\u0131s\u0131n\u0131 payla\u015f\u0131yoruz. Bu hissiyat, karde\u015fli\u011fin bir gere\u011fidir ve Efendimiz (s.a.v.) bu konuda \u015f\u00f6yle buyurmaktad\u0131r: <b><i>&#8220;<\/i><i>M\u00fcminler birbirlerini sevmekte, birbirlerine ac\u0131makta, birbirlerini korumakta bir v\u00fccuda benzerler. V\u00fccudun bir uzvu hasta oldu\u011fu zaman bu sebeple di\u011fer uzuvlar da uykusuzlu\u011fa ve ate\u015fli hastal\u0131\u011fa tutulurlar.&#8221;\u009d<\/i><\/b> (Buh\u00e2r\u00ee, Edeb, 27)<\/p>\n<p><b>Muhterem M\u00fcsl\u00fcmanlar,<\/b><\/p>\n<p>\u00c7ar\u015famba g\u00fcn\u00fc M\u0131s\u0131r&#039;da sivil halk\u0131n hakl\u0131 taleplerine tahamm\u00fcl edemeyenler b\u00fcy\u00fck bir katliam ger\u00e7ekle\u015ftirmi\u015ftir. Kendi halklar\u0131na kar\u015f\u0131 bu zulm\u00fc yapanlar\u0131n bu \u00fclkeyi art\u0131k daha fazla y\u00f6netemeyece\u011fi a\u00e7\u0131kt\u0131r. Bu nedenle me\u015fru cumhurba\u015fkan\u0131 Muhammed Mursi makam\u0131na geri d\u00f6nmeli ve b\u00f6ylece halk\u0131n iradesi tecelli etmelidir. Daha fazla can kayb\u0131n\u0131n ya\u015fanmamas\u0131 i\u00e7in t\u00fcm d\u00fcnya gibi, Bat\u0131l\u0131 \u00fclkelerin de olaya kay\u0131ts\u0131z kalmamalar\u0131 ve t\u00fcm siyasi akt\u00f6rlerin M\u0131s\u0131r&#039;daki durumun normale d\u00f6nmesi ad\u0131na \u00e7aba sarf etmeleri gerekmektedir. M\u0131s\u0131r&#039;daki vahim tablonun bir an \u00f6nce sona ermesi ve M\u0131s\u0131r halk\u0131n\u0131n bar\u0131\u015f ve huzurun h\u00e2kim oldu\u011fu bir ya\u015fama kavu\u015fmas\u0131 en \u00f6ncelikli arzumuzdur. <\/p>\n<p>Bu ama\u00e7la \u00f6n\u00fcm\u00fczdeki Pazar g\u00fcn\u00fc sabah namaz\u0131n\u0131 m\u00fcteakiben b\u00fct\u00fcn IGMG camilerinde M\u0131s\u0131r&#039;da hayatlar\u0131n\u0131 kaybeden karde\u015flerimiz i\u00e7in dua edece\u011fiz. B\u00fct\u00fcn cemaatimizi, b\u00fcy\u00fck k\u00fc\u00e7\u00fck demeden duam\u0131za e\u015flik etmeye, M\u0131s\u0131r&#039;da \u015fehit d\u00fc\u015fen karde\u015flerimiz ve mazlum durumda olan t\u00fcm M\u00fcsl\u00fcmanlar i\u00e7in duaya davet ediyoruz.<\/p>\n<p> <b>IGMG \u0130r\u015fad Ba\u015fkanl\u0131\u011f\u0131<\/b><\/p>\n","protected":false},"excerpt":{"rendered":"<p>&#8220;M\u00fcminler birbirlerini sevmekte, birbirlerine ac\u0131makta, birbirlerini korumakta bir v\u00fccuda benzerler. V\u00fccudun bir uzvu hasta oldu\u011fu zaman bu sebeple di\u011fer uzuvlar da uykusuzlu\u011fa ve ate\u015fli hastal\u0131\u011fa tutulurlar.&#8221;\u009d (Buh\u00e2r\u00ee, Edeb, 27)<\/p>\n","protected":false},"author":1,"featured_media":0,"comment_status":"open","ping_status":"closed","sticky":false,"template":"","format":"standard","meta":{"ngg_post_thumbnail":0},"categories":[23242,2],"tags":[],"_links":{"self":[{"href":"https:\/\/www.igmg.org\/tr\/wp-json\/wp\/v2\/posts\/12452"}],"collection":[{"href":"https:\/\/www.igmg.org\/tr\/wp-json\/wp\/v2\/posts"}],"about":[{"href":"https:\/\/www.igmg.org\/tr\/wp-json\/wp\/v2\/types\/post"}],"author":[{"embeddable":true,"href":"https:\/\/www.igmg.org\/tr\/wp-json\/wp\/v2\/users\/1"}],"replies":[{"embeddable":true,"href":"https:\/\/www.igmg.org\/tr\/wp-json\/wp\/v2\/comments?post=12452"}],"version-history":[{"count":0,"href":"https:\/\/www.igmg.org\/tr\/wp-json\/wp\/v2\/posts\/12452\/revisions"}],"wp:attachment":[{"href":"https:\/\/www.igmg.org\/tr\/wp-json\/wp\/v2\/media?parent=12452"}],"wp:term":[{"taxonomy":"category","embeddable":true,"href":"https:\/\/www.igmg.org\/tr\/wp-json\/wp\/v2\/categories?post=12452"},{"taxonomy":"post_tag","embeddable":true,"href":"https:\/\/www.igmg.org\/tr\/wp-json\/wp\/v2\/tags?post=12452"}],"curies":[{"name":"wp","href":"https:\/\/api.w.org\/{rel}","templated":true}]}}