{"id":12723,"date":"2014-11-25T12:02:00","date_gmt":"2014-11-25T11:02:00","guid":{"rendered":"https:\/\/www.igmg.org\/?p=12723"},"modified":"2015-07-29T16:46:33","modified_gmt":"2015-07-29T14:46:33","slug":"sayae%c2%b1n-aea%c2%a7iayleri-bakanae%c2%b1m-camiler-toplumun-menfaatleri-ia%c2%a7in-olaaeyana%c2%bcsta%c2%bc-hizmetler-ortaya-koymaktadae%c2%b1r","status":"publish","type":"post","link":"https:\/\/www.igmg.org\/tr\/sayae%c2%b1n-aea%c2%a7iayleri-bakanae%c2%b1m-camiler-toplumun-menfaatleri-ia%c2%a7in-olaaeyana%c2%bcsta%c2%bc-hizmetler-ortaya-koymaktadae%c2%b1r\/","title":{"rendered":"Say\u0131n \u0130\u00e7i\u015fleri Bakan\u0131m, camiler toplumun menfaatleri i\u00e7in ola\u011fan\u00fcst\u00fc hizmetler ortaya koymaktad\u0131r!"},"content":{"rendered":"<p><strong>\u0130slam Toplumu Mill\u00ee G\u00f6r\u00fc\u015f (IGMG) Genel Sekreteri Mustafa Yenero\u011flu, Federal \u0130\u00e7i\u015fleri Bakan\u0131 Thomas de Maiziere&#8217;in ter\u00f6r \u00f6rg\u00fct\u00fc I\u015e\u0130D ile ilgili yapt\u0131\u011f\u0131 a\u00e7\u0131klamalar\u0131 &#8220;\u00e7arp\u0131t\u0131c\u0131 ve tehlikeli&#8221;\u009d olarak nitelendirdi. Yenero\u011flu, bakan\u0131n, &#8220;Ter\u00f6ristler camilerde bulunuyorlard\u0131, orada radikalle\u015ftiler.&#8221;\u009d \u015feklindeki ifadeleri ile camileri do\u011frudan ter\u00f6r eylemleri ile ba\u011fda\u015ft\u0131rd\u0131\u011f\u0131n\u0131, bunun kesinlikle b\u00f6yle olmad\u0131\u011f\u0131n\u0131n bilinmesine ra\u011fmen bu \u015fekilde ifadelerin M\u00fcsl\u00fcmanlara kar\u015f\u0131 toplumdaki kini daha da derinle\u015ftirdi\u011fini vurgulad\u0131. Yenero\u011flu s\u00f6zlerini \u015f\u00f6yle s\u00fcrd\u00fcrd\u00fc: <\/strong><\/p>\n<p>&#8220;B\u00f6yle a\u00e7\u0131klamalar\u0131n a\u015f\u0131r\u0131 sa\u011fc\u0131 sald\u0131rganlar\u0131n M\u00fcsl\u00fcmanlara kar\u015f\u0131 s\u00fcrd\u00fcrd\u00fckleri sald\u0131r\u0131lar\u0131na me\u015fruiyet kazand\u0131rmaya yarad\u0131\u011f\u0131 g\u00fcvenlik kurumlar\u0131 taraf\u0131ndan \u00e7ok iyi bilinmektedir. Bu sebeple sorumlular, kulland\u0131klar\u0131 kelimeleri \u00e7ok iyi se\u00e7mek ve kin yaratacak, M\u00fcsl\u00fcmalara kar\u015f\u0131 var olan \u00f6n yarg\u0131lar\u0131 daha da k\u00f6r\u00fckleyecek ifadelerden ka\u00e7\u0131nmak zorundad\u0131rlar. Bu ifadeler, art\u0131k geride b\u0131rakt\u0131\u011f\u0131m\u0131z\u0131 sand\u0131\u011f\u0131m\u0131z ge\u00e7mi\u015f d\u00f6nemleri hat\u0131rlatmakta ve kayg\u0131ya sebebiyet vermektedir ve bu kayg\u0131 sadece M\u00fcsl\u00fcmanlara mahsus de\u011fildir.<\/p>\n<p>Radikalle\u015fmenin nerede meydana gelip nerede gelmedi\u011fini en ba\u015fta Federal \u0130\u00e7i\u015fleri Bakan\u0131m\u0131z&#8217;\u0131n bilmesi gerekir. Almanya&#8217;da 2.000&#8217;nin \u00fczerinde cami bulunmaktd\u0131r. E\u011fer birka\u00e7 insan, belli bir \u00e7evrede ger\u00e7ekten radikalle\u015fiyor ise, ilgili emniyet birimleri olaya yerinde m\u00fcdahale etmek zorundad\u0131r. T\u00fcm camileri genellemeci bir tav\u0131rla zan alt\u0131nda b\u0131rakmak, soruna \u00e7\u00f6z\u00fcm getirmemekle birlikte, y\u0131k\u0131c\u0131 sonu\u00e7lar da do\u011furabilecek bir davran\u0131\u015ft\u0131r.<\/p>\n<p>Hakikat \u015fudur: Cami derneklerinin y\u00fczde 99&#8217;u herhangi bir destek g\u00f6rmeksizin, daima d\u0131\u015flanmalar\u0131na ra\u011fmen ve herhangi bir takdir almadan en ba\u015fta gen\u00e7lik alan\u0131nda olmak \u00fczere s\u00fcrd\u00fcrd\u00fckleri g\u00f6n\u00fcll\u00fc \u00e7al\u0131\u015fmalar\u0131yla on y\u0131llard\u0131r toplum menfaatleri i\u00e7in ola\u011fan\u00fcst\u00fc hizmetler sunmaktad\u0131r. Bu \u00e7al\u0131\u015fmalardan \u00f6t\u00fcr\u00fc M\u00fcsl\u00fcmanlar Almanya&#8217;y\u0131 her zamankinden daha fazla kendi \u00fclkeleri olarak g\u00f6rmektedir. <\/p>\n<p>T\u00fcm IGMG camilerinde oldu\u011fu gibi di\u011fer camilerde de yap\u0131lan \u00e7al\u0131\u015fmalar sadece ter\u00f6r\u00fc \u00f6nleyici de\u011fil, ayn\u0131 zamanda \u00f6zellikle \u015fiddeti \u00f6v\u00fcc\u00fc radikalle\u015fme tarzlar\u0131 s\u00f6z konusu oldu\u011funda, bunlara kar\u015f\u0131 ba\u011f\u0131\u015f\u0131kl\u0131k kazand\u0131r\u0131c\u0131 bir niteli\u011fe sahiptir. \u00d6zellikle IGMG&#8217;nin gen\u00e7lik \u00e7al\u0131\u015fmalar\u0131 ve ba\u015far\u0131l\u0131 rehberlik programlar\u0131 sayesinde on binlerce gence sahip \u00e7\u0131k\u0131lmaktad\u0131r. <\/p>\n<p>Say\u0131n Federal \u0130\u00e7i\u015fleri Bakan\u0131 camileri bizzat yerinde inceleyip bundan emin olabilir. Maalesef i\u00e7i\u015fleri bakanlar\u0131m\u0131z bu konuda pek istekli davranmamakta, buna kar\u015f\u0131n medyatik aksiyonlarla sorunlar\u0131 az\u0131nl\u0131klara y\u00fcklemeyi tercih etmektedirler. <\/p>\n<p>M\u00fcsl\u00fcmanlara kar\u015f\u0131 sergilenen bu hatal\u0131 tutumun art\u0131k de\u011fi\u015fme zaman\u0131 \u00e7oktan gelmi\u015ftir. M\u00fcnferit hadiseleri \u00f6rnek g\u00f6sterip, g\u00fcvenlik uygulamalar\u0131yla daima M\u00fcsl\u00fcmanlar\u0131n \u00fcst\u00fcne gelmek yerine cami derneklerinin toplum menfaatine hizmet eden \u00e7al\u0131\u015fmalar\u0131 takdir edilmelidir. Polisiye programlar\u0131yla camilere yakla\u015fmak; sosyal politikalarda, e\u011fitim ve gen\u00e7lik politikalar\u0131nda ise onlar\u0131 g\u00f6rmezlikten gelmek tamamen yanl\u0131\u015f bir tutumdur. \u0130\u00e7 politikada M\u00fcsl\u00fcmanlara kar\u015f\u0131 sergilenen yakla\u015f\u0131m, din ve k\u00fclt\u00fcr odakl\u0131 g\u00fcvenlik konsepti, kullan\u0131lan kavramlar ve hitabet \u015fekli acilen g\u00f6zden ge\u00e7irilmelidir. Alternatif bir \u0130slam politikas\u0131 ve nesnel bir tart\u0131\u015fma ortam\u0131na IGMG&#8217;nin kap\u0131lar\u0131 her zamanki gibi sonuna kadar a\u00e7\u0131kt\u0131r.&#8221;<\/p>\n","protected":false},"excerpt":{"rendered":"<p>\u0130slam Toplumu Mill\u00ee G\u00f6r\u00fc\u015f (IGMG) Genel Sekreteri Mustafa Yenero\u011flu, Federal \u0130\u00e7i\u015fleri Bakan\u0131 Thomas de Maiziere&#8217;in ter\u00f6r \u00f6rg\u00fct\u00fc I\u015e\u0130D ile ilgili yapt\u0131\u011f\u0131 a\u00e7\u0131klamalar\u0131 &#8220;\u00e7arp\u0131t\u0131c\u0131 ve tehlikeli&#8221;\u009d olarak nitelendirdi. Yenero\u011flu, bakan\u0131n, &#8220;Ter\u00f6ristler camilerde bulunuyorlard\u0131, orada radikalle\u015ftiler.&#8221;\u009d \u015feklindeki ifadeleri ile camileri do\u011frudan ter\u00f6r eylemleri ile ba\u011fda\u015ft\u0131rd\u0131\u011f\u0131n\u0131, bunun kesinlikle b\u00f6yle olmad\u0131\u011f\u0131n\u0131n bilinmesine ra\u011fmen bu \u015fekilde ifadelerin M\u00fcsl\u00fcmanlara kar\u015f\u0131 toplumdaki kini daha da derinle\u015ftirdi\u011fini vurgulad\u0131. Yenero\u011flu s\u00f6zlerini \u015f\u00f6yle s\u00fcrd\u00fcrd\u00fc: <\/p>\n","protected":false},"author":1,"featured_media":0,"comment_status":"open","ping_status":"closed","sticky":false,"template":"","format":"standard","meta":{"ngg_post_thumbnail":0},"categories":[23244,23262],"tags":[],"_links":{"self":[{"href":"https:\/\/www.igmg.org\/tr\/wp-json\/wp\/v2\/posts\/12723"}],"collection":[{"href":"https:\/\/www.igmg.org\/tr\/wp-json\/wp\/v2\/posts"}],"about":[{"href":"https:\/\/www.igmg.org\/tr\/wp-json\/wp\/v2\/types\/post"}],"author":[{"embeddable":true,"href":"https:\/\/www.igmg.org\/tr\/wp-json\/wp\/v2\/users\/1"}],"replies":[{"embeddable":true,"href":"https:\/\/www.igmg.org\/tr\/wp-json\/wp\/v2\/comments?post=12723"}],"version-history":[{"count":2,"href":"https:\/\/www.igmg.org\/tr\/wp-json\/wp\/v2\/posts\/12723\/revisions"}],"predecessor-version":[{"id":29170,"href":"https:\/\/www.igmg.org\/tr\/wp-json\/wp\/v2\/posts\/12723\/revisions\/29170"}],"wp:attachment":[{"href":"https:\/\/www.igmg.org\/tr\/wp-json\/wp\/v2\/media?parent=12723"}],"wp:term":[{"taxonomy":"category","embeddable":true,"href":"https:\/\/www.igmg.org\/tr\/wp-json\/wp\/v2\/categories?post=12723"},{"taxonomy":"post_tag","embeddable":true,"href":"https:\/\/www.igmg.org\/tr\/wp-json\/wp\/v2\/tags?post=12723"}],"curies":[{"name":"wp","href":"https:\/\/api.w.org\/{rel}","templated":true}]}}