{"id":236,"date":"2006-11-11T22:01:00","date_gmt":"2006-11-11T21:01:00","guid":{"rendered":"https:\/\/www.igmg.org\/?p=236"},"modified":"2015-02-16T10:48:44","modified_gmt":"2015-02-16T09:48:44","slug":"igmg-kadae%c2%b1n-kollar-kuraean-okuma-yarae%c2%b1aymasae%c2%b1-yapae%c2%b1ldae%c2%b1","status":"publish","type":"post","link":"https:\/\/www.igmg.org\/tr\/igmg-kadae%c2%b1n-kollar-kuraean-okuma-yarae%c2%b1aymasae%c2%b1-yapae%c2%b1ldae%c2%b1\/","title":{"rendered":"IGMG Kad\u0131n Kollar Kur&#8217;an Okuma Yar\u0131\u015fmas\u0131 yap\u0131ld\u0131"},"content":{"rendered":"<p>Leverkusen Wilhelm-Dopatka Halle&#8217;de ger\u00e7ekle\u015ftirilen ve bu y\u0131l \u00fc\u00e7\u00fcnc\u00fcs\u00fc d\u00fczenlenen yar\u0131\u015fmada Ruhr-A b\u00f6lgesinden Bet\u00fcl P\u00fcr birinci, Hannover b\u00f6lgesinden Merve Barut ikinci, Berlin b\u00f6lgesinden Melike Nevruz \u00fc\u00e7\u00fcnc\u00fc ve Bel\u00e7ika b\u00f6lgesinden Cemile Tetik d\u00f6rd\u00fcnc\u00fc oldu. Program 3000&#8217;in \u00fczerindeki kat\u0131l\u0131mc\u0131s\u0131yla manevi bir \u015f\u00f6len havas\u0131nda ge\u00e7ti.<\/p>\n<p> Program ge\u00e7en y\u0131l yap\u0131lan yar\u0131\u015fmada Avrupa birincisi olan Mine Ata\u015f&#8217;\u0131n okudu\u011fu Kur&#8217;an-\u0131 Kerim ile ba\u015flad\u0131. Yar\u0131\u015fmac\u0131lar\u0131n tan\u0131t\u0131m\u0131ndan sonra yar\u0131\u015fmaya ge\u00e7ildi. \u00c7ekilen kura sonras\u0131nda olu\u015fan s\u0131ralamaya g\u00f6re ezberden ve y\u00fcz\u00fcne okuma alanlar\u0131nda yap\u0131lan yar\u0131\u015fma sonras\u0131nda IGMG Kad\u0131n Kollar\u0131 Ba\u015fkan\u0131 Zehra Dizman Han\u0131m bir konu\u015fma yapt\u0131. Kat\u0131l\u0131mc\u0131lar\u0131n bayramlar\u0131n\u0131 tebrik eden ve kat\u0131l\u0131mlar\u0131ndan dolay\u0131 te\u015fekk\u00fcr eden Dizman konu\u015fmas\u0131nda \u015fu hususlara de\u011findi: &#8220;<strong>\u0130nan\u0131yorum ki, bizler bug\u00fcn, hayat\u0131m\u0131z\u0131n en de\u011ferli anlar\u0131ndan birini ya\u015f\u0131yoruz. Bunun iki sebebi var: Birincisi; bereketli bir Ramazan ay\u0131n\u0131 geride b\u0131rakt\u0131k ve bayrama eri\u015ftik. Y\u00fcce Rabbimden ibadetlerinizin kabul\u00fcn\u00fc diliyor, hepinizin Ramazan bayram\u0131n\u0131z\u0131 tebrik ediyorum. \u0130kinci sevin\u00e7 vesilemiz ise, \u00fc\u00e7\u00fcnc\u00fcs\u00fcn\u00fc tertipledi\u011fimiz Kur&#8217;an-\u0131 Kerim okuma yar\u0131\u015fmas\u0131nda bir araya gelmi\u015f olmam\u0131zd\u0131r. <\/strong><\/p>\n<p><strong> Bu vesile ile yar\u0131\u015fmac\u0131 evlatlar\u0131m\u0131z\u0131, hocalar\u0131m\u0131z\u0131, anne ve babalar\u0131 can-\u0131 g\u00f6n\u00fclden tebrik ediyorum.<\/p>\n<p> <\/strong><\/p>\n<p><strong> Kur&#8217;an, insanl\u0131\u011fa do\u011fru yolu g\u00f6steren Allah&#8217;\u0131n kelam\u0131, hayat rehberimizdir. Kur&#8217;an okuyan Allah&#8217;\u0131n s\u00f6z\u00fcn\u00fc tekrar ediyor; adeta Allah ile konu\u015fuyor demektir. Bu ise, insan i\u00e7in b\u00fcy\u00fck bir bahtiyarl\u0131kt\u0131r. Kur&#8217;an, bize hak ile bat\u0131l\u0131n, iyi ile k\u00f6t\u00fcn\u00fcn, \u00e7irkin ile g\u00fczelin, asil olan ile asil olmayan\u0131n en do\u011fru tarifini yapar; d\u00fcnya ve ahiret mutlulu\u011funun yollar\u0131n\u0131 g\u00f6sterir. Kur&#8217;an, \u00f6yle bir m\u00fcbarek kitapt\u0131r ki, hem \u00f6\u011frenilmesi, hem okunmas\u0131, hem de dinlenilmesi ibadettir. G\u00fcne\u015fin \u0131\u015f\u0131\u011f\u0131 d\u0131\u015f d\u00fcnyam\u0131z\u0131; Kur&#8217;an&#8217;\u0131n nuru ise i\u00e7imizi ayd\u0131nlat\u0131r. Kur&#8217;an, insanl\u0131\u011f\u0131 bar\u0131\u015f ve huzura \u00e7a\u011f\u0131r\u0131r; insanlar aras\u0131nda adaletle davran\u0131lmas\u0131n\u0131 emreder; Y\u00fcce Rabbimiz, &#8221; Allah i\u00e7in hakk\u0131 tutan, adaletle \u015fahitlik eden kimseler olun. Bir toplulu\u011fa duydu\u011funuz kin, sizi adaletsiz davranmaya y\u00f6neltmesin&#8221;\u009d emriyle M\u00fcsl\u00fcman\u0131n zulmetmesini yasaklar.&#8221;\u009d <\/strong><\/p>\n<p> Son zamanlarda M\u00fcsl\u00fcmanlar\u0131 ilgilendiren sorunlara da dikkat \u00e7eken Zehra Dizman konu\u015fmas\u0131nda \u015fu g\u00f6r\u00fc\u015flere yer verdi: &#8220;<strong> Karikat\u00fcr kriziyle ba\u015flayan, Papa&#8217;n\u0131n Peygamberimiz ve kitab\u0131m\u0131zla alakal\u0131 devam eden a\u00e7\u0131klamalar\u0131 ve son olarak da Almanya Federal Parlamentosu&#8217;ndaki baz\u0131 T\u00fcrk as\u0131ll\u0131 han\u0131m milletvekillerinin M\u00fcsl\u00fcman kad\u0131nlar\u0131n ba\u015flar\u0131n\u0131 a\u00e7malar\u0131n\u0131 \u00f6nermeleri son derece ayr\u0131mc\u0131 ve vicdanlar\u0131 kanat\u0131c\u0131 bir durumdur. Milletin vekili olmalar\u0131n\u0131 tart\u0131\u015fmal\u0131 hale getiren bu kimselerin s\u00f6ylemleri bizleri derinden \u00fczm\u00fc\u015f ve yaralam\u0131\u015ft\u0131r. M\u00fcsl\u00fcman kad\u0131nlar olarak bu onur k\u0131r\u0131c\u0131 tutumlar\u0131 \u015fiddetle k\u0131n\u0131yor, bu talihsiz a\u00e7\u0131klamalar\u0131n sahiplerini insafl\u0131 ve vicdanl\u0131 olmaya davet ediyoruz.&#8221;<\/p>\n<p> <\/strong><\/p>\n<p> Programa bir mesajla kat\u0131lan IGMG Genel Ba\u015fkan\u0131 Yavuz \u00c7elik Karahan, IGMG Kad\u0131n Kollar\u0131n\u0131, Kad\u0131n Kollar\u0131 Ba\u015fkan\u0131 Zehra Dizman&#8217;\u0131 MYK&#8217;y\u0131 ve t\u00fcm eme\u011fi ge\u00e7enleri tebrik ettikten sonra t\u00fcm kat\u0131l\u0131mc\u0131lara te\u015fekk\u00fcr eden mesaj\u0131nda \u015fu g\u00f6r\u00fc\u015flere yer verdi: &#8220;<strong> Tevhid inanc\u0131, adalet duygusu ve ahiret inanc\u0131, bizlerin hayat anlay\u0131\u015f\u0131m\u0131z\u0131 belirleyen \u00fc\u00e7 temel esas\u0131m\u0131zd\u0131r. <\/strong><\/p>\n<p><strong> Tevhid inanc\u0131m\u0131z, bizi kula kul olmaktan kurtar\u0131p, y\u00fcce yarat\u0131c\u0131m\u0131z Allah&#8217;a kulluk etmek suretiyle bizleri \u00f6zg\u00fcrle\u015ftirir. Adalet anlay\u0131\u015f\u0131m\u0131z; <\/strong><strong> kimden gelirse gelsin ve kime kar\u015f\u0131 yap\u0131l\u0131rsa yap\u0131ls\u0131n, her t\u00fcrl\u00fc haks\u0131zl\u0131klara ve zulme kar\u015f\u0131 olmam\u0131z\u0131 gerekli k\u0131lar. <\/strong><\/p>\n<p><strong> Ahiret inanc\u0131m\u0131z ise, \u00f6ld\u00fckten sonra bir hesab\u0131n oldu\u011funu; bundan dolay\u0131, inanc\u0131 ne olursa olsun, kul hakk\u0131na, hukukun \u00fcst\u00fcnl\u00fc\u011f\u00fcne, riayet etmemizi temin eder. Bu esaslar, y\u00fcce kitab\u0131m\u0131z Kur&#8217;an&#8217;da ana hatlar\u0131 ile belirtilmi\u015ftir. D\u00fcnya ve ahiret saadetinin anahtar\u0131 olan Kur&#8217;\u00e2n&#8217;\u0131 okumay\u0131 \u00f6\u011frendi\u011fimiz gibi, onu anlamaya \u00e7al\u0131\u015fmal\u0131 ve de ya\u015famal\u0131y\u0131z. Bug\u00fcn d\u00fcnyada en \u00e7ok okunan kitap Kur&#8217;an-\u0131 Kerim&#8217;dir ve mesaj\u0131 son derece kolay anla\u015f\u0131labilir. Buna ra\u011fmen, ne yaz\u0131k ki, M\u00fcsl\u00fcmanlar\u0131n bir k\u0131sm\u0131 cehaletten kendilerini kurtaramam\u0131\u015ft\u0131 r. Bu m\u00fcnasebetle ifade etmeliyiz ki, bizler te\u015fkilat olarak, t\u00fcm mensuplar\u0131m\u0131z\u0131n vahiy k\u00fclt\u00fcr\u00fcne sahip olmas\u0131n\u0131 gerekli g\u00f6r\u00fcyor, \u00f6zellikle de k\u0131zlar\u0131m\u0131z\u0131n, han\u0131mlar\u0131m\u0131z\u0131n do\u011fru bilgiye dayal\u0131 \u00f6\u011frenim ve e\u011fitimlerine \u00f6nem veriyoruz.&#8221;\u009d<\/p>\n<p> <\/strong><\/p>\n<p> \u0130slam&#8217;\u0131n, kad\u0131na de\u011fer veren ilahi bir din oldu\u011funu belirten IGMG Genel Ba\u015fkan\u0131 Yavuz \u00c7elik Karahan, &#8220;Ancak \u015fu ac\u0131 bir ger\u00e7ektir ki, ge\u00e7mi\u015fte ve g\u00fcn\u00fcm\u00fczde, gerek ailede, gerekse toplumsal yap\u0131da, kad\u0131nlar\u0131n her zaman hak ettikleri sayg\u0131 ve de\u011feri g\u00f6rd\u00fckleri s\u00f6ylenemez. \u0130nsanl\u0131k tarihinde, kad\u0131n\u0131n insan olup olmad\u0131\u011f\u0131 tart\u0131\u015f\u0131lacak kadar insaftan uzakla\u015f\u0131lm\u0131\u015f, hatta kad\u0131n, namusa leke s\u00fcren bir varl\u0131k olarak d\u00fc\u015f\u00fcn\u00fclm\u00fc\u015f ve hayat hakk\u0131 hi\u00e7e say\u0131larak t\u00f6re cinayetlerine ve daha bir\u00e7ok vah\u015fi muameleye maruz b\u0131rak\u0131lm\u0131\u015ft\u0131r. Unutmayal\u0131m ki, bayan olsun erkek olsun, onlar Y\u00fcce Mevl\u00e2&#8217;m\u0131z\u0131n bize sevin\u00e7, mutluluk ve huzur kayna\u011f\u0131 k\u0131ld\u0131\u011f\u0131 k\u0131ymetli varl\u0131klard\u0131r. \u00c7ocuklar\u0131m\u0131za kar\u015f\u0131 davran\u0131\u015flar\u0131m\u0131z\u0131, onlara g\u00f6sterece\u011fimiz \u015fefkat ve merhametin \u00f6l\u00e7\u00fcs\u00fcn\u00fc, cinsiyetleri belirleyemez. Onlar\u0131n, birinin hakk\u0131 di\u011ferinden daha az de\u011ferli ve kutsal de\u011fildir. K\u0131z \u00e7ocuklar\u0131n\u0131n mirastan, e\u011fitim ve \u00f6\u011fretim imk\u00e2n\u0131ndan, toplumsal hayata kat\u0131lmaktan mahrum edilmeleri dinimizin esaslar\u0131 ile asla ba\u011fda\u015fmaz&#8221;\u009d dedi ve e\u011fitimin \u00f6nemine dikkat \u00e7ekti.<\/p>\n<p> \u0130kindi namaz\u0131 i\u00e7in ara verildikten sonra program; ilahi, ezgi ve s\u00f6yle\u015fisi ile H\u00fclya Kandemir ile devam etti. Daha \u00f6nceki hayat\u0131nda pop m\u00fczi\u011fi sanat\u00e7\u0131s\u0131 olan H\u00fclya Kandemir&#8217;in konu\u015fmas\u0131na dinleyiciler, takdir ve desteklerini alk\u0131\u015flar\u0131 ve tezah\u00fcratlar\u0131yla g\u00f6sterdiler. \u0130slam&#8217;a y\u00f6neli\u015fini ve hayat hik\u00e2yesini anlatan Kandemir, gitar e\u015fli\u011finde okudu\u011fu ezgileri ile davetlilere yo\u011fun tezah\u00fcrat alt\u0131nda duygulu dakikalar ya\u015fatt\u0131. <\/p>\n<p> Kur&#8217;an yar\u0131\u015fmas\u0131 i\u00e7in \u00f6zel olarak Endonezya&#8217;dan davet edilen Nur Asiye Amin ve Nur Hidayet S\u00fcleyman ile \u0130ran&#8217;dan davet edilen S\u00fcmeyye Hac Ali ve \u015eeyma Cihangiastiani gibi d\u00fcnyaca \u00fcnl\u00fc han\u0131m okuyucular, misafirlere unutulmaz dakikalar ya\u015fatt\u0131lar. <\/p>\n<p> Kur&#8217;an ziyafeti sona erdikten sonra yar\u0131\u015fman\u0131n sonu\u00e7lar\u0131 a\u00e7\u0131kland\u0131 ve bu y\u0131l\u0131n birincisi Ruhr A&#8217;dan kat\u0131lan Bet\u00fcl P\u00fcr oldu. Hannover B\u00f6lgesinden Merve Barut ikinci, Berlin B\u00f6lgesinden Melike Nevruz \u00fc\u00e7\u00fcnc\u00fc ve Bel\u00e7ika B\u00f6lgesinden Cemile Tetik d\u00f6rd\u00fcnc\u00fc oldular.<\/p>\n<p> Yar\u0131\u015fmac\u0131lara plaket ve \u00f6d\u00fclleri IGMG Kad\u0131n Kollar\u0131 Ba\u015fkan\u0131 Zehra Dizman taraf\u0131ndan takdim edildi. Yar\u0131\u015fma ve Kur&#8217;an ziyafeti, yar\u0131\u015fman\u0131n birincisi Bet\u00fcl P\u00fcr&#8217;\u00fcn okudu\u011fu kapan\u0131\u015f Kur&#8217;an-\u0131 Kerim&#8217;i ile son buldu.<\/p>\n","protected":false},"excerpt":{"rendered":"<p>Endonezya ve \u0130ran&#8217;dan da han\u0131m k\u00e2rilerin de kat\u0131ld\u0131\u011f\u0131 programa H\u00fclya Kandemir s\u00f6yle\u015fisi ve ezgileriyle renk katt\u0131<\/p>\n","protected":false},"author":1,"featured_media":0,"comment_status":"open","ping_status":"closed","sticky":false,"template":"","format":"standard","meta":{"ngg_post_thumbnail":0},"categories":[23238,24,23257],"tags":[],"_links":{"self":[{"href":"https:\/\/www.igmg.org\/tr\/wp-json\/wp\/v2\/posts\/236"}],"collection":[{"href":"https:\/\/www.igmg.org\/tr\/wp-json\/wp\/v2\/posts"}],"about":[{"href":"https:\/\/www.igmg.org\/tr\/wp-json\/wp\/v2\/types\/post"}],"author":[{"embeddable":true,"href":"https:\/\/www.igmg.org\/tr\/wp-json\/wp\/v2\/users\/1"}],"replies":[{"embeddable":true,"href":"https:\/\/www.igmg.org\/tr\/wp-json\/wp\/v2\/comments?post=236"}],"version-history":[{"count":0,"href":"https:\/\/www.igmg.org\/tr\/wp-json\/wp\/v2\/posts\/236\/revisions"}],"wp:attachment":[{"href":"https:\/\/www.igmg.org\/tr\/wp-json\/wp\/v2\/media?parent=236"}],"wp:term":[{"taxonomy":"category","embeddable":true,"href":"https:\/\/www.igmg.org\/tr\/wp-json\/wp\/v2\/categories?post=236"},{"taxonomy":"post_tag","embeddable":true,"href":"https:\/\/www.igmg.org\/tr\/wp-json\/wp\/v2\/tags?post=236"}],"curies":[{"name":"wp","href":"https:\/\/api.w.org\/{rel}","templated":true}]}}