{"id":2374,"date":"2007-01-19T22:04:00","date_gmt":"2007-01-19T21:04:00","guid":{"rendered":"https:\/\/www.igmg.org\/?p=2374"},"modified":"2015-02-16T10:48:42","modified_gmt":"2015-02-16T09:48:42","slug":"frankenthal-dernekler-ga%c2%bcna%c2%bcaende-bir-barae%c2%b1ay-a%c2%a7aaeyrae%c2%b1sae%c2%b1","status":"publish","type":"post","link":"https:\/\/www.igmg.org\/tr\/frankenthal-dernekler-ga%c2%bcna%c2%bcaende-bir-barae%c2%b1ay-a%c2%a7aaeyrae%c2%b1sae%c2%b1\/","title":{"rendered":"Frankenthal Dernekler G\u00fcn\u00fc&#8217;nde bir bar\u0131\u015f \u00e7a\u011fr\u0131s\u0131"},"content":{"rendered":"<p>Frankenthal Belediyesi taraf\u0131ndan bu y\u0131l \u00fc\u00e7\u00fcnc\u00fcs\u00fc d\u00fczenlenen dernekler g\u00fcn\u00fc, belediye s\u0131n\u0131rlar\u0131nda faaliyet g\u00f6steren 180 derne\u011fin kat\u0131l\u0131m\u0131 ile ger\u00e7ekle\u015ftirildi. Geleneksel hale getirilme \u00e7al\u0131\u015fmalar\u0131 s\u00fcrd\u00fcr\u00fclen etkinliklere kat\u0131lan IGMG Rhein-Neckar-Saar B\u00f6lgesi&#8217;ne ba\u011fl\u0131 Frankenthal Hicret Cami a\u00e7t\u0131\u011f\u0131 stantla \u0130slam&#8217;\u0131n bar\u0131\u015f mesaj\u0131n\u0131 kat\u0131l\u0131mc\u0131lara ula\u015ft\u0131rmaya \u00e7al\u0131\u015ft\u0131.&nbsp; B\u00f6lgede faaliyet g\u00f6steren derneklerin birbirini daha iyi ve birinci elden tan\u0131mas\u0131 ve b\u00f6lge halk\u0131n\u0131n dernekler ve faaliyetleri hakk\u0131nda do\u011frudan bilgi sahibi amac\u0131yla d\u00fczenlenen g\u00fcn d\u00fczenlenen etkinliklerle renkli g\u00f6r\u00fcnt\u00fclere sahne oldu.<\/p>\n<p>Hicret Cami taraf\u0131ndan kurulan stantta gerek cami gerekse de IGMG Genel Merkezi taraf\u0131ndan sunulan hizmetler tan\u0131t\u0131ld\u0131. Kurulan bu stantla ilk defa M\u00fcsl\u00fcmanlar bu g\u00fcne kat\u0131lm\u0131\u015f oldu. Ziyaret\u00e7ilere IGMG \u00c7ocuk Klub\u00fc&#8217;nden Cenaze Fonu&#8217;na kadar hizmet alanlar\u0131 ile ilgili bilgiler sunuldu. Dinimiz hakk\u0131nda tan\u0131t\u0131m bro\u015f\u00fcrlerinin de ziyaret\u00e7ilere takdim edildi\u011fi g\u00fcnde &#8220;Veda Hutbesi&#8217;nin b\u00fcy\u00fck ilgi g\u00f6rmesi dikkat \u00e7ekiciydi.<\/p>\n<p>G\u00fcn vesilesiyle bir a\u00e7\u0131klama yapan Cemiyet Tan\u0131t\u0131m Ba\u015fkan\u0131 ve yabanc\u0131lar meclisi \u00fcyesi Mehmet Calay, yap\u0131lan organizasyonun anlam\u0131n\u0131n b\u00fcy\u00fck oldu\u011funu ve IGMG&#8217;nin b\u00f6lgede yap\u0131lan bu t\u00fcr b\u00fct\u00fcn \u00e7al\u0131\u015fmalara kat\u0131laca\u011f\u0131n\u0131 s\u00f6yledi. &#8220;Biz kendimizi birinci elden tan\u0131tmazsak ba\u015fkalar\u0131n\u0131n bizi istediklerini gibi tan\u0131tmas\u0131na engel olamay\u0131z&#8221;\u009d diyen Calay toplumla i\u00e7 i\u00e7e ve sa\u011fl\u0131kl\u0131 bir entegrasyon s\u00fcrecinin destekleyicisi olacaklar\u0131n\u0131 s\u00f6zlerine ekledi. Gen\u00e7lik te\u015fkilatlar\u0131n\u0131n di\u011fer \u00e7al\u0131\u015fmalarda oldu\u011fu gibi bu organizasyonda da g\u00f6sterdi\u011fi gayretli tutumun gelece\u011fe dair \u00fcmitleri art\u0131rd\u0131\u011f\u0131n\u0131 ifade eden Calay, bu t\u00fcr \u00e7al\u0131\u015fmalar\u0131n \u00f6zlenen bar\u0131\u015f ortam\u0131 i\u00e7in artarak devam etmesinin gere\u011finin alt\u0131n\u0131 \u00e7izdi.<\/p>\n","protected":false},"excerpt":{"rendered":"<p>&#8220;Bizler kendimizi en iyi \u015fekilde tan\u0131tmazsak ba\u015fkalar\u0131 bizi istemedi\u011fimiz \u015fekilde tan\u0131t\u0131r&#8221;\u009d<\/p>\n","protected":false},"author":1,"featured_media":0,"comment_status":"open","ping_status":"closed","sticky":false,"template":"","format":"standard","meta":{"ngg_post_thumbnail":0},"categories":[23238,24],"tags":[],"_links":{"self":[{"href":"https:\/\/www.igmg.org\/tr\/wp-json\/wp\/v2\/posts\/2374"}],"collection":[{"href":"https:\/\/www.igmg.org\/tr\/wp-json\/wp\/v2\/posts"}],"about":[{"href":"https:\/\/www.igmg.org\/tr\/wp-json\/wp\/v2\/types\/post"}],"author":[{"embeddable":true,"href":"https:\/\/www.igmg.org\/tr\/wp-json\/wp\/v2\/users\/1"}],"replies":[{"embeddable":true,"href":"https:\/\/www.igmg.org\/tr\/wp-json\/wp\/v2\/comments?post=2374"}],"version-history":[{"count":0,"href":"https:\/\/www.igmg.org\/tr\/wp-json\/wp\/v2\/posts\/2374\/revisions"}],"wp:attachment":[{"href":"https:\/\/www.igmg.org\/tr\/wp-json\/wp\/v2\/media?parent=2374"}],"wp:term":[{"taxonomy":"category","embeddable":true,"href":"https:\/\/www.igmg.org\/tr\/wp-json\/wp\/v2\/categories?post=2374"},{"taxonomy":"post_tag","embeddable":true,"href":"https:\/\/www.igmg.org\/tr\/wp-json\/wp\/v2\/tags?post=2374"}],"curies":[{"name":"wp","href":"https:\/\/api.w.org\/{rel}","templated":true}]}}