{"id":2780,"date":"2005-10-28T23:16:00","date_gmt":"2005-10-28T21:16:00","guid":{"rendered":"https:\/\/www.igmg.org\/?p=2780"},"modified":"2015-02-16T11:00:46","modified_gmt":"2015-02-16T10:00:46","slug":"hutbe-ae-kadir-gecesi-2","status":"publish","type":"post","link":"https:\/\/www.igmg.org\/tr\/hutbe-ae-kadir-gecesi-2\/","title":{"rendered":"Hutbe &#8211; Kadir Gecesi"},"content":{"rendered":"<p><strong> Muhterem Karde\u015flerim !<\/strong><\/p>\n<p> B\u00fct\u00fcn varl\u0131klar\u0131 yoktan var eden ve yaratt\u0131\u011f\u0131 her   canl\u0131y\u0131 r\u0131z\u0131kland\u0131ran y\u00fcce Allah&#8217;\u0131m\u0131z,   senenin t\u00fcm gecelerinin i\u00e7inden sadece birini, i\u00e7inde Kadir   Gecesi bulunmayan bin aydan daha hay\u0131rl\u0131 olarak nitelendirmi\u015f ve   o geceye &#8220;KAD\u0130R GECES\u0130&#8221;\u009d ad\u0131n\u0131 vermi\u015ftir.   Ramazan ay\u0131n\u0131n i\u00e7inde ve bilhassa son on g\u00fcn\u00fcnde   sakl\u0131 olan Kadir Gecesi&#8217;nin, Ramazan&#8217;\u0131n 27. gecesinde   bulunabilece\u011fi Resulullah&#8217;tan gelen rivayetlerle kuvvet bulmakla   beraber Sevgili Peygamberimiz Kadir Gecesini Ramazan&#8217;\u0131n son on g\u00fcn\u00fcnde   aramam\u0131z\u0131 tavsiye etmi\u015ftir. Bundan dolay\u0131d \u0131r ki,   Ramazan\u0131n son on gecesini Kadir Gecesi bilerek bu f\u0131rsat\u0131 ka\u00e7\u0131rmamal\u0131y\u0131z   ve son derece dikkatli davranmal\u0131y\u0131z. Peygamberimiz bu gecenin k\u0131ymet   ve de\u011ferini ifade etmek i\u00e7in \u015f\u00f6yle buyurmu\u015ftur. &#8220;<strong><em>Kim   inanarak ve sevab\u0131n\u0131 Allah&#8217;tan bekleyerek Kadir Gecesi&#8217;ni   ihya ederse ge\u00e7mi\u015f g\u00fcnahlar\u0131 affolunur<\/em><\/strong>.&#8221;\u009d (   Buh\u00e2r\u00ee, &#8220;Fadl-u Leyleti&#8217;l-Kadr) <\/p>\n<p><strong> Aziz M\u00fc&#8217;minler !<\/strong><\/p>\n<p> Rabbimizin bu geceye k\u0131ymet y\u00fcklemesinin elbette \u00e7ok b\u00fcy\u00fck   anlam\u0131 ve hikmetleri vard\u0131r. \u00c7\u00fcnk\u00fc, Kadir Gecesi,   insanl\u0131\u011f\u0131n yarat\u0131l\u0131\u015f gayesini \u00f6\u011freten;   d\u00fcnya ve ahiret saadetine giden yollar\u0131 g\u00f6steren Kur&#8217;an-\u0131 Kerim&#8217;in,   yer y\u00fcz\u00fcn\u00fc ayd\u0131nlatmaya ba\u015flad\u0131\u011f\u0131 bir   gecedir. Rabbimiz, mukaddes kitab\u0131m\u0131zda <strong>&#8216;KAD\u0130R   SURES\u0130&#8217;<\/strong>olarak isimlendirdi\u011fi bir sure vahyetmi\u015f ve   bu surede, bu mubarek gece i\u00e7in <strong>&#8220;bin aydan daha hay\u0131rl\u0131d\u0131r&#8221;\u009d<\/strong> iltifat\u0131n\u0131 yapm\u0131\u015ft\u0131r.   Gecenin \u00f6nemi ve k\u0131ymetinin anlat\u0131ld\u0131\u011f\u0131 Kadir   Suresi&#8217;nde Rabbimiz \u015f\u00f6yle buyurmaktad\u0131r: <strong>&#8221; <em>Biz,   bu (ilahi kelam)\u0131 Kadir Gecesi&#8217;nde indirdik. Bilir misin Kadir Gecesi   nedir? Kadir Gecesi bin aydan hay\u0131rl\u0131d\u0131r. O gece melekler, Rablerinin   izniyle ilahi bir esinti ta\u015f\u0131yarak b\u00f6l\u00fck b\u00f6l\u00fck   inerler; o gece esenlik doludur, ta \u015fafak vaktine kadar.<\/em>&#8220;\u009d <\/strong><\/p>\n<p> Manas\u0131n\u0131 sundu\u011fumuz bu surede i\u015faret edildi\u011fi gibi   Kadir Gecesi, Kur&#8217;an&#8217;\u0131 Kerim&#8217;in bu gecede indirilmeye   ba\u015flamas\u0131ndan dolay\u0131 \u00f6nem kazanm\u0131\u015ft\u0131r. Ramazan   ay\u0131n\u0131 ve i\u00e7inde bulundurdu\u011fu Kadir Gecesini en iyi bir \u015fekilde   idrak etmenin yegane yolu, Kur&#8217;\u00e2n-\u0131 Ker\u00eem&#8217;in e\u015fsiz   mesajlar\u0131n\u0131 anlamaktan ge\u00e7er. \u00c7\u00fcnk\u00fc Kur&#8217;an,   merhamet sahibi olan y\u00fcce Allah&#8217;\u0131m\u0131z\u0131n, hayat rehberi   olarak insanl\u0131\u011fa mutluluk yollar\u0131n\u0131 g\u00f6steren, hakk\u0131 bat\u0131ldan   ay\u0131ran ilahi bir kelam\u0131d\u0131r. Bu m\u00fcbarek Kitap, d\u00fcnyan\u0131n   dini, sosyal ve siyasi tarihini, bilebildi\u011fimiz ba\u015fka herhangi bir   olaydan daha k\u00f6kl\u00fc bir \u015fekilde etkilemi\u015ftir. Di\u011fer   kutsal kitaplar ba\u015fta olmak \u00fczere, hi\u00e7bir be\u015feri sistem   ve d\u00fc\u015f\u00fcnce, insanlar\u0131n hayatlar\u0131 ve birbirini izleyen   ku\u015faklar yolu ile b\u00fct\u00fcn bir medeniyetin ak\u0131\u015f\u0131 \u00fczerinde   Kur&#8217;an mesaj\u0131 kadar derin bir etki meydana getirememi\u015ftir.   Bilindi\u011fi gibi Kur&#8217;an, b\u00fct\u00fcn Arap Yar\u0131mada&#8217;s\u0131n\u0131 etkiledi   ve \u00f6m\u00fcrleri sava\u015fmakla ge\u00e7en Arap kabilelerinden bir \u00fcmmet   olu\u015fturdu; yirmi-otuz y\u0131ll\u0131k k\u0131sa bir s\u00fcre zarf\u0131nda   kendi d\u00fcnya g\u00f6r\u00fc\u015f\u00fcn\u00fc Arabistan s\u0131n\u0131rlar\u0131n\u0131n   d\u0131\u015f\u0131na ta\u015f\u0131d\u0131 ve insanl\u0131\u011f\u0131n tan\u0131d\u0131\u011f\u0131 ilk   inan\u00e7 toplumunu meydana getirdi. Kur&#8217;an&#8217;dan beslenen k\u00fclt\u00fcr, \u00e7e\u015fitli   yollar ve etkilerle Orta\u00e7a\u011f Avrupa&#8217;s\u0131n\u0131n d\u00fc\u015f\u00fcnce   yap\u0131s\u0131n\u0131 etkiliyerek Bat\u0131 k\u00fclt\u00fcr\u00fcnde, <strong>&#8216;<\/strong> R\u00f6nesans&#8217; olarak   adland\u0131r\u0131lan, bir canl\u0131l\u0131k d\u00f6neminin ba\u015flamas\u0131na \u00f6nayak   oldu. B\u00f6ylece zamanla, <strong>&#8220;<\/strong> bilim \u00e7a\u011f\u0131<strong>&#8220;\u009d<\/strong> olarak   adland\u0131r\u0131lan, bug\u00fcn i\u00e7inde ya\u015fad\u0131\u011f\u0131m\u0131z \u00e7a\u011f\u0131n   do\u011fmas\u0131na da b\u00fcy\u00fck katk\u0131da bulundu. B\u00fct\u00fcn   bunlar Kur&#8217;an mesaj\u0131n\u0131n yol a\u00e7t\u0131\u011f\u0131 sonu\u00e7lard\u0131r. <\/p>\n<p><strong> Aziz karde\u015flerim !<\/strong><\/p>\n<p> M\u00fc&#8217;minler, sonsuza kadar \u0131\u015f\u0131\u011f\u0131 parlayacak   olan Kur&#8217;an&#8217;\u0131n indirildi\u011fi bu geceyi, uyan\u0131k ge\u00e7irmeli   ve Kur&#8217;an&#8217;a g\u00f6re d\u00fc\u015f\u00fcnmelidirler. M\u00fc&#8217;minler,   Kur&#8217;an&#8217;\u0131 ruh derinliklerine var\u0131ncaya kadar anlamaya \u00e7al\u0131\u015fmal\u0131,   yarat\u0131l\u0131\u015f hikmetlerini kavramaya gayret etmelidirler.<\/p>\n<p> M\u00fc&#8217;minler olarak, ruhlar\u0131n sukun ve huzur buldu\u011fu, ilahi   rahmetin co\u015ftu\u011fu, meleklerin, t\u00fcm alemin saadet ve selameti   i\u00e7in duaya durdu\u011fu bu gecede, af dilemeli, g\u00f6n\u00fcller kazanmal\u0131y\u0131z;   sosyal dayan\u0131\u015fmaya b\u00fcy\u00fck \u00f6nem vermeliyiz Allah&#8217;\u0131n   bizlere, sonsuz lutfu ile ihsan etti\u011fi <\/p>\n<p> nimetlerinden, yak\u0131nlar\u0131m\u0131za ve bilhassa mazlum ve ma\u011fdurlara   yard\u0131mlar g\u00f6ndererek ikramda bulunmal\u0131y\u0131z. Ramazan ay\u0131n\u0131n   ba\u015f\u0131nda Pakistan&#8217;da ya\u015fanan deprem felaketinde zor duruma   d\u00fc\u015fen karde\u015flerimize madden ve manen destek vermeliyiz. D\u00fcnyan\u0131n   bir \u00e7ok yerine, \u00f6zellikle m\u00fcsl\u00fcmanlar\u0131n ya\u015fad\u0131\u011f\u0131 kriz   b\u00f6lgelerine, toplad\u0131\u011f\u0131 yard\u0131mlar\u0131 ula\u015ft\u0131rmakta   olan te\u015fkilat\u0131m\u0131z\u0131n, Kadir Gecesi&#8217;nde geleneksel   olarak yapt\u0131\u011f\u0131 yard\u0131m kampanyas\u0131na mutlaka kat\u0131lmal\u0131y\u0131z.   Bilmeliyiz ki, bu yard\u0131mlar bizlerin, Allah r\u0131zas\u0131n\u0131 kazanmam\u0131zda   bir vesile te\u015fkil edecektir.<\/p>\n<p><strong> Aziz m\u00fcsl\u00fcmanlar! <\/strong><\/p>\n<p> Y\u00fcce Mevla&#8217;m\u0131zdan, tuttu\u011fumuz oru\u00e7lar\u0131m\u0131z\u0131,   yapt\u0131\u011f\u0131m\u0131z hay\u0131r-hasenat ve t\u00fcm ibadetlerimizi   kabul buyurmas\u0131n\u0131 niyaz ediyor, Kadir Gecesi m\u00fcnasebetiyle t\u00fcm \u0130slam   alemine ve insanl\u0131\u011fa huzur ve saadetler diliyoruz.<\/p>\n<p><strong> \u0130GMG \u0130R\u015eAD BA\u015eKANLI\u00c4\u017eI<\/strong><\/p>\n","protected":false},"excerpt":{"rendered":"<p>Muhterem Karde\u015flerim ! B\u00fct\u00fcn varl\u0131klar\u0131 yoktan var eden ve yaratt\u0131\u011f\u0131 her canl\u0131y\u0131 r\u0131z\u0131kland\u0131ran y\u00fcce Allah&#8217;\u0131m\u0131z, senenin t\u00fcm gecelerinin i\u00e7inden sadece birini, i\u00e7inde Kadir Gecesi bulunmayan bin aydan daha hay\u0131rl\u0131 olarak nitelendirmi\u015f ve o geceye &#8220;KAD\u0130R GECES\u0130&#8221;\u009d ad\u0131n\u0131 vermi\u015ftir. Ramazan ay\u0131n\u0131n i\u00e7inde ve bilhassa son on g\u00fcn\u00fcnde sakl\u0131 olan Kadir Gecesi&#8217;nin, Ramazan&#8217;\u0131n 27. gecesinde bulunabilece\u011fi Resulullah&#8217;tan [&hellip;]<\/p>\n","protected":false},"author":1,"featured_media":0,"comment_status":"open","ping_status":"closed","sticky":false,"template":"","format":"standard","meta":{"ngg_post_thumbnail":0},"categories":[23242,2],"tags":[],"_links":{"self":[{"href":"https:\/\/www.igmg.org\/tr\/wp-json\/wp\/v2\/posts\/2780"}],"collection":[{"href":"https:\/\/www.igmg.org\/tr\/wp-json\/wp\/v2\/posts"}],"about":[{"href":"https:\/\/www.igmg.org\/tr\/wp-json\/wp\/v2\/types\/post"}],"author":[{"embeddable":true,"href":"https:\/\/www.igmg.org\/tr\/wp-json\/wp\/v2\/users\/1"}],"replies":[{"embeddable":true,"href":"https:\/\/www.igmg.org\/tr\/wp-json\/wp\/v2\/comments?post=2780"}],"version-history":[{"count":0,"href":"https:\/\/www.igmg.org\/tr\/wp-json\/wp\/v2\/posts\/2780\/revisions"}],"wp:attachment":[{"href":"https:\/\/www.igmg.org\/tr\/wp-json\/wp\/v2\/media?parent=2780"}],"wp:term":[{"taxonomy":"category","embeddable":true,"href":"https:\/\/www.igmg.org\/tr\/wp-json\/wp\/v2\/categories?post=2780"},{"taxonomy":"post_tag","embeddable":true,"href":"https:\/\/www.igmg.org\/tr\/wp-json\/wp\/v2\/tags?post=2780"}],"curies":[{"name":"wp","href":"https:\/\/api.w.org\/{rel}","templated":true}]}}