{"id":28679,"date":"2015-07-09T08:14:17","date_gmt":"2015-07-09T06:14:17","guid":{"rendered":"https:\/\/www.igmg.org\/?p=28679"},"modified":"2015-07-24T10:50:57","modified_gmt":"2015-07-24T08:50:57","slug":"unutmadik-srebrenitsa-katliaminin-20-yil-doenuemue","status":"publish","type":"post","link":"https:\/\/www.igmg.org\/tr\/unutmadik-srebrenitsa-katliaminin-20-yil-doenuemue\/","title":{"rendered":"Unutmad\u0131k &#8211; Srebrenitsa katliam\u0131n\u0131n 20. y\u0131l d\u00f6n\u00fcm\u00fc"},"content":{"rendered":"<p><strong>\u0130slam Toplumu Mill\u00ee G\u00f6r\u00fc\u015f (IGMG) Genel Ba\u015fkan\u0131 Kemal Erg\u00fcn Srebrenitsa katliam\u0131n\u0131n 20. y\u0131l d\u00f6n\u00fcm\u00fc vesilesiyle bir a\u00e7\u0131klamada bulundu. \u201cSrebrenitsa\u2019da 8 binden fazla insan\u0131n ak\u0131llara durgunluk veren bir \u015fekilde katledilmesinin \u00fczerinden 20 sene ge\u00e7se de, h\u00e2l\u00e2 ortaya \u00e7\u0131kmakta olan mezarlar ve bulunamayan kay\u0131plar bu ac\u0131n\u0131n k\u00fcllenmesini engellemektedir.\u201d diyen Erg\u00fcn s\u00f6zlerini \u015f\u00f6yle s\u00fcrd\u00fcrd\u00fc:<\/strong><\/p>\n<p>\u201cBirle\u015fmi\u015f Milletler Bar\u0131\u015f G\u00fcc\u00fc taraf\u0131ndan silahs\u0131zland\u0131r\u0131lan ve ya\u015famlar\u0131 teminat alt\u0131na al\u0131nan on binlerce Bo\u015fnak bundan 20 sene \u00f6nce S\u0131rp Ordusunun a\u00e7\u0131k hedefi h\u00e2line getirilmi\u015fti. \u0130\u00e7lerinden baz\u0131lar\u0131 Srebrenitsa\u2019dan ka\u00e7arken keskin ni\u015fanc\u0131lar taraf\u0131ndan \u00f6ld\u00fcr\u00fclm\u00fc\u015f ve kamyonlarla \u00f6l\u00fcme g\u00f6t\u00fcr\u00fclen, okullarda, ambarlarda kur\u015funa dizilen insanlar yak\u0131n tarihin en korkun\u00e7 soyk\u0131r\u0131m\u0131n\u0131n kurban\u0131 olmu\u015ftu.<\/p>\n<p>Bug\u00fcn h\u00e2l\u00e2 onlarca soyk\u0131r\u0131m kurban\u0131 g\u00f6m\u00fcld\u00fckleri yerlerden \u00e7\u0131kart\u0131lmakta ve kimlikleri tespit edilmeye \u00e7al\u0131\u015f\u0131lmaktad\u0131r. Ya\u015fanm\u0131\u015f ac\u0131lar\u0131n her ge\u00e7en g\u00fcn tazelendi\u011fi bu elim olay\u0131n, Birle\u015fmi\u015f Milletler ve di\u011fer Avrupa \u00fclkelerinin g\u00f6zleri \u00f6n\u00fcnde vuku bulmas\u0131 bir utan\u00e7 kayna\u011f\u0131d\u0131r.<\/p>\n<p>Srebrenitsa, \u0131rk\u00e7\u0131l\u0131k ve nefretin varabilece\u011fi son noktay\u0131 g\u00f6stermesi a\u00e7\u0131s\u0131ndan herkese bir uyar\u0131 olmal\u0131d\u0131r. Burada ya\u015fananlar \u0131rk\u00e7\u0131 politikalar\u0131n nas\u0131l dayan\u0131lmas\u0131 zor bir utan\u00e7 \u00fcretti\u011finin en a\u00e7\u0131k \u00f6rne\u011fidir. Bu vesileyle Srebrenitsa\u2019da ya\u015fam\u0131n\u0131 kaybeden b\u00fct\u00fcn karde\u015flerimize Cen\u00e2b-\u0131 Hakk\u2019tan rahmet, ailelerini bu soyk\u0131r\u0131mda kaybeden matemli yak\u0131nlara ise 20 senedir dinmek bilmeyen ac\u0131lar\u0131 i\u00e7in sab\u0131r diliyoruz.\u201d<\/p>\n","protected":false},"excerpt":{"rendered":"<p>\u0130slam Toplumu Mill\u00ee G\u00f6r\u00fc\u015f (IGMG) Genel Ba\u015fkan\u0131 Kemal Erg\u00fcn Srebrenitsa katliam\u0131n\u0131n 20. y\u0131l d\u00f6n\u00fcm\u00fc vesilesiyle bir a\u00e7\u0131klamada bulundu. \u201cSrebrenitsa\u2019da 8 binden fazla insan\u0131n ak\u0131llara durgunluk veren bir \u015fekilde katledilmesinin \u00fczerinden 20 sene ge\u00e7se de, h\u00e2l\u00e2 ortaya \u00e7\u0131kmakta olan mezarlar ve bulunamayan kay\u0131plar bu ac\u0131n\u0131n k\u00fcllenmesini engellemektedir.\u201d diyen Erg\u00fcn s\u00f6zlerini \u015f\u00f6yle s\u00fcrd\u00fcrd\u00fc:<\/p>\n","protected":false},"author":1,"featured_media":31318,"comment_status":"open","ping_status":"open","sticky":false,"template":"","format":"standard","meta":{"ngg_post_thumbnail":0},"categories":[23244],"tags":[],"_links":{"self":[{"href":"https:\/\/www.igmg.org\/tr\/wp-json\/wp\/v2\/posts\/28679"}],"collection":[{"href":"https:\/\/www.igmg.org\/tr\/wp-json\/wp\/v2\/posts"}],"about":[{"href":"https:\/\/www.igmg.org\/tr\/wp-json\/wp\/v2\/types\/post"}],"author":[{"embeddable":true,"href":"https:\/\/www.igmg.org\/tr\/wp-json\/wp\/v2\/users\/1"}],"replies":[{"embeddable":true,"href":"https:\/\/www.igmg.org\/tr\/wp-json\/wp\/v2\/comments?post=28679"}],"version-history":[{"count":3,"href":"https:\/\/www.igmg.org\/tr\/wp-json\/wp\/v2\/posts\/28679\/revisions"}],"predecessor-version":[{"id":28876,"href":"https:\/\/www.igmg.org\/tr\/wp-json\/wp\/v2\/posts\/28679\/revisions\/28876"}],"wp:featuredmedia":[{"embeddable":true,"href":"https:\/\/www.igmg.org\/tr\/wp-json\/wp\/v2\/media\/31318"}],"wp:attachment":[{"href":"https:\/\/www.igmg.org\/tr\/wp-json\/wp\/v2\/media?parent=28679"}],"wp:term":[{"taxonomy":"category","embeddable":true,"href":"https:\/\/www.igmg.org\/tr\/wp-json\/wp\/v2\/categories?post=28679"},{"taxonomy":"post_tag","embeddable":true,"href":"https:\/\/www.igmg.org\/tr\/wp-json\/wp\/v2\/tags?post=28679"}],"curies":[{"name":"wp","href":"https:\/\/api.w.org\/{rel}","templated":true}]}}