{"id":31389,"date":"2015-06-19T17:24:13","date_gmt":"2015-06-19T15:24:13","guid":{"rendered":"https:\/\/www.igmg.org\/?p=31389"},"modified":"2015-08-14T17:26:17","modified_gmt":"2015-08-14T15:26:17","slug":"muelteci-komsu-arkadas-duenya-muelteciler-guenuende-mueltecilerle-birlikte-iftar-ve-cocuklar-icin-oyun-alanlari","status":"publish","type":"post","link":"https:\/\/www.igmg.org\/tr\/muelteci-komsu-arkadas-duenya-muelteciler-guenuende-mueltecilerle-birlikte-iftar-ve-cocuklar-icin-oyun-alanlari\/","title":{"rendered":"M\u00fclteci. Kom\u015fu. Arkada\u015f. D\u00fcnya M\u00fclteciler G\u00fcn\u00fc\u2019nde m\u00fcltecilerle birlikte iftar ve \u00e7ocuklar i\u00e7in oyun alanlar\u0131"},"content":{"rendered":"<p><strong>\u0130slam Toplumu Mill\u00ee G\u00f6r\u00fc\u015f (IGMG) D\u00fcnya M\u00fclteciler G\u00fcn\u00fc\u2019nde (20 Haziran 2015 Cumartesi) m\u00fcltecileri iftara davet ediyor ve \u00e7ocuklara oyun imk\u00e2nlar\u0131 sunuyor. \u00c7ocuklar i\u00e7in kiralanan kapal\u0131 oyun salonlar\u0131nda yeni arkada\u015fl\u0131klar kuruluyor. Etkinlik Sosyal Yard\u0131m Derne\u011fi Hasene taraf\u0131ndan finanse ediliyor.<\/strong><\/p>\n<p>M\u00fclteci \u00e7ocuklar aileleriyle birlikte ya\u015fad\u0131klar\u0131 yerlerden otob\u00fcslerle al\u0131narak kapal\u0131 oyun salonlar\u0131na g\u00f6t\u00fcr\u00fclecektir. Doya doya oyunlar oynanacak, insanlar birbirleriyle tan\u0131\u015facak ve beraberce a\u00e7\u0131lan oru\u00e7lar\u0131n ard\u0131ndan insanlar tekrar otob\u00fcslerle ikamet ettikleri yerlere b\u0131rak\u0131lacakt\u0131r. Kapal\u0131 oyun salonu kiralama imk\u00e2n\u0131 bulunmayan yerlerde ise cami cemiyetlerinde veya m\u00fclteci bar\u0131naklar\u0131nda \u015fi\u015fme z\u0131plama kaleleri ve daha bir\u00e7ok oyun aleti kurulacakt\u0131r. Bu \u00f6rnek etkinli\u011fe M\u00fcnih yak\u0131nlar\u0131ndaki F\u00fcrstenfeldbruck, ayr\u0131ca Dortmund, Bielefeld, Hamburg ve Berlin \u015fehirlerindeki cami cemiyetleri de kat\u0131lacakt\u0131r.<\/p>\n<p>\u0130slam Toplumu Mill\u00ce G\u00f6r\u00fc\u015f Genel Sekreteri Bekir Alta\u015f, etkinlikle alakal\u0131, \u201cBu g\u00fcnde \u00f6zellikle \u00e7ocuklar bulunduklar\u0131 s\u0131k\u0131c\u0131 bar\u0131nak ortamlar\u0131ndan bir s\u00fcreli\u011fine de olsa kurtulacaklard\u0131r. Unutulmamal\u0131d\u0131r ki, bu \u00e7ocuklar arkada\u015flar\u0131n\u0131, akrabalar\u0131n\u0131 ve oyuncaklar\u0131n\u0131 geride b\u0131rakarak buralara geldiler. Onlar i\u00e7in m\u00fclteci bar\u0131naklar\u0131ndaki bu yeni durumlar\u0131na al\u0131\u015fmak hi\u00e7 de kolay de\u011fil. Ya\u015famak zorunda olduklar\u0131 bu yeni mek\u00e2nlar\u0131n onlar i\u00e7in \u00e7ok s\u0131k\u0131c\u0131 ve tekd\u00fcze oldu\u011fu a\u00e7\u0131kt\u0131r. Bu etkinlikle, D\u00fcnya M\u00fclteciler G\u00fcn\u00fc vesilesiyle yeni arkada\u015fl\u0131klar\u0131n kurulmas\u0131na vesile olmak istiyoruz. \u0130nsanlarla do\u011frudan irtibat kurmak ve onlarla bulu\u015fmak destek olman\u0131n en iyi ve en uzun soluklu yoludur.\u201d \u015feklinde bir a\u00e7\u0131klamada bulundu.<\/p>\n<p>Hasene Derne\u011fi Ba\u015fkan\u0131 Mesud G\u00fclbahar ise, \u201cAcil yard\u0131m bekleyen insanlara y\u00f6nelik olarak \u015fu ana kadar bir\u00e7ok proje ger\u00e7ekle\u015ftirdik ama bu etkinlik bize bamba\u015fka bir memnuniyet veriyor. Kendimizi bu insanlara kar\u015f\u0131 sorumlu hissediyoruz. Bu insanlar\u0131 ho\u015f kar\u015f\u0131lamak, onlara hayat\u0131m\u0131zda yer a\u00e7mak hepimizin g\u00f6revidir. \u0130\u00e7imizde yard\u0131ma en fazla muhta\u00e7 olan kesim olan \u00e7ocuklara g\u00fczel bir g\u00fcn ve yeni arkada\u015fl\u0131klar hediye etmek suretiyle iyilikte bulunmak bilhassa memnuniyet vericidir.\u201d ifadelerinde bulundu.<\/p>\n<p>Bekir Alta\u015f ve Mesud G\u00fclbahar projenin yeni bir \u00e7\u0131\u011f\u0131r a\u00e7aca\u011f\u0131ndan emin. Etkinlik yetkilileri \u015fu ana kadar Bremen ve Duisburg\u2019dan \u00e7e\u015fitli cami cemiyetlerinin irtibata ge\u00e7erek bu konsepti uygulama talebinde bulunduklar\u0131n\u0131 iletti.<\/p>\n<p>Projenin cami cemiyetleri s\u0131n\u0131rlar\u0131ndan \u00f6teye ta\u015f\u0131nabilmesi ve duyurulabilmesi i\u00e7in bas\u0131n temsilcilerini bu etkinli\u011fin haberini yapmaya davet ediyoruz. Etkinli\u011fin d\u00fczenlenece\u011fi a\u015fa\u011f\u0131daki adreslerden birinde sizleri de aram\u0131zda g\u00f6rmekten memnuniyet duyar\u0131z:<\/p>\n<ul>\n<li>Schl\u00e4gelstra\u00dfe 58, Dortmund 44145. Ba\u015flang\u0131\u00e7: 19:30 (Indoorspielhalle Monkey-Town &#8211; Kinder Erlebniswelt). \u0130rtibat: Ebubekir G\u00fcrb\u00fcz, 0176\/63493131<\/li>\n<li>Wilhelm-Bertelsmann-Stra\u00dfe 25, 33607 Bielefeld, Ba\u015flang\u0131\u00e7: 17:00 (Funtasia Indoorspielhalle). \u0130rtibat: Levent Altan, 0163\/2562759<\/li>\n<li>Niendorfer Weg 11, 22453 Hamburg, saat 19:30\u2019dan itibaren (Indoorspielhalle Spielstadt Hamburg XXL). \u0130rtibat: Fatih Y\u0131ld\u0131z, 0173\/2464874<\/li>\n<li>Goerzallee 307, 14167 Berlin. M\u00fclteci bar\u0131na\u011f\u0131nda hep birlikte iftar ve oyun. \u0130rtibat: Tahir S\u00f6zen, 0176\/62820380<\/li>\n<li>Zaderstra\u00dfe 1, 82256 M\u00fcnih yak\u0131nlar\u0131ndaki F\u00fcrstenfeldbruck, Ba\u015flang\u0131\u00e7: 19:00. Buradaki cami cemiyetinde hep birlikte iftar ve oyun imk\u00e2nlar\u0131. \u0130rtibat: Z\u00fclfikar G\u00fcndo\u011far, 0173\/3875859<\/li>\n<\/ul>\n","protected":false},"excerpt":{"rendered":"<p>\u0130slam Toplumu Mill\u00ee G\u00f6r\u00fc\u015f (IGMG) D\u00fcnya M\u00fclteciler G\u00fcn\u00fc\u2019nde (20 Haziran 2015 Cumartesi) m\u00fcltecileri iftara davet ediyor ve \u00e7ocuklara oyun imk\u00e2nlar\u0131 sunuyor. \u00c7ocuklar i\u00e7in kiralanan kapal\u0131 oyun salonlar\u0131nda yeni arkada\u015fl\u0131klar kuruluyor. Etkinlik Sosyal Yard\u0131m Derne\u011fi Hasene taraf\u0131ndan finanse ediliyor.<\/p>\n","protected":false},"author":1,"featured_media":31277,"comment_status":"open","ping_status":"open","sticky":false,"template":"","format":"standard","meta":{"ngg_post_thumbnail":0},"categories":[23244,23262],"tags":[],"_links":{"self":[{"href":"https:\/\/www.igmg.org\/tr\/wp-json\/wp\/v2\/posts\/31389"}],"collection":[{"href":"https:\/\/www.igmg.org\/tr\/wp-json\/wp\/v2\/posts"}],"about":[{"href":"https:\/\/www.igmg.org\/tr\/wp-json\/wp\/v2\/types\/post"}],"author":[{"embeddable":true,"href":"https:\/\/www.igmg.org\/tr\/wp-json\/wp\/v2\/users\/1"}],"replies":[{"embeddable":true,"href":"https:\/\/www.igmg.org\/tr\/wp-json\/wp\/v2\/comments?post=31389"}],"version-history":[{"count":1,"href":"https:\/\/www.igmg.org\/tr\/wp-json\/wp\/v2\/posts\/31389\/revisions"}],"predecessor-version":[{"id":31390,"href":"https:\/\/www.igmg.org\/tr\/wp-json\/wp\/v2\/posts\/31389\/revisions\/31390"}],"wp:featuredmedia":[{"embeddable":true,"href":"https:\/\/www.igmg.org\/tr\/wp-json\/wp\/v2\/media\/31277"}],"wp:attachment":[{"href":"https:\/\/www.igmg.org\/tr\/wp-json\/wp\/v2\/media?parent=31389"}],"wp:term":[{"taxonomy":"category","embeddable":true,"href":"https:\/\/www.igmg.org\/tr\/wp-json\/wp\/v2\/categories?post=31389"},{"taxonomy":"post_tag","embeddable":true,"href":"https:\/\/www.igmg.org\/tr\/wp-json\/wp\/v2\/tags?post=31389"}],"curies":[{"name":"wp","href":"https:\/\/api.w.org\/{rel}","templated":true}]}}