{"id":31620,"date":"2015-09-10T15:17:04","date_gmt":"2015-09-10T13:17:04","guid":{"rendered":"https:\/\/www.igmg.org\/?p=31620"},"modified":"2015-09-11T15:18:33","modified_gmt":"2015-09-11T13:18:33","slug":"igmgnin-mueltecilere-yoenelik-acil-eylem-paketi-hazir","status":"publish","type":"post","link":"https:\/\/www.igmg.org\/tr\/igmgnin-mueltecilere-yoenelik-acil-eylem-paketi-hazir\/","title":{"rendered":"IGMG\u2019nin m\u00fcltecilere y\u00f6nelik acil eylem paketi haz\u0131r"},"content":{"rendered":"<p><strong>600\u2019\u00fcn \u00fczerinde IGMG cami ve kurulu\u015fu 1000 m\u00fclteci ailesinin bak\u0131m\u0131n\u0131 \u00fcstleniyor \/ Kurban kampanyas\u0131 ilk defa Almanya\u2019ya kadar geni\u015fletiliyor \/ IGMG m\u00fcltecilerin bar\u0131nmas\u0131 i\u00e7in belediyelere kendi mek\u00e2nlar\u0131n\u0131 sunuyor \/ \u00d6zel \u0130slami okullarda m\u00fclteci \u00e7ocuklar\u0131n \u00fccretsiz e\u011fitimi i\u00e7in kontenjan olu\u015fturuluyor \/ M\u00fclteciler i\u00e7in geni\u015f \u00e7apl\u0131 bir yard\u0131m kampanyas\u0131 ba\u015flat\u0131l\u0131yor.<\/strong><\/p>\n<p>\u0130slam Toplumu Mill\u00ee G\u00f6r\u00fc\u015f (IGMG) ve Hasene Sosyal Yard\u0131m Derne\u011fi Almanya ve Avrupa\u2019daki m\u00fclteciler i\u00e7in kapsaml\u0131 bir acil eylem paketi haz\u0131rlad\u0131. IGMG Genel Sekreteri Bekir Alta\u015f, \u201c\u0130lk ad\u0131m olarak Almanya ve Avrupa\u2019daki her IGMG camisi ve kurulu\u015fu en az bir m\u00fclteci ailesinin bak\u0131m\u0131n\u0131 \u00fcstlenecek. 500\u2019\u00fcn \u00fczerinde camimiz ve 100\u2019\u00fcn \u00fczerinde kurulu\u015fumuz ile yakla\u015f\u0131k olarak 1000 ailenin bak\u0131m\u0131n\u0131 \u00fcstlenmeyi \u00f6ng\u00f6r\u00fcyoruz. Bu da takriben 4000 m\u00fclteci demektir.\u201d a\u00e7\u0131klamas\u0131nda bulundu. Haz\u0131rlanan paket kapsam\u0131nda cemiyetler m\u00fclteci ailelere yaln\u0131zca bar\u0131nma ve yeme-i\u00e7me konusunda de\u011fil, ayn\u0131 zamanda ba\u015fvuru yapma, resm\u00ee i\u015flemlerin takibi, kiral\u0131k daire bulma, i\u015f arama veya \u00e7ocuklar\u0131n e\u011fitimi gibi hayat\u0131n her alan\u0131n\u0131 kapsayan konularda destek olacak ve onlara bu yeni \u00e7evrelerine uyum sa\u011flama hususunda yard\u0131mc\u0131 olacak. Bu uygulaman\u0131n bir nevi \u201ckapsaml\u0131 ve uzun soluklu bir aile bak\u0131m\u0131 \u00fcstlenme\u201d olmas\u0131 \u00f6ng\u00f6r\u00fcl\u00fcyor. Hasene Ba\u015fkan\u0131 Mesud G\u00fclbahar \u00f6n\u00fcm\u00fczdeki Kurban Bayram\u0131 ile alakal\u0131 olarak \u015fu a\u00e7\u0131klamalarda bulundu: \u201cKurban kampanyam\u0131z\u0131 ilk defa bu y\u0131l Almanya\u2019y\u0131 da kapsayacak \u015fekilde geni\u015fletece\u011fiz. Normalde kurban kampanyalar\u0131 fakir \u00fclkelerde ger\u00e7ekle\u015ftiriliyor. Akt\u00fcel durumu ve bizlere gelen say\u0131s\u0131z ba\u015fvuruyu dikkate alarak Almanya\u2019da da kurban eti da\u011f\u0131t\u0131m\u0131 yapmaya karar verdik.\u201d<\/p>\n<p>Kurban kampanyas\u0131n\u0131n yan\u0131 s\u0131ra geni\u015f \u00e7apl\u0131 bir yard\u0131m kampanyas\u0131 da ger\u00e7ekle\u015ftirilecek. Bekir Alta\u015f, \u201c\u0130mk\u00e2n olan her yerde b\u00fct\u00fcn cami cemiyetlerini mobilize edece\u011fiz, yard\u0131m \u00e7a\u011fr\u0131lar\u0131nda bulunaca\u011f\u0131z ve m\u00fcltecilere destek olaca\u011f\u0131z. IGMG\u2019ye ait bir\u00e7ok bina h\u00e2lihaz\u0131rda m\u00fclteci bar\u0131na\u011f\u0131 olarak kullan\u0131l\u0131yor, bir\u00e7ok yerde de belediyelerle g\u00f6r\u00fc\u015fmelere devam ediliyor.\u201d dedi. Alta\u015f\u2019\u0131n ifadelerine g\u00f6re Stuttgart yak\u0131nlar\u0131ndaki Altensteig \u015fehrinde bir di\u011fer uygun bina i\u00e7in g\u00f6r\u00fc\u015fmeler yap\u0131l\u0131yor. Ayr\u0131ca IGMG resm\u00ee olarak tan\u0131nan ve normalde \u00fccretli e\u011fitim veren \u00f6zel \u0130slami okullarda m\u00fclteci \u00e7ocuklar i\u00e7in kontenjanlar olu\u015fturacak. Bekir Alta\u015f, \u201cBir\u00e7ok okulla g\u00f6r\u00fc\u015fmeler yapt\u0131k ve k\u0131sa s\u00fcre i\u00e7erisinde okul \u00e7a\u011f\u0131na gelmi\u015f \u00e7ocuklar i\u00e7in \u00fc\u00e7 haneli rakamlara ula\u015facak miktarda kontenjan ayarlam\u0131\u015f olaca\u011f\u0131z. B\u00f6ylelikle m\u00fclteci \u00e7ocuklar\u0131n bu okullarda iyi birer e\u011fitim almalar\u0131n\u0131 sa\u011flam\u0131\u015f olaca\u011f\u0131z.\u201d dedi. Bu kapsamda AB genelinde yakla\u015f\u0131k olarak 70 okul ile g\u00f6r\u00fc\u015fmelerin de s\u00fcrd\u00fcr\u00fcld\u00fc\u011f\u00fc belirtildi.<\/p>\n<p>Bekir Alta\u015f ve Mesud G\u00fclbahar\u2019a g\u00f6re M\u00fcsl\u00fcmanlar\u0131n m\u00fclteciler i\u00e7in yeterli \u00e7abay\u0131 g\u00f6stermedi\u011fi iddias\u0131 olduk\u00e7a yanl\u0131\u015f. B\u00fct\u00fcn projelerin devletten yard\u0131m almadan ba\u011f\u0131\u015flarla ger\u00e7ekle\u015ftiriliyor olmas\u0131 bir yana, M\u00fcsl\u00fcmanlar\u0131n m\u00fclteciler s\u00f6z konusu oldu\u011funda pasif kald\u0131\u011f\u0131 iddias\u0131 da ger\u00e7e\u011fi yans\u0131tm\u0131yor. Alta\u015f ve G\u00fclbahar, \u201cM\u00fcsl\u00fcmanlar yurt i\u00e7inde ve d\u0131\u015f\u0131nda bir\u00e7ok y\u00f6nden olduk\u00e7a aktif. Viyana\u2019da bir IGMG cemiyeti 200 m\u00fcltecinin bak\u0131m\u0131n\u0131 \u00fcstlenmi\u015f durumda. Yeni m\u00fcltecilerin geldi\u011fi her yerde M\u00fcsl\u00fcmanlar ellerinde kumanya paketleriyle istasyonlarda onlar\u0131 kar\u015f\u0131l\u0131yor. Bunlar\u0131n haricinde y\u00fczlerce irili ufakl\u0131 proje M\u00fcsl\u00fcmanlar taraf\u0131ndan Almanya i\u00e7erisinde y\u00fcr\u00fct\u00fclmeye devam ediyor.\u201d a\u00e7\u0131klamas\u0131nda bulunarak, bu ba\u011flamda M\u00fcsl\u00fcmanlara yaln\u0131zca tan\u0131t\u0131m \u00e7al\u0131\u015fmalar\u0131n\u0131 geni\u015fletemedikleri su\u00e7lamas\u0131nda bulunulabilece\u011fini, b\u00f6yle bir tan\u0131t\u0131m \u00e7abas\u0131n\u0131n da bilhassa bu g\u00fcnlerde \u00f6n planda olamayaca\u011f\u0131n\u0131 eklediler. <\/p>\n","protected":false},"excerpt":{"rendered":"<p>600\u2019\u00fcn \u00fczerinde IGMG cami ve kurulu\u015fu 1000 m\u00fclteci ailesinin bak\u0131m\u0131n\u0131 \u00fcstleniyor \/ Kurban kampanyas\u0131 ilk defa Almanya\u2019ya kadar geni\u015fletiliyor \/ IGMG m\u00fcltecilerin bar\u0131nmas\u0131 i\u00e7in belediyelere kendi mek\u00e2nlar\u0131n\u0131 sunuyor \/ \u00d6zel \u0130slami okullarda m\u00fclteci \u00e7ocuklar\u0131n \u00fccretsiz e\u011fitimi i\u00e7in kontenjan olu\u015fturuluyor \/ M\u00fclteciler i\u00e7in geni\u015f \u00e7apl\u0131 bir yard\u0131m kampanyas\u0131 ba\u015flat\u0131l\u0131yor.<\/p>\n","protected":false},"author":1,"featured_media":31277,"comment_status":"open","ping_status":"open","sticky":false,"template":"","format":"standard","meta":{"ngg_post_thumbnail":0},"categories":[23244,23262],"tags":[24317,24326,23294,24327,24328],"_links":{"self":[{"href":"https:\/\/www.igmg.org\/tr\/wp-json\/wp\/v2\/posts\/31620"}],"collection":[{"href":"https:\/\/www.igmg.org\/tr\/wp-json\/wp\/v2\/posts"}],"about":[{"href":"https:\/\/www.igmg.org\/tr\/wp-json\/wp\/v2\/types\/post"}],"author":[{"embeddable":true,"href":"https:\/\/www.igmg.org\/tr\/wp-json\/wp\/v2\/users\/1"}],"replies":[{"embeddable":true,"href":"https:\/\/www.igmg.org\/tr\/wp-json\/wp\/v2\/comments?post=31620"}],"version-history":[{"count":1,"href":"https:\/\/www.igmg.org\/tr\/wp-json\/wp\/v2\/posts\/31620\/revisions"}],"predecessor-version":[{"id":31621,"href":"https:\/\/www.igmg.org\/tr\/wp-json\/wp\/v2\/posts\/31620\/revisions\/31621"}],"wp:featuredmedia":[{"embeddable":true,"href":"https:\/\/www.igmg.org\/tr\/wp-json\/wp\/v2\/media\/31277"}],"wp:attachment":[{"href":"https:\/\/www.igmg.org\/tr\/wp-json\/wp\/v2\/media?parent=31620"}],"wp:term":[{"taxonomy":"category","embeddable":true,"href":"https:\/\/www.igmg.org\/tr\/wp-json\/wp\/v2\/categories?post=31620"},{"taxonomy":"post_tag","embeddable":true,"href":"https:\/\/www.igmg.org\/tr\/wp-json\/wp\/v2\/tags?post=31620"}],"curies":[{"name":"wp","href":"https:\/\/api.w.org\/{rel}","templated":true}]}}