{"id":32069,"date":"2016-01-12T11:38:54","date_gmt":"2016-01-12T10:38:54","guid":{"rendered":"https:\/\/www.igmg.org\/tr\/?p=32069"},"modified":"2016-01-20T11:39:27","modified_gmt":"2016-01-20T10:39:27","slug":"istanbuldaki-teroer-saldirisini-lanetliyoruz","status":"publish","type":"post","link":"https:\/\/www.igmg.org\/tr\/istanbuldaki-teroer-saldirisini-lanetliyoruz\/","title":{"rendered":"\u0130stanbul\u2019daki ter\u00f6r sald\u0131r\u0131s\u0131n\u0131 lanetliyoruz"},"content":{"rendered":"<p><strong>\u0130slam Toplumu Mill\u00ee G\u00f6r\u00fc\u015f (IGMG) Genel Ba\u015fkan\u0131 Kemal Erg\u00fcn \u0130stanbul\u2019daki ter\u00f6r sald\u0131r\u0131s\u0131 m\u00fcnasebetiyle bir a\u00e7\u0131klama yapt\u0131. \u201c\u0130stanbul\u2019daki bu a\u015fa\u011f\u0131l\u0131k sald\u0131r\u0131y\u0131 en a\u011f\u0131r \u015fekilde lanetliyoruz.\u201d diyen Erg\u00fcn s\u00f6zlerini \u015f\u00f6yle s\u00fcrd\u00fcrd\u00fc:<\/strong><\/p>\n<p>\u201cBu korkak sald\u0131r\u0131 bir defa daha g\u00f6stermi\u015ftir ki ter\u00f6r ne din ne de k\u00f6ken ayr\u0131m\u0131 yapmaktad\u0131r. G\u00f6z\u00fcn\u00fc kan b\u00fcr\u00fcm\u00fc\u015f bu barbarlar\u0131n hedefinde \u00e7o\u011fu zaman masum siviller yer almaktad\u0131r. Bu t\u00fcr olaylar toplumsal birlikteli\u011fimizi daha da g\u00fc\u00e7lendirmelidir. Ortak d\u00fc\u015fman\u0131 ba\u015fka t\u00fcrl\u00fc alt etmek m\u00fcmk\u00fcn de\u011fildir. <\/p>\n<p>G\u00fcvenlik birimleri bu hain sald\u0131r\u0131y\u0131 en h\u0131zl\u0131 \u015fekilde en ince detay\u0131na kadar a\u00e7\u0131kl\u0131\u011fa kavu\u015fturmal\u0131d\u0131r. Olayda parma\u011f\u0131 olan ki\u015fi veya gruplar bir an \u00f6nce tespit edilip gerekli cezaya \u00e7arpt\u0131r\u0131lmal\u0131d\u0131r. Bu vesileyle sald\u0131r\u0131da ya\u015fam\u0131n\u0131 yitiren insanlar i\u00e7in en derin \u00fcz\u00fcnt\u00fclerimizi payla\u015f\u0131r, yak\u0131nlar\u0131na ba\u015fsa\u011fl\u0131\u011f\u0131 dileriz.\u201d<\/p>\n","protected":false},"excerpt":{"rendered":"<p>\u0130slam Toplumu Mill\u00ee G\u00f6r\u00fc\u015f (IGMG) Genel Ba\u015fkan\u0131 Kemal Erg\u00fcn \u0130stanbul\u2019daki ter\u00f6r sald\u0131r\u0131s\u0131 m\u00fcnasebetiyle bir a\u00e7\u0131klama yapt\u0131. \u201c\u0130stanbul\u2019daki bu a\u015fa\u011f\u0131l\u0131k sald\u0131r\u0131y\u0131 en a\u011f\u0131r \u015fekilde lanetliyoruz.\u201d diyen Erg\u00fcn s\u00f6zlerini \u015f\u00f6yle s\u00fcrd\u00fcrd\u00fc:<\/p>\n","protected":false},"author":1,"featured_media":31318,"comment_status":"open","ping_status":"open","sticky":false,"template":"","format":"standard","meta":{"ngg_post_thumbnail":0},"categories":[23244,23254],"tags":[],"_links":{"self":[{"href":"https:\/\/www.igmg.org\/tr\/wp-json\/wp\/v2\/posts\/32069"}],"collection":[{"href":"https:\/\/www.igmg.org\/tr\/wp-json\/wp\/v2\/posts"}],"about":[{"href":"https:\/\/www.igmg.org\/tr\/wp-json\/wp\/v2\/types\/post"}],"author":[{"embeddable":true,"href":"https:\/\/www.igmg.org\/tr\/wp-json\/wp\/v2\/users\/1"}],"replies":[{"embeddable":true,"href":"https:\/\/www.igmg.org\/tr\/wp-json\/wp\/v2\/comments?post=32069"}],"version-history":[{"count":1,"href":"https:\/\/www.igmg.org\/tr\/wp-json\/wp\/v2\/posts\/32069\/revisions"}],"predecessor-version":[{"id":32070,"href":"https:\/\/www.igmg.org\/tr\/wp-json\/wp\/v2\/posts\/32069\/revisions\/32070"}],"wp:featuredmedia":[{"embeddable":true,"href":"https:\/\/www.igmg.org\/tr\/wp-json\/wp\/v2\/media\/31318"}],"wp:attachment":[{"href":"https:\/\/www.igmg.org\/tr\/wp-json\/wp\/v2\/media?parent=32069"}],"wp:term":[{"taxonomy":"category","embeddable":true,"href":"https:\/\/www.igmg.org\/tr\/wp-json\/wp\/v2\/categories?post=32069"},{"taxonomy":"post_tag","embeddable":true,"href":"https:\/\/www.igmg.org\/tr\/wp-json\/wp\/v2\/tags?post=32069"}],"curies":[{"name":"wp","href":"https:\/\/api.w.org\/{rel}","templated":true}]}}