{"id":32163,"date":"2015-10-09T11:03:56","date_gmt":"2015-10-09T09:03:56","guid":{"rendered":"https:\/\/www.igmg.org\/tr\/?p=32163"},"modified":"2016-02-12T11:07:41","modified_gmt":"2016-02-12T10:07:41","slug":"acik-cami-guenue-acgnin-mesaji-gencler-zenginligimizdir","status":"publish","type":"post","link":"https:\/\/www.igmg.org\/tr\/acik-cami-guenue-acgnin-mesaji-gencler-zenginligimizdir\/","title":{"rendered":"A\u00e7\u0131k Cami G\u00fcn\u00fc &#8211; ACG\u2019nin mesaj\u0131: \u201cGen\u00e7ler zenginli\u011fimizdir.\u201d"},"content":{"rendered":"<p><strong>Almanya genelinde 3 Ekim\u2019de yap\u0131lan A\u00e7\u0131k Cami G\u00fcn\u00fc (ACG) ana konusunun \u201cgen\u00e7lik\u201d olmas\u0131 bu y\u0131lki ACG\u2019ye ayr\u0131 bir anlam katarken, gen\u00e7lerin topluma zenginlik katt\u0131\u011f\u0131 vurguland\u0131.<\/strong><\/p>\n<p>Her y\u0131l farkl\u0131 bir motto alt\u0131nda d\u00fczenlenerek \u0130slam\u2019la ilgili \u00e7e\u015fitli konulara dikkat \u00e7ekilen ACG\u2019de bu y\u0131l \u201cAlmanya\u2019daki Gen\u00e7 M\u00fcsl\u00fcmanlar-Heyecanl\u0131, Aktif, Etkin\u201d ba\u015fl\u0131\u011f\u0131 alt\u0131nda gen\u00e7lik konu edildi. B\u00f6ylelikle konuklar M\u00fcsl\u00fcman gen\u00e7lerin camilerdeki \u00e7al\u0131\u015fmalar\u0131n\u0131 daha yak\u0131ndan tan\u0131ma f\u0131rsat\u0131 buldular. Almanya genelinde bin civar\u0131nda cami cemiyetinin kat\u0131ld\u0131\u011f\u0131 etkinlikte 140 IGMG camisi de yerini ald\u0131. ACG i\u00e7in haz\u0131rlanan bro\u015f\u00fcr\u00fcn \u00f6n s\u00f6z\u00fcn\u00fc yazan Federal Aile, Ya\u015fl\u0131, Kad\u0131n ve Gen\u00e7lik Bakan\u0131 Manuela Schwesig, M\u00fcsl\u00fcman gen\u00e7lerin toplumu etkiledi\u011fine ve zenginle\u015ftirdi\u011fine dikkat \u00e7ekti. Bakan Schwesig, gen\u00e7lerin bu potansiyelini toplumsal demokrasiye katk\u0131 y\u00f6n\u00fcnde kullanmalar\u0131n\u0131 istedi.<\/p>\n<p>IGMG Genel Sekreteri Bekir Alta\u015f ise \u0130slam\u2019\u0131 \u015fekillendiren temel unsurlardan birinin de toplumun selameti i\u00e7in \u00e7aba g\u00f6stermek oldu\u011funun alt\u0131n\u0131 \u00e7izdi. Kamuoyunda M\u00fcsl\u00fcman gen\u00e7lerin toplumsal kat\u0131l\u0131m\u0131n\u0131n yetersiz oldu\u011fu konusunda bir alg\u0131n\u0131n s\u00f6z konusu oldu\u011funu kaydeden Alta\u015f, A\u00e7\u0131k Cami G\u00fcn\u00fc\u2019n\u00fcn bunun hakikatte hi\u00e7 de b\u00f6yle olmad\u0131\u011f\u0131na bizzat \u015fahit olabilmek ad\u0131na iyi bir f\u0131rsat sundu\u011funa dikkat \u00e7ekti. Alta\u015f, \u201cM\u00fcsl\u00fcman gen\u00e7lerin toplumumuz i\u00e7in g\u00f6n\u00fcll\u00fc olarak durmaks\u0131z\u0131n yapt\u0131klar\u0131 say\u0131s\u0131z \u00e7al\u0131\u015fma ilham vericidir. A\u00e7\u0131k Cami G\u00fcn\u00fc M\u00fcsl\u00fcman gen\u00e7lerin yapt\u0131\u011f\u0131 bu \u00e7ok \u00e7e\u015fitli \u00e7al\u0131\u015fmalar hakk\u0131nda bilgi sahibi olmak i\u00e7in iyi bir f\u0131rsat. Gen\u00e7ler e\u011fitim ve bo\u015f zamanlar\u0131 de\u011ferlendirme gibi alanlar\u0131n yan\u0131 s\u0131ra, \u015fu an g\u00fcndemde olan m\u00fcltecilere yard\u0131m \u00f6rne\u011finde de g\u00f6r\u00fclece\u011fi gibi sosyal konularda m\u00fcthi\u015f bir \u00e7al\u0131\u015fma ortaya koyuyorlar.\u201d dedi.<\/p>\n<p>A\u00e7\u0131k Cami G\u00fcn\u00fc bu y\u0131l da Almanya \u00e7ap\u0131nda binlerce misafiri a\u011f\u0131rlarken, aylar \u00f6ncesinden ba\u015flanan haz\u0131rl\u0131klar sayesinde \u0130slam\u2019\u0131n tan\u0131m\u0131 da en g\u00fczel \u015fekilde yap\u0131ld\u0131. Konuklar \u0130slam ve M\u00fcsl\u00fcmanlar hakk\u0131nda merak ettikleri sorular\u0131na cevap al\u0131rken, ikramlar e\u015fli\u011finde caminin s\u0131cak ve samimi ortam\u0131yla kendilerini evlerinde hissettiler. Bu anlamda A\u00e7\u0131k Cami G\u00fcn\u00fc \u0130slam\u2019\u0131n tan\u0131t\u0131lmas\u0131 kadar cami cemaatinin M\u00fcsl\u00fcman olmayan kom\u015fular\u0131, yetkililer ve toplumla, kar\u015f\u0131l\u0131kl\u0131 sayg\u0131 ve ho\u015fg\u00f6r\u00fc \u00e7er\u00e7evesinde kal\u0131c\u0131 dostluklar olu\u015fturulabilmesi i\u00e7in \u00f6nemli bir platform sunuyor.<\/p>\n<p>A\u00e7\u0131k Cami G\u00fcn\u00fc Almanya genelinde ilk olarak 1997 y\u0131l\u0131nda ger\u00e7ekle\u015fti. 2007 y\u0131l\u0131nda Almanya M\u00fcsl\u00fcmanlar Koordinasyon Konseyi (KRM) toplumsal birliktelik ve tan\u0131\u015fmay\u0131 hedef alan bu organizasyonun koordinasyonunu \u00fcstlendi. Her y\u0131l yakla\u015f\u0131k olarak 100 bin ziyaret\u00e7i Almanya genelindeki hemen hemen bin camiyi bu ba\u011flamda ziyaret ediyor.<\/p>\n<p>&nbsp;<\/p>\n","protected":false},"excerpt":{"rendered":"<p>Almanya genelinde 3 Ekim\u2019de yap\u0131lan A\u00e7\u0131k Cami G\u00fcn\u00fc (ACG) ana konusunun \u201cgen\u00e7lik\u201d olmas\u0131 bu y\u0131lki ACG\u2019ye ayr\u0131 bir anlam katarken, gen\u00e7lerin topluma zenginlik katt\u0131\u011f\u0131 vurguland\u0131.<\/p>\n","protected":false},"author":1,"featured_media":32164,"comment_status":"open","ping_status":"open","sticky":false,"template":"","format":"standard","meta":{"ngg_post_thumbnail":0},"categories":[23262],"tags":[24353,24317,24352,23367],"_links":{"self":[{"href":"https:\/\/www.igmg.org\/tr\/wp-json\/wp\/v2\/posts\/32163"}],"collection":[{"href":"https:\/\/www.igmg.org\/tr\/wp-json\/wp\/v2\/posts"}],"about":[{"href":"https:\/\/www.igmg.org\/tr\/wp-json\/wp\/v2\/types\/post"}],"author":[{"embeddable":true,"href":"https:\/\/www.igmg.org\/tr\/wp-json\/wp\/v2\/users\/1"}],"replies":[{"embeddable":true,"href":"https:\/\/www.igmg.org\/tr\/wp-json\/wp\/v2\/comments?post=32163"}],"version-history":[{"count":1,"href":"https:\/\/www.igmg.org\/tr\/wp-json\/wp\/v2\/posts\/32163\/revisions"}],"predecessor-version":[{"id":32166,"href":"https:\/\/www.igmg.org\/tr\/wp-json\/wp\/v2\/posts\/32163\/revisions\/32166"}],"wp:featuredmedia":[{"embeddable":true,"href":"https:\/\/www.igmg.org\/tr\/wp-json\/wp\/v2\/media\/32164"}],"wp:attachment":[{"href":"https:\/\/www.igmg.org\/tr\/wp-json\/wp\/v2\/media?parent=32163"}],"wp:term":[{"taxonomy":"category","embeddable":true,"href":"https:\/\/www.igmg.org\/tr\/wp-json\/wp\/v2\/categories?post=32163"},{"taxonomy":"post_tag","embeddable":true,"href":"https:\/\/www.igmg.org\/tr\/wp-json\/wp\/v2\/tags?post=32163"}],"curies":[{"name":"wp","href":"https:\/\/api.w.org\/{rel}","templated":true}]}}