{"id":32417,"date":"2016-03-11T10:04:42","date_gmt":"2016-03-11T09:04:42","guid":{"rendered":"https:\/\/www.igmg.org\/tr\/?p=32417"},"modified":"2016-03-15T10:05:14","modified_gmt":"2016-03-15T09:05:14","slug":"buyrun-ben-muesluemanim-tuem-avrupada-gerceklesen-aksiyon-ile-oen-yargilar-yerini-empatiye-birakiyor","status":"publish","type":"post","link":"https:\/\/www.igmg.org\/tr\/buyrun-ben-muesluemanim-tuem-avrupada-gerceklesen-aksiyon-ile-oen-yargilar-yerini-empatiye-birakiyor\/","title":{"rendered":"\u201cBuyrun, ben M\u00fcsl\u00fcman\u2019\u0131m.\u201d &#8211; T\u00fcm Avrupa\u2019da ger\u00e7ekle\u015fen aksiyon ile \u00f6n yarg\u0131lar yerini empatiye b\u0131rak\u0131yor"},"content":{"rendered":"<p><strong>\u0130slam Toplumu Mill\u00ee G\u00f6r\u00fc\u015f (IGMG) taraf\u0131ndan organize edilen \u201cBuyrun, ben M\u00fcsl\u00fcman\u2019\u0131m.\u201d adl\u0131 tan\u0131\u015fma aksiyonunun ikincisi ger\u00e7ekle\u015ftiriliyor. 12 Mart 2016 Cumartesi g\u00fcn\u00fc yeniden binlerce M\u00fcsl\u00fcman t\u00fcm Avrupa\u2019da sokaklara \u00e7\u0131k\u0131p vatanda\u015flar ile yeni tan\u0131\u015f\u0131kl\u0131klar olu\u015fturacak. Aksiyonun hedefi M\u00fcsl\u00fcmanlara kar\u015f\u0131 g\u00f6r\u00fclen \u00f6n yarg\u0131lar\u0131n y\u0131k\u0131lmas\u0131.<\/strong><\/p>\n<p>IGMG Genel Sekreteri Bekir Alta\u015f yapt\u0131\u011f\u0131 a\u00e7\u0131klamada \u201cYap\u0131lan ara\u015ft\u0131rmalar yabanc\u0131 ve \u0130slam d\u00fc\u015fmanl\u0131\u011f\u0131 oran\u0131n\u0131n M\u00fcsl\u00fcmanlar\u0131n ve yabanc\u0131lar\u0131n en az oranda ya\u015fad\u0131\u011f\u0131 yerlerde en y\u00fcksek seviyede oldu\u011funu g\u00f6steriyor. \u0130nsanlar\u0131n birbirleriyle g\u00f6r\u00fc\u015fmedikleri, al\u0131\u015fveri\u015fte bulunmad\u0131klar\u0131 yerlerde \u00f6n yarg\u0131lar en yo\u011fun \u015fekilde kendini g\u00f6steriyor.\u201d dedi. \u201cBuyrun, ben M\u00fcsl\u00fcman\u2019\u0131m.\u201d aksiyonu ile IGMG ge\u00e7ti\u011fimiz sene edindi\u011fi olumlu tecr\u00fcbeleri devam ettirmeyi hedefliyor. Ge\u00e7ti\u011fimiz y\u0131l Avrupa\u2019n\u0131n be\u015f \u00fclkesinde 100\u2019den fazla noktada bini a\u015fk\u0131n M\u00fcsl\u00fcman g\u00f6n\u00fcll\u00fc aksiyona aktif kat\u0131l\u0131m sa\u011flad\u0131. 61 bini a\u015fk\u0131n bulu\u015fma ger\u00e7ekle\u015fti ve insanlarla y\u00fcz y\u00fcze ileti\u015fim sa\u011fland\u0131. <\/p>\n<p>Bekir Alta\u015f bu y\u0131lki aksiyon i\u00e7in \u015funlar\u0131 s\u00f6yledi: \u201cBu y\u0131l aksiyon en az 8 \u00fclkede yakla\u015f\u0131k 150 noktada ger\u00e7ekle\u015ftirilecek. Aksiyonumuzla Avrupa\u2019da ayn\u0131 toplumu payla\u015ft\u0131\u011f\u0131m\u0131z vatanda\u015flar\u0131m\u0131za biz M\u00fcsl\u00fcmanlarla hi\u00e7bir engelle kar\u015f\u0131la\u015fmadan kolayca ileti\u015fime ge\u00e7ebilme imk\u00e2n\u0131 sunuyoruz. Bu ayn\u0131 zamanda ilgili yerdeki M\u00fcsl\u00fcman cemiyetini tan\u0131ma f\u0131rsat\u0131 anlam\u0131na geliyor. Bu hususa da \u00e7ok \u00f6nem veriyoruz.\u201d <\/p>\n<p>Bu y\u0131l da aynen ge\u00e7en sene oldu\u011fu gibi bilgilendirme stantlar\u0131nda el ilanlar\u0131 da\u011f\u0131t\u0131lacak. Bu el ilanlar\u0131nda kar\u015f\u0131l\u0131kl\u0131 ileti\u015fimin neden k\u0131ymetli oldu\u011fu ifade ediliyor. Ayr\u0131ca tan\u0131\u015f\u0131lan vatanda\u015flara g\u00fcl takdim edilecek. <\/p>\n<p>IGMG taraf\u0131ndan konsepti haz\u0131rlanan ve organize edilen aksiyon Avrupa genelinde 500\u2019\u00fcn \u00fczerinde cami cemiyeti yetkililerince eyleme ge\u00e7irilecek. Aksiyon Almanya\u2019da Berlin, Hamburg, Bremen, Hannover, Dortmund, D\u00fcsseldorf, K\u00f6ln, Frankfurt, Stuttgart ve N\u00fcrnberg gibi b\u00fcy\u00fck \u015fehirlerin yan\u0131 s\u0131ra bir\u00e7ok farkl\u0131 \u015fehirde ger\u00e7ekle\u015ftirilecek.<\/p>\n","protected":false},"excerpt":{"rendered":"<p>\u0130slam Toplumu Mill\u00ee G\u00f6r\u00fc\u015f (IGMG) taraf\u0131ndan organize edilen \u201cBuyrun, ben M\u00fcsl\u00fcman\u2019\u0131m.\u201d adl\u0131 tan\u0131\u015fma aksiyonunun ikincisi ger\u00e7ekle\u015ftiriliyor. 12 Mart 2016 Cumartesi g\u00fcn\u00fc yeniden binlerce M\u00fcsl\u00fcman t\u00fcm Avrupa\u2019da sokaklara \u00e7\u0131k\u0131p vatanda\u015flar ile yeni tan\u0131\u015f\u0131kl\u0131klar olu\u015fturacak. Aksiyonun hedefi M\u00fcsl\u00fcmanlara kar\u015f\u0131 g\u00f6r\u00fclen \u00f6n yarg\u0131lar\u0131n y\u0131k\u0131lmas\u0131.<\/p>\n","protected":false},"author":1,"featured_media":32515,"comment_status":"open","ping_status":"open","sticky":false,"template":"","format":"standard","meta":{"ngg_post_thumbnail":0},"categories":[23244,23262],"tags":[],"_links":{"self":[{"href":"https:\/\/www.igmg.org\/tr\/wp-json\/wp\/v2\/posts\/32417"}],"collection":[{"href":"https:\/\/www.igmg.org\/tr\/wp-json\/wp\/v2\/posts"}],"about":[{"href":"https:\/\/www.igmg.org\/tr\/wp-json\/wp\/v2\/types\/post"}],"author":[{"embeddable":true,"href":"https:\/\/www.igmg.org\/tr\/wp-json\/wp\/v2\/users\/1"}],"replies":[{"embeddable":true,"href":"https:\/\/www.igmg.org\/tr\/wp-json\/wp\/v2\/comments?post=32417"}],"version-history":[{"count":2,"href":"https:\/\/www.igmg.org\/tr\/wp-json\/wp\/v2\/posts\/32417\/revisions"}],"predecessor-version":[{"id":32533,"href":"https:\/\/www.igmg.org\/tr\/wp-json\/wp\/v2\/posts\/32417\/revisions\/32533"}],"wp:featuredmedia":[{"embeddable":true,"href":"https:\/\/www.igmg.org\/tr\/wp-json\/wp\/v2\/media\/32515"}],"wp:attachment":[{"href":"https:\/\/www.igmg.org\/tr\/wp-json\/wp\/v2\/media?parent=32417"}],"wp:term":[{"taxonomy":"category","embeddable":true,"href":"https:\/\/www.igmg.org\/tr\/wp-json\/wp\/v2\/categories?post=32417"},{"taxonomy":"post_tag","embeddable":true,"href":"https:\/\/www.igmg.org\/tr\/wp-json\/wp\/v2\/tags?post=32417"}],"curies":[{"name":"wp","href":"https:\/\/api.w.org\/{rel}","templated":true}]}}