{"id":32478,"date":"2016-03-25T17:04:23","date_gmt":"2016-03-25T16:04:23","guid":{"rendered":"https:\/\/www.igmg.org\/tr\/?p=32478"},"modified":"2016-03-29T17:04:49","modified_gmt":"2016-03-29T15:04:49","slug":"bu-utanc-lekesi-sadece-karadzicin-uezerinde-degildir","status":"publish","type":"post","link":"https:\/\/www.igmg.org\/tr\/bu-utanc-lekesi-sadece-karadzicin-uezerinde-degildir\/","title":{"rendered":"Bu utan\u00e7 lekesi sadece Karadzi\u00e7\u2019in \u00fczerinde de\u011fildir."},"content":{"rendered":"<p><strong>\u0130slam Toplumu Mill\u00ee G\u00f6r\u00fc\u015f (IGMG) Genel Ba\u015fkan\u0131 Kemal Erg\u00fcn, Radovan Karadzi\u00e7\u2019e Srebrenitsa soyk\u0131r\u0131m\u0131 ba\u015f sorumlusu olarak Uluslararas\u0131 Ceza Mahkemesi taraf\u0131ndan verilen ceza m\u00fcnasebetiyle bir a\u00e7\u0131klama yapt\u0131. \u201cKaradzi\u00e7 hakk\u0131nda verilen karar ayn\u0131 zamanda uluslararas\u0131 topluma kar\u015f\u0131 da verilmi\u015f bir mahk\u00fbmiyet karar\u0131d\u0131r.\u201d diyen Erg\u00fcn s\u00f6zlerni \u015f\u00f6yle s\u00fcrd\u00fcrd\u00fc:<\/strong><\/p>\n<p>\u201cSrebrenitsa\u2019da ger\u00e7ekle\u015ftirilen soyk\u0131r\u0131m\u0131n \u00fczerinden 21 y\u0131l ge\u00e7tikten sonra Karadzi\u00e7 40 y\u0131l hapse mahk\u00fbm edilmi\u015ftir. Binlerce ki\u015finin \u00f6l\u00fcm\u00fcn\u00fcn ba\u015f sorumlusu olan 70 ya\u015f\u0131ndaki Karadzi\u00e7 Lahey\u2019deki Uluslararas\u0131 Ceza Mahkemesi\u2019nde su\u00e7lu bulunmu\u015ftur. <\/p>\n<p>B\u00f6ylelikle Srebrenitsa soyk\u0131r\u0131m\u0131nda hukuki s\u00fcre\u00e7 \u015fimdilik sona ermi\u015ftir, ancak soyk\u0131r\u0131m\u0131n a\u00e7t\u0131\u011f\u0131 yaralar 20 y\u0131ldan beri h\u00e2len tazeli\u011fini korumaktad\u0131r. Bu karar bir nebze de olsa ac\u0131n\u0131n hafiflemesine vesile ve adaletin tesisi i\u00e7in at\u0131lm\u0131\u015f bir ad\u0131m olsun. <\/p>\n<p>Bu mahkeme karar\u0131 sadece Karadzi\u00e7 hakk\u0131nda de\u011fil; ayn\u0131 zamanda genel anlamda d\u00fcnya kamuoyu ve \u00f6zelde Avrupa kamuoyuna kar\u015f\u0131 da verilmi\u015ftir. Hi\u00e7bir g\u00fcnah\u0131 olmayan insanlar hunharca katledilirken Avrupa olan bitene m\u00fcdahale etmek yerine ne yap\u0131labilece\u011fini konu\u015fmakla yetinmi\u015ftir. Bu sebeple, Srebrenitsa soyk\u0131r\u0131m\u0131 da o esnada ger\u00e7ekle\u015fen di\u011fer sava\u015f su\u00e7lar\u0131 da sadece bir ki\u015finin sorumlulu\u011fu olarak g\u00f6r\u00fclemez. Bu b\u00fcy\u00fck utan\u00e7 lekesi sadece Karadzi\u00e7\u2019in \u00fczerine yap\u0131\u015fm\u0131\u015f de\u011fildir.\u201d<\/p>\n","protected":false},"excerpt":{"rendered":"<p>\u0130slam Toplumu Mill\u00ee G\u00f6r\u00fc\u015f (IGMG) Genel Ba\u015fkan\u0131 Kemal Erg\u00fcn, Radovan Karadzi\u00e7\u2019e Srebrenitsa soyk\u0131r\u0131m\u0131 ba\u015f sorumlusu olarak Uluslararas\u0131 Ceza Mahkemesi taraf\u0131ndan verilen ceza m\u00fcnasebetiyle bir a\u00e7\u0131klama yapt\u0131. \u201cKaradzi\u00e7 hakk\u0131nda verilen karar ayn\u0131 zamanda uluslararas\u0131 topluma kar\u015f\u0131 da verilmi\u015f bir mahk\u00fbmiyet karar\u0131d\u0131r.\u201d diyen Erg\u00fcn s\u00f6zlerni \u015f\u00f6yle s\u00fcrd\u00fcrd\u00fc:<\/p>\n","protected":false},"author":1,"featured_media":31318,"comment_status":"open","ping_status":"open","sticky":false,"template":"","format":"standard","meta":{"ngg_post_thumbnail":0},"categories":[23244,23254],"tags":[],"_links":{"self":[{"href":"https:\/\/www.igmg.org\/tr\/wp-json\/wp\/v2\/posts\/32478"}],"collection":[{"href":"https:\/\/www.igmg.org\/tr\/wp-json\/wp\/v2\/posts"}],"about":[{"href":"https:\/\/www.igmg.org\/tr\/wp-json\/wp\/v2\/types\/post"}],"author":[{"embeddable":true,"href":"https:\/\/www.igmg.org\/tr\/wp-json\/wp\/v2\/users\/1"}],"replies":[{"embeddable":true,"href":"https:\/\/www.igmg.org\/tr\/wp-json\/wp\/v2\/comments?post=32478"}],"version-history":[{"count":1,"href":"https:\/\/www.igmg.org\/tr\/wp-json\/wp\/v2\/posts\/32478\/revisions"}],"predecessor-version":[{"id":32479,"href":"https:\/\/www.igmg.org\/tr\/wp-json\/wp\/v2\/posts\/32478\/revisions\/32479"}],"wp:featuredmedia":[{"embeddable":true,"href":"https:\/\/www.igmg.org\/tr\/wp-json\/wp\/v2\/media\/31318"}],"wp:attachment":[{"href":"https:\/\/www.igmg.org\/tr\/wp-json\/wp\/v2\/media?parent=32478"}],"wp:term":[{"taxonomy":"category","embeddable":true,"href":"https:\/\/www.igmg.org\/tr\/wp-json\/wp\/v2\/categories?post=32478"},{"taxonomy":"post_tag","embeddable":true,"href":"https:\/\/www.igmg.org\/tr\/wp-json\/wp\/v2\/tags?post=32478"}],"curies":[{"name":"wp","href":"https:\/\/api.w.org\/{rel}","templated":true}]}}