{"id":32482,"date":"2016-03-28T17:06:06","date_gmt":"2016-03-28T15:06:06","guid":{"rendered":"https:\/\/www.igmg.org\/tr\/?p=32482"},"modified":"2016-03-29T17:06:29","modified_gmt":"2016-03-29T15:06:29","slug":"lahordaki-alcak-saldiri-buetuen-insanliga-karsi-yapilmistir","status":"publish","type":"post","link":"https:\/\/www.igmg.org\/tr\/lahordaki-alcak-saldiri-buetuen-insanliga-karsi-yapilmistir\/","title":{"rendered":"Lahor\u2019daki al\u00e7ak sald\u0131r\u0131 b\u00fct\u00fcn insanl\u0131\u011fa kar\u015f\u0131 yap\u0131lm\u0131\u015ft\u0131r"},"content":{"rendered":"<p><strong>\u0130slam Toplumu Mill\u00ee G\u00f6r\u00fc\u015f (IGMG) Genel Ba\u015fkan\u0131 Kemal Erg\u00fcn Paskalya\u2019da e\u011flence amac\u0131yla Pakistan\u2019\u0131n Lahor kentinde \u00e7ocuk oyun alan\u0131nda toplanan insanlara kar\u015f\u0131 yap\u0131lan, \u00e7o\u011fu \u00e7ocuk ve kad\u0131nlardan olu\u015fmak \u00fczere 70\u2019in \u00fczerinde insan\u0131n hayat\u0131n\u0131 kaybetti\u011fi, Taliban\u2019a ba\u011fl\u0131 bir \u00f6rg\u00fct taraf\u0131ndan \u00fcstlenilen intihar sald\u0131r\u0131s\u0131 m\u00fcnasebetiyle bir a\u00e7\u0131klama yapt\u0131. \u201cTer\u00f6r\u00fcn hangi bahaneyle ger\u00e7ekle\u015ftirildi\u011finin, faillerin ve kurbanlar\u0131n kim oldu\u011funun hi\u00e7bir \u00f6nemi yok.\u201d diyen Erg\u00fcn s\u00f6zlerini \u015f\u00f6yle s\u00fcrd\u00fcrd\u00fc:<\/strong><\/p>\n<p>\u201cTer\u00f6r\u00fcn lanetli y\u00fcz\u00fc kendisini bu kez de Lahor\u2019da g\u00f6sterdi, \u00e7o\u011fu Hristiyan kad\u0131n ve \u00e7ocuklardan olu\u015fan bir\u00e7ok insan hayat\u0131n\u0131 kaybetti. Kurbanlar\u0131n ailelerinin ve dostlar\u0131n\u0131n ac\u0131lar\u0131n\u0131 y\u00fcrekten payla\u015f\u0131yoruz. Ac\u0131lar\u0131 ac\u0131m\u0131zd\u0131r. Cen\u00e2b-\u0131 Hak hepsine bu kederli g\u00fcnlerinde g\u00fc\u00e7 ve sab\u0131r versin. <\/p>\n<p>Ter\u00f6r eylemleri bizleri nefret ve hiddete bo\u011fuyor. Her nerede ger\u00e7ekle\u015ftirilirse ger\u00e7ekle\u015ftirilsin, fail veya kurban kim olursa olsun hi\u00e7bir \u00f6nemi yoktur. Ter\u00f6r her zaman b\u00fct\u00fcn insanl\u0131\u011f\u0131 hedef alan bir insanl\u0131k su\u00e7udur ve hi\u00e7bir inan\u00e7la ba\u011fda\u015fmaz.\u201d<\/p>\n","protected":false},"excerpt":{"rendered":"<p>\u0130slam Toplumu Mill\u00ee G\u00f6r\u00fc\u015f (IGMG) Genel Ba\u015fkan\u0131 Kemal Erg\u00fcn Paskalya\u2019da e\u011flence amac\u0131yla Pakistan\u2019\u0131n Lahor kentinde \u00e7ocuk oyun alan\u0131nda toplanan insanlara kar\u015f\u0131 yap\u0131lan, \u00e7o\u011fu \u00e7ocuk ve kad\u0131nlardan olu\u015fmak \u00fczere 70\u2019in \u00fczerinde insan\u0131n hayat\u0131n\u0131 kaybetti\u011fi, Taliban\u2019a ba\u011fl\u0131 bir \u00f6rg\u00fct taraf\u0131ndan \u00fcstlenilen intihar sald\u0131r\u0131s\u0131 m\u00fcnasebetiyle bir a\u00e7\u0131klama yapt\u0131. \u201cTer\u00f6r\u00fcn hangi bahaneyle ger\u00e7ekle\u015ftirildi\u011finin, faillerin ve kurbanlar\u0131n kim oldu\u011funun hi\u00e7bir \u00f6nemi yok.\u201d diyen Erg\u00fcn s\u00f6zlerini \u015f\u00f6yle s\u00fcrd\u00fcrd\u00fc:<\/p>\n","protected":false},"author":1,"featured_media":32515,"comment_status":"open","ping_status":"open","sticky":false,"template":"","format":"standard","meta":{"ngg_post_thumbnail":0},"categories":[23244,23254],"tags":[],"_links":{"self":[{"href":"https:\/\/www.igmg.org\/tr\/wp-json\/wp\/v2\/posts\/32482"}],"collection":[{"href":"https:\/\/www.igmg.org\/tr\/wp-json\/wp\/v2\/posts"}],"about":[{"href":"https:\/\/www.igmg.org\/tr\/wp-json\/wp\/v2\/types\/post"}],"author":[{"embeddable":true,"href":"https:\/\/www.igmg.org\/tr\/wp-json\/wp\/v2\/users\/1"}],"replies":[{"embeddable":true,"href":"https:\/\/www.igmg.org\/tr\/wp-json\/wp\/v2\/comments?post=32482"}],"version-history":[{"count":1,"href":"https:\/\/www.igmg.org\/tr\/wp-json\/wp\/v2\/posts\/32482\/revisions"}],"predecessor-version":[{"id":32483,"href":"https:\/\/www.igmg.org\/tr\/wp-json\/wp\/v2\/posts\/32482\/revisions\/32483"}],"wp:featuredmedia":[{"embeddable":true,"href":"https:\/\/www.igmg.org\/tr\/wp-json\/wp\/v2\/media\/32515"}],"wp:attachment":[{"href":"https:\/\/www.igmg.org\/tr\/wp-json\/wp\/v2\/media?parent=32482"}],"wp:term":[{"taxonomy":"category","embeddable":true,"href":"https:\/\/www.igmg.org\/tr\/wp-json\/wp\/v2\/categories?post=32482"},{"taxonomy":"post_tag","embeddable":true,"href":"https:\/\/www.igmg.org\/tr\/wp-json\/wp\/v2\/tags?post=32482"}],"curies":[{"name":"wp","href":"https:\/\/api.w.org\/{rel}","templated":true}]}}