{"id":32501,"date":"2016-04-07T12:00:32","date_gmt":"2016-04-07T10:00:32","guid":{"rendered":"https:\/\/www.igmg.org\/tr\/?p=32501"},"modified":"2016-04-07T11:58:54","modified_gmt":"2016-04-07T09:58:54","slug":"hayra-vesile-olan-o-hayri-yapmis-gibidir","status":"publish","type":"post","link":"https:\/\/www.igmg.org\/tr\/hayra-vesile-olan-o-hayri-yapmis-gibidir\/","title":{"rendered":"\u201cHayra vesile olan o hayr\u0131 yapm\u0131\u015f gibidir.\u201d"},"content":{"rendered":"<p><strong>Sosyal Hizmetler Ba\u015fkanl\u0131\u011f\u0131 (SHB) Geni\u015fletilmi\u015f B\u00f6lge Sosyal Hizmetler Ba\u015fkanlar\u0131 Toplant\u0131s\u0131\u2019n\u0131 Ana Te\u015fkilat, Gen\u00e7lik Te\u015fkilat\u0131, Kad\u0131nlar Te\u015fkilat\u0131 ve Kad\u0131nlar Gen\u00e7lik Te\u015fkilat\u0131 B\u00f6lge Sosyal Hizmetler Ba\u015fkanlar\u0131n\u0131n kat\u0131l\u0131m\u0131yla icra etti. <\/strong><\/p>\n<p>Sosyal Hizmetler Ba\u015fkanl\u0131\u011f\u0131 2 Nisan\u2019da Geni\u015fletilmi\u015f B\u00f6lge Sosyal Hizmetler Ba\u015fkanlar\u0131 Toplant\u0131s\u0131\u2019n\u0131 birim ba\u015fkanlar\u0131n\u0131n de\u011ferlendirme ve kampanya \u00e7al\u0131\u015fmalar\u0131n\u0131 tan\u0131tmas\u0131yla Genel Merkez binas\u0131nda ger\u00e7ekle\u015ftirdi. Sosyal Hizmetler Ba\u015fkan\u0131 Mustafa Uyan\u0131k, SHB Ba\u015fkan Yard\u0131mc\u0131s\u0131 Erol Aldemir, Birim Alan Sorumlular\u0131 \u0130brahim Kayg\u0131s\u0131z, Cengiz Kad\u0131rgan, Emrullah Yayla ve Murat Sevin\u00e7 toplant\u0131da haz\u0131r bulundu. <\/p>\n<p>Toplant\u0131 Genel Ba\u015fkan Kemal Erg\u00fcn\u2019\u00fcn konu\u015fmas\u0131yla ba\u015flad\u0131. Erg\u00fcn g\u00fcndemi de\u011ferlendirerek Genel Merkez \u00dcyelik Kampanyas\u0131 ve 2016 \u0130nfak Kampanyas\u0131\u2019na de\u011findi. Bir \u00f6nceki y\u0131la nazaran bu y\u0131l bir\u00e7ok b\u00f6lgenin hedeflerini a\u015ft\u0131\u011f\u0131n\u0131 s\u00f6yleyen Erg\u00fcn ba\u015far\u0131l\u0131 \u00e7al\u0131\u015fmalar\u0131ndan \u00f6t\u00fcr\u00fc B\u00f6lge ve \u015eube Y\u00f6netim Kurulu \u00fcyelerine te\u015fekk\u00fcr etti. Erg\u00fcn s\u00f6zlerine \u015f\u00f6yle devam etti: \u201cTe\u015fkilat olarak bir \u00e7al\u0131\u015fmay\u0131 noktalarken bir ba\u015fka hay\u0131rl\u0131 \u00e7al\u0131\u015fman\u0131n start\u0131n\u0131 veriyoruz. Bu anlamda \u0130slam\u2019\u0131n gereklerinden olan Zek\u00e2t ve Fitre Kampanyas\u0131 bug\u00fcn itibar\u0131yla ba\u015fl\u0131yor. Genel Merkez \u00dcyelik ve Kampanyas\u0131\u2019nda g\u00f6stermi\u015f oldu\u011funuz ba\u015far\u0131y\u0131 Zek\u00e2t ve Fitre Kampanyas\u0131\u2019nda da bekliyorum.\u201d Erg\u00fcn kat\u0131l\u0131mc\u0131lara g\u00f6rev bilincinin \u00f6nem ve ehemmiyetini hat\u0131rlatarak veda etti.<\/p>\n<p>Toplant\u0131 Genel Merkez \u00dcyelik \u00e7al\u0131\u015fmalar\u0131 hakk\u0131nda verilen bilgilendirme ile devam etti. Genel Merkez \u00dcyelik Sorumlular\u0131 \u0130brahim Kayg\u0131s\u0131z ve Cengiz Kad\u0131rgan Genel Merkez \u00fcyeli\u011fi ve \u00e7al\u0131\u015fmalar\u0131 hakk\u0131nda bilgilendirmelerde bulundu. \u0130\u015f takibi, b\u00f6lge ve \u015fube nazar\u0131ndaki \u00e7al\u0131\u015fmalar hakk\u0131nda da bilgi kat\u0131l\u0131mc\u0131larla payla\u015f\u0131ld\u0131. Murat Sevin\u00e7 ise infak \u00e7al\u0131\u015fmalar\u0131 hakk\u0131nda k\u0131sa bir sunum yapt\u0131. \u201c\u00c7ocuklar\u0131m\u0131z\u0131n ve gen\u00e7lerimizin iyi bir e\u011fitim almalar\u0131 ve toplumsal yap\u0131 i\u00e7inde iyi bir konuma gelmeleri hem bulundu\u011fumuz \u00fclkenin hem de b\u00fct\u00fcn \u0130slam \u00e2leminin ve insanl\u0131\u011f\u0131n hizmetine ve yarar\u0131na olacakt\u0131r. Bunu ba\u015farman\u0131n uzun bir s\u00fcre\u00e7 oldu\u011funun bilincindeyim. Lakin bu te\u015fkilat inand\u0131\u011f\u0131 her\u015feyi Allah\u2019\u0131n izniyle ba\u015farabilir.\u201d diyen Sevin\u00e7 b\u00f6lge ve \u015fubelerin gayretleriyle g\u00fczel bir sonuca ula\u015ft\u0131klar\u0131n\u0131 s\u00f6yleyerek idarecilere te\u015fekk\u00fcr etti ve durum de\u011ferlendirmesinde bulundu. Sevin\u00e7 \u201cBu faaliyetler gelecek nesillerin y\u00fcz\u00fcn\u00fc g\u00fcld\u00fcrecek, hizmete sunulacak olan kurumlar \u0130slam\u2019\u0131n ve k\u00fclt\u00fcr\u00fcm\u00fcz\u00fcn \u00f6\u011frenilmesi, \u00f6\u011fretilmesi, ya\u015fanmas\u0131, gelecek nesillere aktar\u0131lmas\u0131, neslimizin Kur\u2019an ve s\u00fcnnet \u00e7er\u00e7evesinde yeti\u015ftirilmi\u015f ve terbiye edilmi\u015f iman\u0131 k\u00e2mil, ahlak\u0131 g\u00fczel insanlar olarak yeti\u015ftirilmesine katk\u0131 sa\u011flayacak nitelikte olacakt\u0131r. Bu ba\u011flamda \u0130nfak Kampanyas\u0131 k\u00fclt\u00fcr\u00fcm\u00fcz\u00fcn, din\u00ee ve ahlaki de\u011ferlerimizin ya\u015fat\u0131lmas\u0131nda \u00f6nemli bir role sahiptir.\u201d dedi. 2016 \u0130nfak Kampanyas\u0131\u2019n\u0131n Ocak-Nisan 2016 aras\u0131nda yap\u0131ld\u0131\u011f\u0131n\u0131 a\u00e7\u0131klayan Sevin\u00e7 bu \u00e7al\u0131\u015fmalar vesilesiyle 10 projenin desteklenece\u011fini bildirdi. <\/p>\n<p>Programda infak \u00e7al\u0131\u015fmas\u0131nda \u015fube baz\u0131nda hedefini a\u015fan \u015fubeler a\u00e7\u0131kland\u0131. Say\u0131 olarak Ruhr-A, W\u00fcrttemberg ve Hessen B\u00f6lgesi, oran olarak ise W\u00fcrttemberg, Hessen ve Berlin B\u00f6lgesi hedeflerinin \u00fczerine \u00e7\u0131kt\u0131\u011f\u0131 a\u00e7\u0131kland\u0131. Hedefini a\u015fan b\u00f6lgeler ise s\u0131ras\u0131yla Ruhr-A, W\u00fcrttemberg, Hessen, G\u00fcney Bavyera, Kuzey Hollanda, Berlin, Viyana, Hannover, Linz, \u0130ngiltere, Norve\u00e7 ve Bremen B\u00f6lgesi olarak belirlendi. \u015eube olarak ise Ruhr-A B\u00f6lgesinden Dortmund Anadolu \u015eubesi, W\u00fcrttemberg B\u00f6lgesinden Wangen \u015eubesi ve G\u00fcney Bavyera B\u00f6lgesinden M\u00fcnih Moosach \u015eubesi hedeflerinin \u00fczerine \u00e7\u0131kt\u0131. <\/p>\n<p>Dereceye giren b\u00f6lgelere te\u015fekk\u00fcr plaketi takdim edilirken Gen\u00e7lik Te\u015fkilat\u0131 Ba\u015fkan\u0131 \u00dcnal \u00dcnalan, KT Sosyal Hizmetler Ba\u015fkan\u0131 Selma Zor, E\u011fitim Ba\u015fkan Yard\u0131mc\u0131s\u0131 Meryem \u00d6zmen, GT SHB\u2019yi vekaleten Ey\u00fcp Seyis ve KGT SHB\u2019yi vekaleten Esra \u00d6zcan haz\u0131r bulundu.<\/p>\n<p>Toplant\u0131n\u0131n ilerleyen saatlerinde Sosyal Hizmetler Ba\u015fkan\u0131 Mustafa Uyan\u0131k bir sunum yaparak SHB\u2019nin \u00e7al\u0131\u015fmalar\u0131n\u0131n maddi \u00e7al\u0131\u015fmalar olarak s\u0131n\u0131rland\u0131r\u0131lmamas\u0131 gerekti\u011finin alt\u0131n\u0131 \u00e7izdi ve \u201c\u0130nanc\u0131m\u0131z\u0131n beraberinde getirdi\u011fi sorumluluklar\u0131n hat\u0131rlat\u0131lmas\u0131 ve takip edilmesi bizim \u00e7al\u0131\u015fmalar\u0131m\u0131z\u0131n temelini olu\u015fturuyor.\u201d dedi. SHB\u2019nin \u00e7al\u0131\u015fmalar\u0131n\u0131 de\u011ferlendiren Uyan\u0131k s\u00f6zlerine \u015f\u00f6yle devam etti: \u201cBizler 3 ayd\u0131r ne yapt\u0131k? \u2018Hayra vesile olan o hayr\u0131 yapm\u0131\u015f gibidir.\u2019 had\u00ees-i \u015ferifine nail olmak i\u00e7in gece-g\u00fcnd\u00fcz \u00e7abalad\u0131k. S\u0131rf Allah\u2019\u0131n r\u0131zas\u0131n\u0131 umarak \u0130lahi kelimetullah \u00e7al\u0131\u015fmas\u0131 yapt\u0131k. Belki de \u00f6m\u00fcr boyu kazanamayaca\u011f\u0131m\u0131z kadar sevap kazand\u0131k. Vefat\u0131m\u0131zdan sonrada amel defterlerimize yaz\u0131lacak sadaka-i cariyeler olu\u015fturduk. Rabbim\u2019in r\u0131zas\u0131n\u0131 da kazand\u0131racak bizi cennetine g\u00f6t\u00fcrecek f\u0131rsatlar yakalad\u0131k. Onlarca okul ve bu okullarda in\u015fallah y\u00fczy\u0131llarca \u0130slam esas\u0131 \u00fczerine e\u011fitim g\u00f6recek nesiller yeti\u015fecek. Bunlar\u0131n i\u00e7inden bizden daha hay\u0131rl\u0131 insanlar \u00e7\u0131kacak. Bu hizmetlerin daha iyisini yapacaklar. \u0130\u015fte bunlara vesile olman\u0131n sevab\u0131 her zaman bizlere sevap olarak d\u00f6necektir. Mal tutkusunun ve d\u00fcnyal\u0131k endi\u015fesinin \u00e7ok say\u0131da insana Allah\u2019\u0131 unutturdu\u011fu bir zamanda ya\u015f\u0131yoruz. Bunun temel nedeni, d\u00fcnyevi istek ve arzular\u0131m\u0131z\u0131n ziyadesiyle bizi etkisi alt\u0131na alm\u0131\u015f olmas\u0131d\u0131r. \u00c7al\u0131\u015fmalar\u0131m\u0131zda bunu ziyadesiyle fark ettik. \u00c7ok iyi niyetli M\u00fcsl\u00fcman olmaya ba\u015flad\u0131\u011f\u0131 h\u00e2lde buna muvaffak olamam\u0131\u015f, patinaj yapm\u0131\u015f sonra da iman\u0131n\u0131 kaybetmi\u015f pek \u00e7ok insan var \u00e7evremizde. Bunlar\u0131n sebeplerinden biri de infak istasyonunda durmamalar\u0131d\u0131r. \u0130nfak\u0131 kendine ahlak olarak prensip etmemi\u015f olmamalar\u0131d\u0131r. \u0130\u015fte bizler bu durumdaki insanlar\u0131 \u0131slah etme gayreti i\u00e7erisinde olduk. \u0130nfak helal ve k\u0131ymetli olan serveti, yahut en aktif ve verimli olan gayreti Allah r\u0131zas\u0131 i\u00e7in ba\u015fka insanlar\u0131n hayr\u0131na sarf etmektir. \u0130slam\u2019\u0131n hayata ta\u015f\u0131nmas\u0131n\u0131 sa\u011flayan ve m\u00fcmine Allah\u2019\u0131n r\u0131zas\u0131n\u0131 kazand\u0131ran tevhidi bir eylemdir. \u0130\u015fte biz bu hassasiyetle \u00fc\u00e7 ayd\u0131r gece g\u00fcnd\u00fcz \u00e7al\u0131\u015ft\u0131k. Bir kaderden di\u011fer kadere, bir seferden di\u011fer sefere, bir kampanyadan di\u011fer kampanyaya, infaktan di\u011fer bir infak olan zek\u00e2ta diyor ve Zek\u00e2t ve Fitre Kampanya\u2019m\u0131za bug\u00fcn ba\u015fl\u0131yor ve bismillah diyoruz.\u201d<\/p>\n<p>Toplant\u0131n\u0131n son b\u00f6l\u00fcm\u00fcnde SHB Yard\u0131mc\u0131s\u0131 Erol Aldemir Fitre ve Zek\u00e2t Kampanyas\u0131\u2019na ve bu konudaki i\u015f takiplerine de\u011findi. Aldemir ge\u00e7mi\u015f y\u0131llarla k\u0131yaslamal\u0131 olarak istatistiki bilgileri aktararak tan\u0131t\u0131m materyalleri, klip ve sunumlar, eylem plan\u0131, stant \u00e7al\u0131\u015fmalar\u0131, online ba\u011f\u0131\u015f \u00e7al\u0131\u015fmalar\u0131, raporlar ve g\u00f6zlemciler ba\u015fl\u0131klar\u0131 alt\u0131nda bir\u00e7ok konuyu detayl\u0131 bir \u015fekilde ele ald\u0131. <\/p>\n","protected":false},"excerpt":{"rendered":"<p>Sosyal Hizmetler Ba\u015fkanl\u0131\u011f\u0131 (SHB) Geni\u015fletilmi\u015f B\u00f6lge Sosyal Hizmetler Ba\u015fkanlar\u0131 Toplant\u0131s\u0131\u2019n\u0131 Ana Te\u015fkilat, Gen\u00e7lik Te\u015fkilat\u0131, Kad\u0131nlar Te\u015fkilat\u0131 ve Kad\u0131nlar Gen\u00e7lik Te\u015fkilat\u0131 B\u00f6lge Sosyal Hizmetler Ba\u015fkanlar\u0131n\u0131n kat\u0131l\u0131m\u0131yla icra etti. <\/p>\n","protected":false},"author":1,"featured_media":32503,"comment_status":"open","ping_status":"open","sticky":false,"template":"","format":"standard","meta":{"ngg_post_thumbnail":0},"categories":[24261],"tags":[],"_links":{"self":[{"href":"https:\/\/www.igmg.org\/tr\/wp-json\/wp\/v2\/posts\/32501"}],"collection":[{"href":"https:\/\/www.igmg.org\/tr\/wp-json\/wp\/v2\/posts"}],"about":[{"href":"https:\/\/www.igmg.org\/tr\/wp-json\/wp\/v2\/types\/post"}],"author":[{"embeddable":true,"href":"https:\/\/www.igmg.org\/tr\/wp-json\/wp\/v2\/users\/1"}],"replies":[{"embeddable":true,"href":"https:\/\/www.igmg.org\/tr\/wp-json\/wp\/v2\/comments?post=32501"}],"version-history":[{"count":1,"href":"https:\/\/www.igmg.org\/tr\/wp-json\/wp\/v2\/posts\/32501\/revisions"}],"predecessor-version":[{"id":32502,"href":"https:\/\/www.igmg.org\/tr\/wp-json\/wp\/v2\/posts\/32501\/revisions\/32502"}],"wp:featuredmedia":[{"embeddable":true,"href":"https:\/\/www.igmg.org\/tr\/wp-json\/wp\/v2\/media\/32503"}],"wp:attachment":[{"href":"https:\/\/www.igmg.org\/tr\/wp-json\/wp\/v2\/media?parent=32501"}],"wp:term":[{"taxonomy":"category","embeddable":true,"href":"https:\/\/www.igmg.org\/tr\/wp-json\/wp\/v2\/categories?post=32501"},{"taxonomy":"post_tag","embeddable":true,"href":"https:\/\/www.igmg.org\/tr\/wp-json\/wp\/v2\/tags?post=32501"}],"curies":[{"name":"wp","href":"https:\/\/api.w.org\/{rel}","templated":true}]}}