{"id":33138,"date":"2016-06-29T11:32:00","date_gmt":"2016-06-29T09:32:00","guid":{"rendered":"https:\/\/www.igmg.org\/tr\/?p=33138"},"modified":"2016-06-29T11:56:59","modified_gmt":"2016-06-29T09:56:59","slug":"teroerle-muecadelede-soeylemlerin-oetesine-gecilmelidir","status":"publish","type":"post","link":"https:\/\/www.igmg.org\/tr\/teroerle-muecadelede-soeylemlerin-oetesine-gecilmelidir\/","title":{"rendered":"Ter\u00f6rle m\u00fccadelede s\u00f6ylemlerin \u00f6tesine ge\u00e7ilmelidir"},"content":{"rendered":"<p><strong>\u0130slam Toplumu Mill\u00ee G\u00f6r\u00fc\u015f (IGMG) Genel Ba\u015fkan\u0131 28 Haziran Sal\u0131 g\u00fcn\u00fc \u0130stanbul Atat\u00fcrk Havaliman\u0131\u2019nda ger\u00e7ekle\u015ftirilen, 36 ki\u015finin hayat\u0131n\u0131 kaybetmesine ve 147 ki\u015finin yaralanmas\u0131na sebep olan ter\u00f6r sald\u0131r\u0131lar\u0131 m\u00fcnasebetiyle bir a\u00e7\u0131klama yapt\u0131. \u201cTer\u00f6rle m\u00fccadele herkes i\u00e7in \u00f6ncelik olmal\u0131d\u0131r ve art\u0131k s\u00f6ylemlerin \u00f6tesine ge\u00e7ilmelidir.\u201d diyen Erg\u00fcn s\u00f6zlerini \u015f\u00f6yle s\u00fcrd\u00fcrd\u00fc:<\/strong><\/p>\n<p>\u201cYine bir ter\u00f6r sald\u0131r\u0131s\u0131 ve yine \u00f6ld\u00fcr\u00fclen masum insanlar. Hayat\u0131n\u0131 kaybedenlere Cen\u00e2b-\u0131 Hak\u2019tan rahmet, ailelerine ve dostlar\u0131na sabr-\u0131 cemil niyaz ediyoruz. Onlar\u0131n ac\u0131lar\u0131 bizim ac\u0131m\u0131zd\u0131r.<\/p>\n<p>Ter\u00f6rle m\u00fccadele etkili ve kararl\u0131 bir \u015fekilde y\u00fcr\u00fct\u00fclmelidir. Bu m\u00fccadelede yaln\u0131zca ba\u015fsa\u011fl\u0131\u011f\u0131 dilemek ve ya\u015fananlar\u0131 k\u0131namak yeterli de\u011fildir. \u00dcz\u00fclerek m\u00fc\u015fahede ediyoruz ki, b\u00f6ylesine b\u00fcy\u00fck \u00e7apl\u0131 sald\u0131r\u0131lar\u0131n hemen ard\u0131ndan bir tepki olu\u015fmakta ama bu tepki \u00e7ok k\u0131sa bir s\u00fcre i\u00e7erisinde yerini sessizli\u011fe b\u0131rakmaktad\u0131r. Hele ki ya\u015fad\u0131\u011f\u0131m\u0131z co\u011frafyaya uzak yerlerde insanlar hayat\u0131n\u0131 kaybetti\u011finde ya da yaraland\u0131\u011f\u0131nda ise bu durum g\u00fcndeme dahi gelmiyor. <\/p>\n<p>Devletler art\u0131k mill\u00ee menfaatlerini bir kenara b\u0131rakmal\u0131 ve ter\u00f6r\u00fcn ortaya \u00e7\u0131k\u0131\u015f sebeplerini bertaraf etmekle m\u00fccadele etmelidir. Bu m\u00fccadelede ter\u00f6ristlerin kim olduklar\u0131, nereyi ve kimleri hedef ald\u0131klar\u0131n\u0131n hi\u00e7bir \u00f6nemi olmamal\u0131d\u0131r.\u201d<\/p>\n","protected":false},"excerpt":{"rendered":"<p>\u0130slam Toplumu Mill\u00ee G\u00f6r\u00fc\u015f (IGMG) Genel Ba\u015fkan\u0131 28 Haziran Sal\u0131 g\u00fcn\u00fc \u0130stanbul Atat\u00fcrk Havaliman\u0131\u2019nda ger\u00e7ekle\u015ftirilen, 36 ki\u015finin hayat\u0131n\u0131 kaybetmesine ve 147 ki\u015finin yaralanmas\u0131na sebep olan ter\u00f6r sald\u0131r\u0131lar\u0131 m\u00fcnasebetiyle bir a\u00e7\u0131klama yapt\u0131. \u201cTer\u00f6rle m\u00fccadele herkes i\u00e7in \u00f6ncelik olmal\u0131d\u0131r ve art\u0131k s\u00f6ylemlerin \u00f6tesine ge\u00e7ilmelidir.\u201d diyen Erg\u00fcn s\u00f6zlerini \u015f\u00f6yle s\u00fcrd\u00fcrd\u00fc:<\/p>\n","protected":false},"author":1,"featured_media":32515,"comment_status":"open","ping_status":"open","sticky":false,"template":"","format":"standard","meta":{"ngg_post_thumbnail":0},"categories":[23244,23254],"tags":[24322,24325],"_links":{"self":[{"href":"https:\/\/www.igmg.org\/tr\/wp-json\/wp\/v2\/posts\/33138"}],"collection":[{"href":"https:\/\/www.igmg.org\/tr\/wp-json\/wp\/v2\/posts"}],"about":[{"href":"https:\/\/www.igmg.org\/tr\/wp-json\/wp\/v2\/types\/post"}],"author":[{"embeddable":true,"href":"https:\/\/www.igmg.org\/tr\/wp-json\/wp\/v2\/users\/1"}],"replies":[{"embeddable":true,"href":"https:\/\/www.igmg.org\/tr\/wp-json\/wp\/v2\/comments?post=33138"}],"version-history":[{"count":3,"href":"https:\/\/www.igmg.org\/tr\/wp-json\/wp\/v2\/posts\/33138\/revisions"}],"predecessor-version":[{"id":33142,"href":"https:\/\/www.igmg.org\/tr\/wp-json\/wp\/v2\/posts\/33138\/revisions\/33142"}],"wp:featuredmedia":[{"embeddable":true,"href":"https:\/\/www.igmg.org\/tr\/wp-json\/wp\/v2\/media\/32515"}],"wp:attachment":[{"href":"https:\/\/www.igmg.org\/tr\/wp-json\/wp\/v2\/media?parent=33138"}],"wp:term":[{"taxonomy":"category","embeddable":true,"href":"https:\/\/www.igmg.org\/tr\/wp-json\/wp\/v2\/categories?post=33138"},{"taxonomy":"post_tag","embeddable":true,"href":"https:\/\/www.igmg.org\/tr\/wp-json\/wp\/v2\/tags?post=33138"}],"curies":[{"name":"wp","href":"https:\/\/api.w.org\/{rel}","templated":true}]}}