{"id":3327,"date":"2007-01-20T22:10:00","date_gmt":"2007-01-20T21:10:00","guid":{"rendered":"https:\/\/www.igmg.org\/?p=3327"},"modified":"2015-02-16T12:25:39","modified_gmt":"2015-02-16T11:25:39","slug":"igmg-genel-baaykanae%c2%b1aenae%c2%b1n-hicri-yae%c2%b1lbaayae%c2%b1-mesajae%c2%b1","status":"publish","type":"post","link":"https:\/\/www.igmg.org\/tr\/igmg-genel-baaykanae%c2%b1aenae%c2%b1n-hicri-yae%c2%b1lbaayae%c2%b1-mesajae%c2%b1\/","title":{"rendered":"IGMG Genel Ba\u015fkan\u0131&#8217;n\u0131n Hicri Y\u0131lba\u015f\u0131 mesaj\u0131"},"content":{"rendered":"<p>IGMG Genel Ba\u015fkan\u0131 Yavuz \u00c7elik Karahan yakla\u015fmakta olan Hicri Y\u0131lba\u015f\u0131 ile ilgili bir mesaj yay\u0131nlad\u0131. Karahan kutlama mesaj\u0131nda \u015fu hususlara dikkat \u00e7ekti: &#8220;Takvimler 20 Ocak 2007&#8217;yi g\u00f6sterdi\u011finde yeni bir hicri y\u0131la girece\u011fiz. Ba\u015fta t\u00fcm Islam \u00e2lemi&#8217;nin 1428. hicri y\u0131lba\u015f\u0131n\u0131 en i\u00e7ten iyilik ve mutluluk temennilerimle tebrik ediyor, yeni hicri y\u0131l\u0131n insanl\u0131k \u00e2lemi i\u00e7in bar\u0131\u015f ve huzur vesilesi olmas\u0131n\u0131 Cenab-\u0131 Hak&#8217;tan niyaz ediyorum. Yakla\u015fmakta olan Muharrem ay\u0131 Peygamberimizin Mekke&#8217;den Medine&#8217;ye hicretlerinin 1428. y\u0131l d\u00f6n\u00fcm\u00fcne i\u015faret etmektedir. Insanl\u0131\u011f\u0131n yery\u00fcz\u00fcndeki imtihan\u0131nda rehberlik i\u00e7in g\u00f6nderilen son peygamberin g\u00f6revinde \u00f6nemli bir d\u00f6n\u00fcm noktas\u0131 olan hicretin \u00fczerinden ge\u00e7en 1428 y\u0131l&#8221;\u00a6<\/p>\n<p>Hicret kelime anlam\u0131 itibariyle bir yerden ba\u015fka bir yere g\u00f6\u00e7 etmek demektir. Dinimizde ise, Hz. Peygamber (as) ve ashab\u0131n\u0131n Mekke&#8217;de kar\u015f\u0131la\u015fm\u0131\u015f olduklar\u0131 zul\u00fcm ve i\u015fkencelerden kurtulmak ve kendi y\u00f6netimlerini olu\u015fturmak \u00fczere Mekke&#8217;den Medine&#8217;ye g\u00f6\u00e7 etmeleri hadisesine hicret denilir. Hicret, belli bir mek\u00e2nda diretmenin de\u011fil, belli ilkeler etraf\u0131nda direnmenin ad\u0131d\u0131r. M\u00fcsl\u00fcman\u0131n mek\u00e2n tasavvurunun \u00f6z itibariyle ortaya konulmas\u0131d\u0131r. Ayet mealleri bunu a\u00e7\u0131k bi\u00e7imde ortaya koymaktad\u0131r: &#8220;\u00d6z nefislerinin z\u00e2limleri olarak canlar\u0131n\u0131 alaca\u011f\u0131 kimselere melekler derler ki: &#8220;Ne i\u015fte idiniz?&#8221; Onlar: &#8220;Biz yery\u00fcz\u00fcnde dinin emirlerini uygulamaktan aciz kimseler idik&#8221; derler. Melekler de: &#8220;Allah&#8217;\u0131n arz\u0131 geni\u015f de\u011fil miydi? Siz de oradan hicret etseydiniz ya&#8221; derler. I\u015fte onlar b\u00f6yle. Onlar\u0131n bar\u0131naklar\u0131 Cehennemdir. O ne k\u00f6t\u00fc bir yerdir. Erkeklerden, kad\u0131nlardan, \u00e7ocuklardan zay\u0131f ve acz i\u00e7inde b\u0131rak\u0131l\u0131p da hi\u00e7bir \u00e7areye g\u00fcc\u00fc yetmeyen ve (hicret) i\u00e7in bir yol bulamayanlar m\u00fcstesna&#8221; (Nis\u00e2 Suresi: [4:97],[4:98]) &#8220;Muhakkak iman edenler, hicret edenler ve Allah yolunda cihad edenler, i\u015fte onlar, Allah&#8217;\u0131n rahmetini umabilirler&#8221; (Bakara Suresi, [2:219]; Tevbe Suresi, [9:20]) Peygamber Efendimiz de bir hadis-i \u015feriflerinde hicretin k\u00f6kl\u00fc ve soylu bir gelenek olu\u015funa dikkat \u00e7ekmekte ve M\u00fcsl\u00fcman\u0131n bu gelenek i\u00e7inde s\u00fcrekli diri durmas\u0131na i\u015faret buyurmaktad\u0131r: &#8220;Hicretten sonra hicret olacakt\u0131r. Yery\u00fcz\u00fcn\u00fcn en hay\u0131rl\u0131lar\u0131 Hz. Ibrahim&#8217;in hicretini kendisine \u00f6rnek alanlard\u0131r.&#8221; (Eb\u00fb Dav\u00fbd, Cihad)<\/p>\n<p> Hicret, \u00f6z olarak Allah&#8217;\u0131n yasak k\u0131ld\u0131klar\u0131ndan, helal k\u0131ld\u0131klar\u0131na bir yolculuktur. Allah i\u00e7in terkedip, Allah i\u00e7in kavu\u015fmak demektir. Hicret bir ka\u00e7\u0131\u015f olmad\u0131\u011f\u0131 gibi basit bir mek\u00e2n de\u011fi\u015ftirme de de\u011fildir. Imk\u00e2nlar\u0131n t\u00fckendi\u011fi noktada, iman\u0131n sonsuz \u00fcretim g\u00fcc\u00fcne teslim olan bedenlerin mek\u00e2n de\u011fi\u015ftirmesidir. Hicret, ensar ve muhacir taraf\u0131ndan M\u00fcsl\u00fcmanlara k\u0131yamete kadar rehberlik edecek bir mesajd\u0131r. Fedak\u00e2rl\u0131k, birlik ve beraberlik, adalet ve karde\u015fli\u011fi tan\u0131mlayan bir mesaj&#8221;\u00a6<\/p>\n<p>Bu mesaj \u0131\u015f\u0131\u011f\u0131nda g\u00fcn\u00fcm\u00fcz d\u00fcnyas\u0131na bakt\u0131\u011f\u0131m\u0131zda hicret t\u00fcm anlam derinli\u011fi ile bizi kendine \u00e7a\u011f\u0131rmaktad\u0131r. \u00c7irkinden g\u00fczele, zul\u00fcmden adalete, yanl\u0131\u015ftan do\u011fruya bir yolun yolcusu olmaya \u00e7a\u011fr\u0131d\u0131r bu. Yery\u00fcz\u00fcnde de\u011fi\u015fik iddialarla bozgunculuk yapanlar\u0131n kar\u015f\u0131s\u0131nda insan onur ve haysiyetinin korunmas\u0131na \u00e7a\u011fr\u0131&#8221;\u00a6 D\u00fcnyaya d\u00fczen ve intizam verece\u011fim iddias\u0131yla hareket ederken, her t\u00fcrl\u00fc insan hakk\u0131n\u0131 yok sayan, bunu sadece k\u00fc\u00e7\u00fck bir mutlu az\u0131nl\u0131\u011f\u0131n hakk\u0131 gibi kabul eden bir anlay\u0131\u015fla hareket eden millet ve devletlerin hicret ve hicret sonras\u0131nda meydana gelen mesaj\u0131 anlamaya b\u00fcy\u00fck \u00e7apta ihtiya\u00e7lar\u0131 vard\u0131r. Gelen yeni y\u0131l bizlere hicrete h\u00e2kim olan ruhun b\u00fct\u00fcn yery\u00fcz\u00fcnde duyulmas\u0131 i\u00e7in \u00e7al\u0131\u015fma sorumlulu\u011fu y\u00fcklemektedir.<\/p>\n<p> Bu co\u011frafyan\u0131n s\u0131n\u0131rlar\u0131 televizyonlardan bize ula\u015fan haberlerle \u00e7izilemez. Kurban kampanyam\u0131z vesilesiyle bir kez daha g\u00f6rm\u00fc\u015f oldu\u011fumuz \u00fczere, kameralara yans\u0131mayan, gazete sayfalar\u0131nda yer almayan insanlar\u0131n dramlar\u0131na sahne olmaktad\u0131r yery\u00fcz\u00fc. Ama unutulmamal\u0131d\u0131r ki zul\u00fcm olduk\u00e7a yery\u00fcz\u00fcnde, hicret yolculu\u011funda kendini daim yolcu bilen adalet a\u015fk\u0131yla \u00e7aba g\u00f6steren M\u00fcsl\u00fcmanlar\u0131n \u015fevki de varolacakt\u0131r Bu vesileyle t\u00fcm karde\u015flerimin yeni y\u0131llar\u0131n\u0131 tebrik ederken, Y\u00fcce Rabbimizden kalplerimizi hicret bilincinde sabit k\u0131lmas\u0131n\u0131 niyaz ediyorum. Gelmi\u015f bulunan yeni hicri y\u0131l\u0131n kalplerimizdeki, t\u00fcm insanl\u0131\u011f\u0131n huzur ve selameti i\u00e7in \u00e7al\u0131\u015fma a\u015fk\u0131m\u0131za taze bir a\u015f\u0131 olmas\u0131n\u0131 temenni ediyorum.<\/p>\n<p><strong> Yavuz \u00c7elik Karahan<br \/>\n IGMG Genel Ba\u015fkan\u0131<\/strong><\/p>\n","protected":false},"excerpt":{"rendered":"<p>IGMG Genel Ba\u015fkan\u0131 Yavuz \u00c7elik Karahan yakla\u015fmakta olan Hicri Y\u0131lba\u015f\u0131 ile ilgili bir mesaj yay\u0131nlad\u0131. Karahan kutlama mesaj\u0131nda \u015fu hususlara dikkat \u00e7ekti: &#8220;Takvimler 20 Ocak 2007&#8217;yi g\u00f6sterdi\u011finde yeni bir hicri y\u0131la girece\u011fiz. Ba\u015fta t\u00fcm Islam \u00e2lemi&#8217;nin 1428. hicri y\u0131lba\u015f\u0131n\u0131 en i\u00e7ten iyilik ve mutluluk temennilerimle tebrik ediyor, yeni hicri y\u0131l\u0131n insanl\u0131k \u00e2lemi i\u00e7in bar\u0131\u015f ve [&hellip;]<\/p>\n","protected":false},"author":1,"featured_media":0,"comment_status":"open","ping_status":"closed","sticky":false,"template":"","format":"standard","meta":{"ngg_post_thumbnail":0},"categories":[23244,23254,1],"tags":[],"_links":{"self":[{"href":"https:\/\/www.igmg.org\/tr\/wp-json\/wp\/v2\/posts\/3327"}],"collection":[{"href":"https:\/\/www.igmg.org\/tr\/wp-json\/wp\/v2\/posts"}],"about":[{"href":"https:\/\/www.igmg.org\/tr\/wp-json\/wp\/v2\/types\/post"}],"author":[{"embeddable":true,"href":"https:\/\/www.igmg.org\/tr\/wp-json\/wp\/v2\/users\/1"}],"replies":[{"embeddable":true,"href":"https:\/\/www.igmg.org\/tr\/wp-json\/wp\/v2\/comments?post=3327"}],"version-history":[{"count":0,"href":"https:\/\/www.igmg.org\/tr\/wp-json\/wp\/v2\/posts\/3327\/revisions"}],"wp:attachment":[{"href":"https:\/\/www.igmg.org\/tr\/wp-json\/wp\/v2\/media?parent=3327"}],"wp:term":[{"taxonomy":"category","embeddable":true,"href":"https:\/\/www.igmg.org\/tr\/wp-json\/wp\/v2\/categories?post=3327"},{"taxonomy":"post_tag","embeddable":true,"href":"https:\/\/www.igmg.org\/tr\/wp-json\/wp\/v2\/tags?post=3327"}],"curies":[{"name":"wp","href":"https:\/\/api.w.org\/{rel}","templated":true}]}}