{"id":33486,"date":"2016-09-29T16:12:19","date_gmt":"2016-09-29T14:12:19","guid":{"rendered":"https:\/\/www.igmg.org\/tr\/?p=33486"},"modified":"2016-09-29T16:12:19","modified_gmt":"2016-09-29T14:12:19","slug":"acik-cami-guenuenuen-konusu-goec-ve-hicret","status":"publish","type":"post","link":"https:\/\/www.igmg.org\/tr\/acik-cami-guenuenuen-konusu-goec-ve-hicret\/","title":{"rendered":"A\u00e7\u0131k Cami G\u00fcn\u00fc\u2019n\u00fcn konusu g\u00f6\u00e7 ve hicret"},"content":{"rendered":"<p><strong>\u0130slam Toplumu Mill\u00ee G\u00f6r\u00fc\u015f (IGMG) Genel Sekreteri Bekir Alta\u015f 3 Ekim\u2019de Almanya genelinde ger\u00e7ekle\u015fecek olan A\u00e7\u0131k Cami G\u00fcn\u00fc etkinli\u011fi m\u00fcnasebetiyle bir a\u00e7\u0131klama yapt\u0131. \u201cA\u00e7\u0131k Cami G\u00fcn\u00fc\u2019nde M\u00fcsl\u00fcmanlar herkesi fikir al\u0131\u015fveri\u015fine \u00e7a\u011f\u0131r\u0131yor. Bu fikir al\u0131\u015fveri\u015flerinin merkez noktas\u0131 bu y\u0131l g\u00f6\u00e7 konusu olacak. G\u00f6\u00e7 M\u00fcsl\u00fcmanlar i\u00e7in bug\u00fcn de ge\u00e7mi\u015fte de hep \u00f6nemli bir konu olmu\u015ftur.\u201d diyen Alta\u015f s\u00f6zlerini \u015f\u00f6yle s\u00fcrd\u00fcrd\u00fc:<\/strong><\/p>\n<p>\u201cM\u00fcsl\u00fcmanlar g\u00f6\u00e7\u00fc hem bir meydan okuma hem de bir \u015fans olarak g\u00f6r\u00fcrler. Zira g\u00f6\u00e7, ba\u015fka bir deyi\u015fle hicret, \u0130slam tarihinde bir d\u00f6n\u00fcm noktas\u0131n\u0131 ifade eder. 622 y\u0131l\u0131nda Hz. Muhammed (s.a.v.) ve ash\u00e2b\u0131 Mekke\u2019den Medine\u2019ye hicret etmi\u015f, yeni bir \u00e7a\u011f\u0131n ba\u015flamas\u0131na vesile olmu\u015flard\u0131r. Bu yeni vatanlar\u0131nda oran\u0131n yerlileri ile \u00e7ok iyi ili\u015fkiler i\u00e7erisinde olmu\u015f ve oray\u0131 kendilerine yeni bir vatan edinmi\u015flerdir.<\/p>\n<p><leftquote>A\u00e7\u0131k Cami G\u00fcn\u00fc hakk\u0131nda detayl\u0131 bilgiyi <a href=\"http:\/\/www.tom.igmg.org\" target=\"_blank\">www.tom.igmg.org<\/a> sayfas\u0131ndan edinebilirsiniz. Ayr\u0131ca bu siteden bro\u015f\u00fcrleri, afi\u015fleri ve rehberleri de indirebilirsiniz. <\/leftquote><\/p>\n<p>A\u00e7\u0131k Cami G\u00fcn\u00fc, g\u00f6\u00e7 tecr\u00fcbesini M\u00fcsl\u00fcmanlar\u0131n bak\u0131\u015f a\u00e7\u0131lar\u0131na g\u00f6re \u00f6\u011frenme noktas\u0131nda \u00f6nemli bir imk\u00e2n sunuyor. H\u00e2lihaz\u0131rda milyonlarca insan\u0131n i\u00e7erisinde bulundu\u011fu g\u00f6\u00e7 dalgas\u0131 da dikkate al\u0131n\u0131nca, empatinin ne denli \u00f6nemli oldu\u011fu bir kez daha ortaya \u00e7\u0131kmaktad\u0131r. Yaln\u0131zca insanlara dost\u00e7a davranarak ve misafirperverlik g\u00f6stererek bu \u00f6nemli s\u0131nav\u0131n \u00fcstesinden gelebilir ve \u00fclkemize gelen insanlara yeni bir vatan hediye edebiliriz.<\/p>\n<p>A\u00e7\u0131k Cami G\u00fcn\u00fc\u2019nde Almanya genelinde \u0130slam Toplumu Mill\u00ee G\u00f6r\u00fc\u015f\u2019e ba\u011fl\u0131 140\u2019\u0131n \u00fczerinde cami kap\u0131lar\u0131n\u0131 misafirlerine a\u00e7\u0131p konu hakk\u0131nda sunumlar yapacak ve ayn\u0131 zamanda m\u00fcltecilerin bar\u0131nmas\u0131 ve bak\u0131m\u0131 hususunda cemiyetlerinin \u00e7ok y\u00f6nl\u00fc \u00e7al\u0131\u015fmalar\u0131n\u0131 takdim edecek. Ama\u00e7 kar\u015f\u0131l\u0131kl\u0131 diyalo\u011fu sa\u011flamak. Herkes davetlidir.\u201d<\/p>\n<p><em>A\u00e7\u0131k Cami G\u00fcn\u00fc Almanya genelinde ilk kez 1997 y\u0131l\u0131nda ger\u00e7ekle\u015ftirildi. 2007 y\u0131l\u0131nda M\u00fcsl\u00fcmanlar Koordinasyon Merkezi (KRM) bu tan\u0131\u015fma ve birliktelik g\u00fcn\u00fcn\u00fcn organizesini \u00fcstlendi. Her y\u0131l A\u00e7\u0131k Cami G\u00fcn\u00fc\u2019nde Almanya genelinde yakla\u015f\u0131k 1.000 cami \u00f6zel programlar ve sunumlar ger\u00e7ekle\u015ftiriyor.<\/em><\/p>\n","protected":false},"excerpt":{"rendered":"<p>\u0130slam Toplumu Mill\u00ee G\u00f6r\u00fc\u015f (IGMG) Genel Sekreteri Bekir Alta\u015f 3 Ekim\u2019de Almanya genelinde ger\u00e7ekle\u015fecek olan A\u00e7\u0131k Cami G\u00fcn\u00fc etkinli\u011fi m\u00fcnasebetiyle bir a\u00e7\u0131klama yapt\u0131. \u201cA\u00e7\u0131k Cami G\u00fcn\u00fc\u2019nde M\u00fcsl\u00fcmanlar herkesi fikir al\u0131\u015fveri\u015fine \u00e7a\u011f\u0131r\u0131yor. Bu fikir al\u0131\u015fveri\u015flerinin merkez noktas\u0131 bu y\u0131l g\u00f6\u00e7 konusu olacak. G\u00f6\u00e7 M\u00fcsl\u00fcmanlar i\u00e7in bug\u00fcn de ge\u00e7mi\u015fte de hep \u00f6nemli bir konu olmu\u015ftur.\u201d diyen Alta\u015f s\u00f6zlerini \u015f\u00f6yle s\u00fcrd\u00fcrd\u00fc:<\/p>\n","protected":false},"author":1,"featured_media":33480,"comment_status":"open","ping_status":"open","sticky":false,"template":"","format":"standard","meta":{"ngg_post_thumbnail":0},"categories":[23244,23262],"tags":[24445,24324,24317,24446],"_links":{"self":[{"href":"https:\/\/www.igmg.org\/tr\/wp-json\/wp\/v2\/posts\/33486"}],"collection":[{"href":"https:\/\/www.igmg.org\/tr\/wp-json\/wp\/v2\/posts"}],"about":[{"href":"https:\/\/www.igmg.org\/tr\/wp-json\/wp\/v2\/types\/post"}],"author":[{"embeddable":true,"href":"https:\/\/www.igmg.org\/tr\/wp-json\/wp\/v2\/users\/1"}],"replies":[{"embeddable":true,"href":"https:\/\/www.igmg.org\/tr\/wp-json\/wp\/v2\/comments?post=33486"}],"version-history":[{"count":2,"href":"https:\/\/www.igmg.org\/tr\/wp-json\/wp\/v2\/posts\/33486\/revisions"}],"predecessor-version":[{"id":33488,"href":"https:\/\/www.igmg.org\/tr\/wp-json\/wp\/v2\/posts\/33486\/revisions\/33488"}],"wp:featuredmedia":[{"embeddable":true,"href":"https:\/\/www.igmg.org\/tr\/wp-json\/wp\/v2\/media\/33480"}],"wp:attachment":[{"href":"https:\/\/www.igmg.org\/tr\/wp-json\/wp\/v2\/media?parent=33486"}],"wp:term":[{"taxonomy":"category","embeddable":true,"href":"https:\/\/www.igmg.org\/tr\/wp-json\/wp\/v2\/categories?post=33486"},{"taxonomy":"post_tag","embeddable":true,"href":"https:\/\/www.igmg.org\/tr\/wp-json\/wp\/v2\/tags?post=33486"}],"curies":[{"name":"wp","href":"https:\/\/api.w.org\/{rel}","templated":true}]}}