{"id":33569,"date":"2016-10-25T16:17:02","date_gmt":"2016-10-25T14:17:02","guid":{"rendered":"https:\/\/www.igmg.org\/tr\/?p=33569"},"modified":"2016-10-25T16:17:02","modified_gmt":"2016-10-25T14:17:02","slug":"nefret-suclariyla-muecadelede-odak-noktasi-asiri-sag-olmali","status":"publish","type":"post","link":"https:\/\/www.igmg.org\/tr\/nefret-suclariyla-muecadelede-odak-noktasi-asiri-sag-olmali\/","title":{"rendered":"Nefret su\u00e7lar\u0131yla m\u00fccadelede odak noktas\u0131 a\u015f\u0131r\u0131 sa\u011f olmal\u0131"},"content":{"rendered":"<p>\u0130slam Toplumu Mill\u00ee G\u00f6r\u00fc\u015f (IGMG) Genel Sekreteri Bekir Alta\u015f Federal H\u00fck\u00fbmetin \u201cB\u00fcrgerdialog\u201d Nihai Raporu m\u00fcnasebetiyle bir a\u00e7\u0131klama yapt\u0131. Rapora g\u00f6re nefret su\u00e7lar\u0131nda ve yabanc\u0131 d\u00fc\u015fmanl\u0131\u011f\u0131nda ge\u00e7ti\u011fimiz y\u0131la nazaran b\u00fcy\u00fck bir art\u0131\u015f s\u00f6z konusu. \u201cNefret su\u00e7lar\u0131n\u0131n her \u00e7e\u015fidine kar\u015f\u0131 m\u00fccadele edilmelidir. Eldeki veriler \u0131\u015f\u0131\u011f\u0131nda, a\u015f\u0131r\u0131 sa\u011f\u0131n bu ba\u011flamda odak noktas\u0131nda olmas\u0131 gerekti\u011fi a\u00e7\u0131kt\u0131r.\u201d diyen Alta\u015f s\u00f6zlerini \u015f\u00f6yle s\u00fcrd\u00fcrd\u00fc:<\/p>\n<p>\u201cBir y\u0131l i\u00e7erisinde on binin \u00fczerinde nefret su\u00e7u i\u015flenmi\u015f olmas\u0131 endi\u015fe vericidir. Olumsuz manada bir rekor niteli\u011finde olan bu tabloda aslan pay\u0131 a\u015f\u0131r\u0131 sa\u011fa aittir. Bu noktada \u00f6ncelikli olarak Federal H\u00fck\u00fbmet a\u015f\u0131r\u0131 sa\u011f motivasyonlarla i\u015flenmi\u015f su\u00e7larla etkin m\u00fccadele i\u00e7in gerekli ad\u0131mlar\u0131 atmak durumundad\u0131r. Bir ba\u015fka problem de bu t\u00fcr su\u00e7lar\u0131n ayd\u0131nlat\u0131lma oran\u0131n\u0131n \u00e7ok d\u00fc\u015f\u00fck olmas\u0131d\u0131r. <\/p>\n<p>Emniyet birimlerinin sa\u011f g\u00f6zlerini ger\u00e7eklere kapam\u0131\u015f olduklar\u0131 alg\u0131s\u0131 git gide daha da kuvvetlenmektedir. NSU\u2019nun ayd\u0131nlat\u0131lmas\u0131 \u00e7al\u0131\u015fmalar\u0131nda ortaya \u00e7\u0131kan ak\u0131l almaz \u2018aksilikler ve hatalar\u2019 buz da\u011f\u0131n\u0131n sadece g\u00f6r\u00fcnen k\u0131sm\u0131d\u0131r. A\u015f\u0131r\u0131 sa\u011fla m\u00fccadelede sadece kurumsal alanda bile al\u0131nmas\u0131 gereken \u00e7ok say\u0131da tedbir bulunmaktad\u0131r. Do\u011fru y\u00f6ne at\u0131lm\u0131\u015f ilk ad\u0131m \u0130slam kar\u015f\u0131t\u0131 su\u00e7lar\u0131n ayr\u0131 bir \u015fekilde kay\u0131t alt\u0131na al\u0131nacak olmas\u0131d\u0131r. M\u00fcsl\u00fcmanlara ve \u0130slami m\u00fcesseselere yap\u0131lan sald\u0131r\u0131lar\u0131n aral\u0131klar\u0131 her ge\u00e7en g\u00fcn daha da azalmaktad\u0131r. <\/p>\n<p>\u0130stikrarl\u0131 bir \u015fekilde diyalo\u011fa devam etmenin yan\u0131 s\u0131ra, \u00f6zellikle internet \u00fczerinden yap\u0131lan k\u0131\u015fk\u0131rtma ve propagandalar ba\u011flam\u0131nda somut \u00f6nlemler al\u0131nmas\u0131 elzemdir. Bu platformlar \u00fczerinden i\u015flenen su\u00e7lar\u0131n da \u00e7ok y\u00fcksek oranda cezas\u0131z kalmas\u0131 b\u00fcy\u00fck bir problemdir. Demokratik bir hukuk devletinde bu durum kabul edilemez ve bunu korumak hepimizin sorumlulu\u011fundad\u0131r.<\/p>\n<p>A\u015f\u0131r\u0131c\u0131l\u0131kla m\u00fccadelede kamuoyuna yans\u0131t\u0131lana de\u011fil, resm\u00ee verilere odaklanmak \u00f6nemlidir. Bu verilere g\u00f6re de merce\u011fin a\u015f\u0131r\u0131 sa\u011fa tutulmas\u0131 gerekti\u011fi a\u015fik\u00e2rd\u0131r. Somut verilere dayanmayan, siyasetin belirledi\u011fi hedefler bir sonu\u00e7 getirmedi\u011fi gibi, ayn\u0131 zamanda zaten dar olan imk\u00e2nlar\u0131n da israf edilmesi anlam\u0131na gelmektedir.\u201d<\/p>\n","protected":false},"excerpt":{"rendered":"<p>\u0130slam Toplumu Mill\u00ee G\u00f6r\u00fc\u015f (IGMG) Genel Sekreteri Bekir Alta\u015f Federal H\u00fck\u00fbmetin \u201cB\u00fcrgerdialog\u201d Nihai Raporu m\u00fcnasebetiyle bir a\u00e7\u0131klama yapt\u0131. Rapora g\u00f6re nefret su\u00e7lar\u0131nda ve yabanc\u0131 d\u00fc\u015fmanl\u0131\u011f\u0131nda ge\u00e7ti\u011fimiz y\u0131la nazaran b\u00fcy\u00fck bir art\u0131\u015f s\u00f6z konusu. \u201cNefret su\u00e7lar\u0131n\u0131n her \u00e7e\u015fidine kar\u015f\u0131 m\u00fccadele edilmelidir. Eldeki veriler \u0131\u015f\u0131\u011f\u0131nda, a\u015f\u0131r\u0131 sa\u011f\u0131n bu ba\u011flamda odak noktas\u0131nda olmas\u0131 gerekti\u011fi a\u00e7\u0131kt\u0131r.\u201d diyen Alta\u015f s\u00f6zlerini \u015f\u00f6yle s\u00fcrd\u00fcrd\u00fc:<\/p>\n","protected":false},"author":1,"featured_media":32515,"comment_status":"open","ping_status":"open","sticky":false,"template":"","format":"standard","meta":{"ngg_post_thumbnail":0},"categories":[23244,23262],"tags":[24324,24317],"_links":{"self":[{"href":"https:\/\/www.igmg.org\/tr\/wp-json\/wp\/v2\/posts\/33569"}],"collection":[{"href":"https:\/\/www.igmg.org\/tr\/wp-json\/wp\/v2\/posts"}],"about":[{"href":"https:\/\/www.igmg.org\/tr\/wp-json\/wp\/v2\/types\/post"}],"author":[{"embeddable":true,"href":"https:\/\/www.igmg.org\/tr\/wp-json\/wp\/v2\/users\/1"}],"replies":[{"embeddable":true,"href":"https:\/\/www.igmg.org\/tr\/wp-json\/wp\/v2\/comments?post=33569"}],"version-history":[{"count":1,"href":"https:\/\/www.igmg.org\/tr\/wp-json\/wp\/v2\/posts\/33569\/revisions"}],"predecessor-version":[{"id":33570,"href":"https:\/\/www.igmg.org\/tr\/wp-json\/wp\/v2\/posts\/33569\/revisions\/33570"}],"wp:featuredmedia":[{"embeddable":true,"href":"https:\/\/www.igmg.org\/tr\/wp-json\/wp\/v2\/media\/32515"}],"wp:attachment":[{"href":"https:\/\/www.igmg.org\/tr\/wp-json\/wp\/v2\/media?parent=33569"}],"wp:term":[{"taxonomy":"category","embeddable":true,"href":"https:\/\/www.igmg.org\/tr\/wp-json\/wp\/v2\/categories?post=33569"},{"taxonomy":"post_tag","embeddable":true,"href":"https:\/\/www.igmg.org\/tr\/wp-json\/wp\/v2\/tags?post=33569"}],"curies":[{"name":"wp","href":"https:\/\/api.w.org\/{rel}","templated":true}]}}