{"id":33824,"date":"2016-12-14T15:46:52","date_gmt":"2016-12-14T14:46:52","guid":{"rendered":"https:\/\/www.igmg.org\/?p=33824\/"},"modified":"2016-12-14T15:56:59","modified_gmt":"2016-12-14T14:56:59","slug":"goesteri-halep-bizim-utancimizdir","status":"publish","type":"post","link":"https:\/\/www.igmg.org\/tr\/goesteri-halep-bizim-utancimizdir\/","title":{"rendered":"Protesto: Halep bizim utanc\u0131m\u0131zd\u0131r"},"content":{"rendered":"<p><strong>\u0130slam Toplumu Mill\u00ee G\u00f6r\u00fc\u015f (IGMG) Halep\u2019teki insanl\u0131k dram\u0131na seyirci kalmayarak Avrupa\u2019n\u0131n bir\u00e7ok \u015fehrinde protesto mitingleri d\u00fczenliyor, yetkilileri \u0130nsan Haklar\u0131 Evrensel Bildirgesi\u2019nin gerekliliklerini yerine getirmeye davet ediyor. G\u00f6sterilerde okunacak bildiride \u015fu ifadeler yer al\u0131yor:<\/strong><\/p>\n<blockquote><p><strong>Halep bizim utanc\u0131m\u0131zd\u0131r<\/strong><\/p>\n<p>Halep\u2019te insanl\u0131k \u00f6ld\u00fc. Hen\u00fcz hayatta olanlar da \u00f6lmeyi bekliyorlar. Hi\u00e7bir \u015fey yapmadan olup biteni izleyen bizler, neyi bekliyoruz? Bu eylemsizlik h\u00e2li hangi de\u011ferlerimizle, hangi insan haklar\u0131 idealiyle uyu\u015fuyor?<\/p>\n<p>Halep\u2019te ya\u015fananlar\u0131n kelimelerle a\u00e7\u0131klan\u0131r bir yan\u0131 yok. Ama kelimelerden \u00f6te bir eylem de g\u00f6remiyoruz. Birle\u015fmi\u015f Milletler \u0130nsan Haklar\u0131 Komisyonu \u201cinsanl\u0131\u011f\u0131n bitti\u011fi nokta\u201d diyor. Haber kanallar\u0131 saat ba\u015f\u0131 \u201ckelimelerle ifade edilemeyecek bir vah\u015fet\u201dten s\u00f6z ediyor.<\/p>\n<p>Ama bunlar bizim \u00e7aresizli\u011fimizi ifade eden kelimelerden daha fazlas\u0131 de\u011fil. Bunlar bizim utanc\u0131m\u0131z\u0131 \u00f6rts\u00fcn diye serdedilen kelimeler. Bu kelimeler ne acil yard\u0131m bekleyen zor durumdaki insanlara bir faydas\u0131 sa\u011fl\u0131yor ne de vicdan\u0131m\u0131z\u0131 rahatlat\u0131yor. Halep\u2019teki insanl\u0131k dram\u0131 kar\u015f\u0131s\u0131nda kelimeler kifayetsiz kal\u0131yor. \u0130nsanlar somut yard\u0131m ve deste\u011fe muhta\u00e7.<\/p>\n<p>Birle\u015fmi\u015f Milletler, Avrupa Birli\u011fi ve uluslararas\u0131 b\u00fct\u00fcn g\u00fc\u00e7ler bu sorumluluktan hi\u00e7bir zaman kurtulamayacakt\u0131r. Bu onlar\u0131n g\u00f6revidir. Ama evrensel insan haklar\u0131n\u0131 hat\u0131rlatmak ve bunlar\u0131n uygulanmas\u0131 i\u00e7in \u00e7aba sarf etmek fert olarak bizlerin de g\u00f6revidir.<\/p>\n<p>Halep\u2019te ya\u015fanm\u0131\u015f olanlar ve h\u00e2len ya\u015fananlar hepimiz i\u00e7in utan\u00e7 lekesidir. Halep\u2019te anne babalar \u00e7ocuklar\u0131n\u0131n \u00f6l\u00fcm\u00fcne \u015fahit oluyor. Halep\u2019te \u00e7ocuklar anne babalar\u0131n\u0131n \u00f6l\u00fcmlerine \u015fahit olman\u0131n ac\u0131s\u0131na katlanmak zorunda kal\u0131yor. T\u00fcm bunlar\u0131n yan\u0131nda bir de \u00e7ok a\u011f\u0131r ko\u015fullarla m\u00fccadele etmek durumundalar. \u0130nsanlar yemek olmadan, temiz su olmadan, buz gibi so\u011fukta d\u0131\u015far\u0131da sabahlamak zorundalar. Neredeyse \u00f6lenlere g\u0131pta edecek durumdalar.<\/p>\n<p>Peki Suriye\u2019de sava\u015f ba\u015flad\u0131\u011f\u0131ndan bu yana biz ne yapt\u0131k? H\u00fck\u00fbmetimiz ve uluslararas\u0131 temsilcilerimiz ne yapt\u0131lar? Nasihatler verdiler, tart\u0131\u015fmalar, g\u00f6r\u00fc\u015fmeler, m\u00fczakereler yapt\u0131lar; ama o zor durumdaki insanlar\u0131n selameti i\u00e7in de\u011fil, tam aksi i\u00e7in. Duvarlar \u00f6rd\u00fcler ve ka\u00e7\u0131\u015f yollar\u0131n\u0131 t\u0131kad\u0131lar ki bu insanlar bize gelmesin.<\/p>\n<p>Uygulanan bu politika tam bir utan\u00e7 vesilesidir. Bizim hissetti\u011fimiz de budur. Kendimiz, h\u00fck\u00fbmetimiz ve uluslararas\u0131 temsilcilerimiz ad\u0131na utan\u0131yoruz. Halep\u2019teki sava\u015f ne kadar vah\u015fi ve ac\u0131mas\u0131zsa, elimiz kolumuz ba\u011fl\u0131 bir \u015fekilde olan biteni seyredi\u015fimiz de o kadar vah\u015fi ve ac\u0131mas\u0131z.<\/p>\n<p>Evrensel insan haklar\u0131m\u0131z\u0131 geri istiyoruz. T\u00fcm insanlar ayn\u0131 insanl\u0131k de\u011ferine ve insanl\u0131k haklar\u0131na sahip olarak \u00f6zg\u00fcr do\u011fmu\u015flard\u0131r. \u0130nsan Haklar\u0131 Evrensel Bildirisi bu c\u00fcmleyle ba\u015flar. Bu c\u00fcmlenin uygulanmas\u0131 ve hayata ge\u00e7irilmesi hem bizim i\u00e7in hem de h\u00fck\u00fbmetimiz ve temsilcilerimiz i\u00e7in bir samimiyet testidir.<\/p>\n<p>Halep yang\u0131n yerine d\u00f6nm\u00fc\u015f durumda. Myanmar\u2019da, Afganistan\u2019da ve d\u00fcnyan\u0131n bir\u00e7ok farkl\u0131 b\u00f6lgesinde insanl\u0131k bir s\u0131nav veriyor. Milyonlarca insan sava\u015flar, yoksulluk ve a\u00e7l\u0131k sebebiyle yurtlar\u0131n\u0131 terk etmi\u015f durumda. Ka\u00e7amayanlar ise \u00f6l\u00fcm\u00fc bekliyorlar. Bizler, h\u00fck\u00fbmetlerimiz ve temsilcilerimiz bir \u015feyler yapmak zorunday\u0131z.<\/p>\n<p>Dinledi\u011finiz i\u00e7in te\u015fekk\u00fcr ederim!<\/p><\/blockquote>\n","protected":false},"excerpt":{"rendered":"<p>\u0130slam Toplumu Mill\u00ee G\u00f6r\u00fc\u015f (IGMG) Halep\u2019teki insanl\u0131k dram\u0131na seyirci kalmayarak Avrupa\u2019n\u0131n bir\u00e7ok \u015fehrinde g\u00f6steriler d\u00fczenliyor, yetkilileri \u0130nsan Haklar\u0131 Evrensel Bildirgesi\u2019nin gerekliliklerini yerine getirmeye davet ediyor. G\u00f6sterilerde okunacak bildiride \u015fu ifadeler yer al\u0131yor:<\/p>\n","protected":false},"author":1,"featured_media":33821,"comment_status":"open","ping_status":"open","sticky":false,"template":"","format":"standard","meta":{"ngg_post_thumbnail":0},"categories":[23254],"tags":[24461,24460,24439],"_links":{"self":[{"href":"https:\/\/www.igmg.org\/tr\/wp-json\/wp\/v2\/posts\/33824"}],"collection":[{"href":"https:\/\/www.igmg.org\/tr\/wp-json\/wp\/v2\/posts"}],"about":[{"href":"https:\/\/www.igmg.org\/tr\/wp-json\/wp\/v2\/types\/post"}],"author":[{"embeddable":true,"href":"https:\/\/www.igmg.org\/tr\/wp-json\/wp\/v2\/users\/1"}],"replies":[{"embeddable":true,"href":"https:\/\/www.igmg.org\/tr\/wp-json\/wp\/v2\/comments?post=33824"}],"version-history":[{"count":2,"href":"https:\/\/www.igmg.org\/tr\/wp-json\/wp\/v2\/posts\/33824\/revisions"}],"predecessor-version":[{"id":33826,"href":"https:\/\/www.igmg.org\/tr\/wp-json\/wp\/v2\/posts\/33824\/revisions\/33826"}],"wp:featuredmedia":[{"embeddable":true,"href":"https:\/\/www.igmg.org\/tr\/wp-json\/wp\/v2\/media\/33821"}],"wp:attachment":[{"href":"https:\/\/www.igmg.org\/tr\/wp-json\/wp\/v2\/media?parent=33824"}],"wp:term":[{"taxonomy":"category","embeddable":true,"href":"https:\/\/www.igmg.org\/tr\/wp-json\/wp\/v2\/categories?post=33824"},{"taxonomy":"post_tag","embeddable":true,"href":"https:\/\/www.igmg.org\/tr\/wp-json\/wp\/v2\/tags?post=33824"}],"curies":[{"name":"wp","href":"https:\/\/api.w.org\/{rel}","templated":true}]}}