{"id":34017,"date":"2017-01-20T11:19:18","date_gmt":"2017-01-20T10:19:18","guid":{"rendered":"https:\/\/www.igmg.org\/?p=34017\/"},"modified":"2017-01-23T11:22:14","modified_gmt":"2017-01-23T10:22:14","slug":"beraberligimizi-gueclendirelim","status":"publish","type":"post","link":"https:\/\/www.igmg.org\/tr\/beraberligimizi-gueclendirelim\/","title":{"rendered":"\u201cBeraberli\u011fimizi g\u00fc\u00e7lendirelim.\u201d"},"content":{"rendered":"<p><strong>Kad\u0131nlar Gen\u00e7lik Te\u015fkilat\u0131 (KGT) Orta\u00f6\u011fretim Ba\u015fkanl\u0131\u011f\u0131 23-31 Aral\u0131k 2016 tarihleri aras\u0131nda te\u015fkilat\u0131n bir\u00e7ok b\u00f6lgesinde ve \u015fubesinde Abla Karde\u015f G\u00fcn\u00fc d\u00fczenledi.<\/strong><\/p>\n<p>KGT Orta\u00f6\u011fretim Ba\u015fkanl\u0131\u011f\u0131n\u0131n \u201cSen de kat\u0131l, beraberli\u011fimiz g\u00fc\u00e7lensin\u201d ad\u0131 alt\u0131nda ger\u00e7ekle\u015ftirdi\u011fi Abla-Karde\u015f G\u00fcnleri\u2019ne&nbsp; 32 b\u00f6lgeden ve 171 \u015fubeden 3 bin 200 gen\u00e7 k\u0131z kat\u0131ld\u0131. Abla-Karde\u015f G\u00fcnleri\u2019nin amac\u0131n\u0131n gen\u00e7lerin birbirlerini daha iyi tan\u0131malar\u0131na ve hasbih\u00e2l etmelerine imk\u00e2n sunmak, g\u00fcnl\u00fck ya\u015famlar\u0131nda kar\u015f\u0131la\u015ft\u0131klar\u0131 k\u00fclt\u00fcrel ve sosyal sorunlar\u0131n\u0131 ablalar\u0131yla payla\u015f\u0131p isti\u015fare etmek ve birlikte bir \u00e7\u00f6z\u00fcm \u00fcretmek oldu\u011funu belirten KGT Orta\u00f6\u011fretim Abla-Karde\u015f Sorumlusu Taibe Solmaz bu program d\u00e2hilinde her \u015fubede Abla-Karde\u015f gruplar\u0131 olu\u015fturduklar\u0131n\u0131 ve gruplar\u0131n belirli zamanlar i\u00e7erisinde e\u011fitici ve \u00f6\u011fretici faaliyetler i\u00e7in bir araya topland\u0131klar\u0131n\u0131 ifade ederek \u015funlar\u0131 s\u00f6yledi: \u201cAbla-Karde\u015f gruplar\u0131 sadece bir yerde toplan\u0131p e\u011fitim almakla kalmay\u0131p sosyal alanda da faal olmaya gayret g\u00f6steriyor. \u00d6rne\u011fin engelli insanlarla birlikte etkinlikler d\u00fczenliyor, hastane, huzurevi ve \u015fubeler aras\u0131 ziyaretler ger\u00e7ekle\u015ftiriyor. Abla-Karde\u015f program\u0131 \u00e7er\u00e7evesinde gen\u00e7ler spor alan\u0131nda aktif olmaya \u00e7al\u0131\u015f\u0131yor. Manevi Gece program\u0131, \u00e7e\u015fitli boya ve el aktiviteleri, kitap okuma ak\u015famlar\u0131 ve mutfak faaliyetleri gibi daha bir\u00e7ok farkl\u0131 faaliyete imza at\u0131yor.<\/p>\n<p>KGT Orta\u00f6\u011fretim Ba\u015fkan\u0131 K\u00fcbra Ertu\u011frul ise projenin \u00f6nemine \u015fu ifadeler ile dikkat \u00e7ekti: \u201cBu y\u0131l yakla\u015f\u0131k 3 bin 200 gen\u00e7 k\u0131z\u0131m\u0131za ula\u015ft\u0131k. \u015eubelerde yap\u0131lan \u00e7e\u015fitli faaliyetler sayesinde gen\u00e7 k\u0131zlar\u0131m\u0131z bir araya gelerek \u00fcmmet olma bilin\u00e7lerini peki\u015ftirdiler. \u00c7okk\u00fclt\u00fcrl\u00fc bir ortamda b\u00fcy\u00fcyen gen\u00e7lerimiz i\u00e7in bu t\u00fcr organizeler olduk\u00e7a \u00f6nemli. Zira ergenlik d\u00f6neminde gen\u00e7ler kendilerini yaln\u0131z hissettiklerinde maalesef yanl\u0131\u015f yollara sapabiliyorlar. Bizler bunu \u00f6nlemek, yaln\u0131z olmad\u0131klar\u0131n\u0131 g\u00f6stermek ve onlar\u0131n kocaman bir \u00fcmmetin par\u00e7as\u0131 olduklar\u0131n\u0131 hissettirmek i\u00e7in \u00e7abal\u0131yoruz.\u201d<\/p>\n<p><strong>Arlberg<\/strong><br \/>\nArlberg B\u00f6lgesi KGT \u201cBiriz, beraberiz, Abla-Karde\u015fiz\u201d diyerek Abla-Karde\u015f G\u00fcn\u00fc\u2019n\u00fc 9 \u015fubesinin kat\u0131l\u0131m\u0131yla ger\u00e7ekle\u015ftirdi. Ablalar toplam 11 bulu\u015fma ile 155 gence hitap etti. Abla-Karde\u015f programlar\u0131nda gen\u00e7ler buz pateni, sohbet, bowling, kutu s\u00fcsleme, kurabiye yap\u0131m\u0131 gibi \u00e7e\u015fitli sosyal aktiviteler ile ablalar\u0131yla birlikte hem e\u011flendiler hem de \u00f6\u011frendiler. Program\u0131n de\u011ferlendirmesini de yapan B\u00f6lge KGT yetkilileri 2017 Abla-Karde\u015f G\u00fcnlerinde say\u0131y\u0131 artt\u0131rmak i\u00e7in \u015fimdiden \u00e7al\u0131\u015fmlara ba\u015flad\u0131klar\u0131n\u0131 belirtti.<\/p>\n<p><strong>G\u00fcney Hessen<\/strong><br \/>\nG\u00fcney Hessen B\u00f6lgesi Abla-Karde\u015f G\u00fcnleri\u2019ne 13 \u015fubeden toplam 321 Abla-Karde\u015f kat\u0131ld\u0131. Abla-Karde\u015f G\u00fcnleri\u2019nde B\u00f6lge KGT Orta\u00f6\u011fretim Ba\u015fkan\u0131 Tu\u011fba Temizsoy ve B\u00f6lge KGT Orta\u00f6\u011fretim Ba\u015fkan Yard\u0131mc\u0131s\u0131 Raziye \u00c7al\u0131\u015fkan \u015fubeleri ziyaret ederek, kat\u0131l\u0131mc\u0131 abla ve karde\u015flerle bir araya geldi. Programlar da B\u00f6lge Orta\u00f6\u011fretim Ba\u015fkanl\u0131\u011f\u0131n\u0131n \u00e7al\u0131\u015fmalar\u0131nda kulland\u0131\u011f\u0131 \u201cB\u00fcy\u00fck \u00fcmmetin k\u00fc\u00e7\u00fck y\u00fcrekleri\u201d yaz\u0131l\u0131 bro\u015flar kat\u0131l\u0131mc\u0131lara hediye edildi ve \u015fubelerde Abla-Karde\u015fler tespit edildi, sohbetler ve yat\u0131l\u0131 kamplar d\u00fczenlendi. Ayr\u0131ca programlarda gen\u00e7lere y\u00f6nelik buz pateni, yemek pi\u015firme etkinli\u011fi, oyunlar ve yar\u0131\u015fmalar d\u00fczenlenerek&nbsp;&nbsp; bir\u00e7ok aktiviteye imza at\u0131ld\u0131.<\/p>\n<p>B\u00f6lge KGT Orta\u00f6\u011fretim Ba\u015fkan\u0131 Abla-Karde\u015f G\u00fcnlerini de\u011ferlendirme ad\u0131na \u015funlar\u0131 s\u00f6yldi: \u201cAbla-Karde\u015f G\u00fcnleri\u2019nde iyi bir say\u0131ya ula\u015f\u0131ld\u0131, bu \u00e7ok g\u00fczel bir netice. Fakat tam anlam\u0131yla bir ba\u015far\u0131 say\u0131lamaz. As\u0131l ba\u015far\u0131 ula\u015ft\u0131\u011f\u0131m\u0131z karde\u015flerimizin hayatlar\u0131nda g\u00fczel izler b\u0131rakmak, onlar\u0131n saliha kullardan olmas\u0131na vesile olmakt\u0131r.\u201d<\/p>\n<p><strong>K\u00f6ln<\/strong><br \/>\nK\u00f6ln B\u00f6lgesi KGT Abla-Karde\u015f Projesi ba\u011flam\u0131nda ablalar i\u00e7in bir seminer d\u00fczenledi. B\u00f6lge Merkezinde bir araya gelerek Abla-Karde\u015fler \u201cKarde\u015fimin y\u00fcre\u011fine nas\u0131l dokunabilirim, onu kendime nas\u0131l yak\u0131nla\u015ft\u0131rabilirim ve beni bir abla olarak g\u00f6rebilmesi i\u00e7in ne yapabilirim?\u201d sorusunu masaya yat\u0131rd\u0131. Program\u0131n amac\u0131n\u0131n ablalar\u0131 daha iyi bilgilendirmek ve karde\u015flerine daha yak\u0131n olabilmelerini sa\u011flamak oldu\u011funu ifade eden yetkililer seminerci olarak te\u015fkilatta g\u00f6rev yapm\u0131\u015f olan Psikolog Tu\u011fba Menba\u2019y\u0131 davet ettiklerini belirtti.<\/p>\n<p>Programda B\u00f6lge KGT Orta\u00f6\u011fretim Ba\u015fkan\u0131 Fatma Erko\u00e7 ve Abla-Karde\u015f Sorumlusu Medine Bekta\u015f bir konu\u015fma ger\u00e7ekle\u015ftirerek Abla-Karde\u015f \u00e7al\u0131\u015fmalar\u0131n\u0131n hedefini a\u00e7\u0131klad\u0131. Ard\u0131ndan kat\u0131l\u0131mc\u0131lar piyes g\u00f6sterimini izledi ve her abladan \u201cSizin i\u00e7in Abla-Karde\u015f Projesi ne ifade ediyor?\u201d sorusunu cevaplamalar\u0131 istenildi. Cevaplar\u0131n\u0131 k\u00e2\u011f\u0131da yazan ablalar daha sonra Psikolog Tu\u011fba Menba\u2019y\u0131 dinleme imk\u00e2n\u0131 buldu. Menba gen\u00e7 ablalar\u0131 motive ederek k\u00fc\u00e7\u00fck hat\u0131rlatma ve nasihatlarda bulundu. Ablalar\u0131n \u00f6rnek rol model te\u015fkil etti\u011fini belirten Menba seminerini interaktif olarak devam ettirdi. Seminerin son b\u00f6l\u00fcm\u00fcnde ablalara tekrardan \u201cSizin i\u00e7in Abla-Karde\u015f Projesi ne ifade ediyor?\u201d sorusu soruldu. Olduk\u00e7a olumlu ve i\u00e7eri\u011fi dolu olan cevaplar\u0131n verilmesi seminerin faydal\u0131 ve motive edici oldu\u011funu g\u00f6sterdi.<\/p>\n<p><strong>Norve\u00e7<\/strong><br \/>\nNorve\u00e7 B\u00f6lgesi KGT Abla-Karde\u015f G\u00fcnleri\u2019ni Stavanger ve Oslo \u015fubesinde ger\u00e7ekle\u015ftirdi. Oslo \u015eubesinde yerel dilde yap\u0131lan programda B\u00f6lge KGT Orta\u00f6\u011fretim Ba\u015fkan\u0131 Makbule Kaya y\u0131lba\u015f\u0131n\u0131n dinimizdeki yeri konulu bir seminer sundu. Stavanger \u015eubesinde ise Stavanger KGT Orta\u00f6\u011fretim Ba\u015fkan\u0131 Hevin Anl\u0131 helal ve haram konulu bir senimer verdi. Anl\u0131 helal ve haram\u0131n s\u0131n\u0131rlar\u0131n\u0131 Allah Te\u00e2la\u2019n\u0131n \u00e7izdi\u011fini ifade etti ve gen\u00e7lerin bu konuda her daim Kur\u2019an ve s\u00fcnneti takip etmeleri gerekti\u011fini vurgulad\u0131. Gen\u00e7lerin yo\u011fun ilgisini \u00e7eken program\u0131n sonunda oyunlar e\u015fli\u011finde k\u00fc\u00e7\u00fck bir bilgi yar\u0131\u015fmas\u0131 d\u00fczenlendi.<\/p>\n<p><strong>Viyana<\/strong><br \/>\nViyana B\u00f6lgesi KGT Abla-Karde\u015f G\u00fcnleri\u2019ni 10 \u015fubesinin kat\u0131l\u0131m\u0131yla ger\u00e7ekle\u015ftirdi. Programda yetkililer gen\u00e7 k\u0131zlar\u0131n dan\u0131\u015facaklar\u0131, e\u011fitim ve sosyal hayatlar\u0131nda onlara dan\u0131\u015fmanl\u0131k yapabilecek ablalara ihtiya\u00e7 duyuldu\u011funu ifade ederek Abla-Karde\u015f projesinin ne denli \u00f6nemli oldu\u011funa dikkat \u00e7ekti. Ard\u0131ndan Orta\u00f6\u011fretim Ba\u015fkanlar\u0131 Abla-Karde\u015f \u00e7al\u0131\u015fmalar\u0131yla ilgili bilgi verdi ve birimler kura ile abla-karde\u015flerini se\u00e7ti. Tan\u0131\u015fma oyunlar\u0131 ile devam eden programda abla ve karde\u015fler birbirlerini daha iyi tan\u0131ma imk\u00e2n\u0131 buldu. Program\u0131n sonunda Peygamber Efendimiz\u2019i temsil eden g\u00fclden daha g\u00fczel bir hediye olmad\u0131\u011f\u0131na kanaat getiren idarecilere g\u00fcllere ayet ve had\u00ees-i \u015ferif yazarak abla ve karde\u015flere hediye etti.<\/p>\n<p>Proje d\u00e2hilinde \u015fubelerde gen\u00e7 k\u0131zlara y\u00f6nelik kanavi\u00e7e i\u015fleme, buz kayma, yar\u0131\u015fmalar, kamplar, Manevi Gece Programlar\u0131 gibi bir\u00e7ok \u00e7e\u015fitli etkinlik yap\u0131ld\u0131.<\/p>\n<p><strong>Alpes<\/strong><br \/>\nAlpes B\u00f6lgesi Annecy \u015eubesi KGT da Abla-Karde\u015f G\u00fcn\u00fc\u2019ne \u00f6zel bir sohbet tertip etti. Programda gen\u00e7ler ablalar\u0131yla birlikte oyun oynad\u0131 ve farkl\u0131 etkinlikler d\u00fczenleyerek hem e\u011flendi hem de ablar\u0131yla birlikte g\u00fczel vakit ge\u00e7irdi.<\/p>\n","protected":false},"excerpt":{"rendered":"<p>Kad\u0131nlar Gen\u00e7lik Te\u015fkilat\u0131 (KGT) Orta\u00f6\u011fretim Ba\u015fkanl\u0131\u011f\u0131 23-31 Aral\u0131k 2016 tarihleri aras\u0131nda te\u015fkilat\u0131n bir\u00e7ok b\u00f6lgesinde ve \u015fubesinde Abla Karde\u015f G\u00fcn\u00fc d\u00fczenledi.<\/p>\n","protected":false},"author":1,"featured_media":34018,"comment_status":"open","ping_status":"open","sticky":false,"template":"","format":"standard","meta":{"ngg_post_thumbnail":0},"categories":[23258],"tags":[24397,24479],"_links":{"self":[{"href":"https:\/\/www.igmg.org\/tr\/wp-json\/wp\/v2\/posts\/34017"}],"collection":[{"href":"https:\/\/www.igmg.org\/tr\/wp-json\/wp\/v2\/posts"}],"about":[{"href":"https:\/\/www.igmg.org\/tr\/wp-json\/wp\/v2\/types\/post"}],"author":[{"embeddable":true,"href":"https:\/\/www.igmg.org\/tr\/wp-json\/wp\/v2\/users\/1"}],"replies":[{"embeddable":true,"href":"https:\/\/www.igmg.org\/tr\/wp-json\/wp\/v2\/comments?post=34017"}],"version-history":[{"count":1,"href":"https:\/\/www.igmg.org\/tr\/wp-json\/wp\/v2\/posts\/34017\/revisions"}],"predecessor-version":[{"id":34020,"href":"https:\/\/www.igmg.org\/tr\/wp-json\/wp\/v2\/posts\/34017\/revisions\/34020"}],"wp:featuredmedia":[{"embeddable":true,"href":"https:\/\/www.igmg.org\/tr\/wp-json\/wp\/v2\/media\/34018"}],"wp:attachment":[{"href":"https:\/\/www.igmg.org\/tr\/wp-json\/wp\/v2\/media?parent=34017"}],"wp:term":[{"taxonomy":"category","embeddable":true,"href":"https:\/\/www.igmg.org\/tr\/wp-json\/wp\/v2\/categories?post=34017"},{"taxonomy":"post_tag","embeddable":true,"href":"https:\/\/www.igmg.org\/tr\/wp-json\/wp\/v2\/tags?post=34017"}],"curies":[{"name":"wp","href":"https:\/\/api.w.org\/{rel}","templated":true}]}}