{"id":34238,"date":"2017-03-09T15:51:09","date_gmt":"2017-03-09T14:51:09","guid":{"rendered":"https:\/\/www.igmg.org\/?p=34238\/"},"modified":"2017-03-09T16:21:35","modified_gmt":"2017-03-09T15:21:35","slug":"avusturyadaki-basoertuesue-tartismalari-rahatsiz-edici","status":"publish","type":"post","link":"https:\/\/www.igmg.org\/tr\/avusturyadaki-basoertuesue-tartismalari-rahatsiz-edici\/","title":{"rendered":"Avusturya\u2019daki ba\u015f\u00f6rt\u00fcs\u00fc tart\u0131\u015fmalar\u0131 rahats\u0131z edici"},"content":{"rendered":"<p><strong>\u0130slam Toplumu Mill\u00ee G\u00f6r\u00fc\u015f (IGMG) Genel Ba\u015fkan\u0131 Kemal Erg\u00fcn Avusturya\u2019daki ba\u015f\u00f6rt\u00fcs\u00fc tart\u0131\u015fmalar\u0131 m\u00fcnasebetiyle bir a\u00e7\u0131klama yapt\u0131. \u201cM\u00fcsl\u00fcmanlar kendi inan\u00e7lar\u0131 do\u011frultusunda neyin farz olup neyin olmad\u0131\u011f\u0131na din\u00ee referanslar\u0131 do\u011frultusunda kendileri karar verirler. Kimseye de bunun hesab\u0131n\u0131 vermek zorunda de\u011fillerdir.\u201d diyen Erg\u00fcn s\u00f6zlerini \u015f\u00f6yle s\u00fcrd\u00fcrd\u00fc:<\/strong><\/p>\n<p>\u201c\u0130nan\u00e7 \u00f6zg\u00fcrl\u00fc\u011f\u00fc bilhassa tan\u0131mlama \u00f6zg\u00fcrl\u00fc\u011f\u00fc anlam\u0131na da gelir. \u0130nanc\u0131 hakk\u0131nda karar verme yetkisi o inan\u00e7 mensubunun yaln\u0131zca kendisindedir. Bu, tart\u0131\u015fmaya dahi a\u00e7\u0131k olmayan bir hakikattir. M\u00fcsl\u00fcmanlar\u0131n her ge\u00e7en g\u00fcn artan bir bi\u00e7imde kendi inan\u00e7sal do\u011frular\u0131n\u0131 devletlerden gelen ithamlara kar\u015f\u0131 savunmaya zorlanmalar\u0131 endi\u015fe verici bir tutumdur. <\/p>\n<p>Bu tutum genel e\u015fitlik ilkesine ayk\u0131r\u0131d\u0131r. Devlet bir din\u00ee cemaatin i\u00e7 meselelerine kar\u0131\u015fma yetkisine sahip de\u011fildir. Avusturya\u2019da ba\u015f\u00f6rt\u00fcs\u00fc ile ilgili yaz\u0131lan bir bilirki\u015fi raporu politize edilmi\u015f, devlet yetkilileri bunun \u00fczerine din\u00ee cemaatleri teolojik pozisyonlar\u0131n\u0131 g\u00f6zden ge\u00e7irmeye davet etmi\u015ftir. Anla\u015f\u0131lan Avusturya\u2019da din ile devlet i\u015flerinin birbirinden ayr\u0131 olu\u015funa \u00f6nem verilmemektedir. \u0130lgili raporda din\u00ee bir emirden bahsedilmi\u015ftir ve bu emrin yerine getirilmesinin takibi ferdin kendi sorumlulu\u011fundad\u0131r.<\/p>\n<p>Devlet yetkilileri, \u2060\u2060\u2060hukuksal yetki ve i\u00e7eriksel bilgi sahibi olmad\u0131klar\u0131 hususlarda yapt\u0131klar\u0131 a\u00e7\u0131klamalarda dikkatli olmak zorundad\u0131r. Devlet insanlar\u0131n neye inan\u0131p neye inanmamas\u0131 gerekti\u011fini belirlemeye te\u015febb\u00fcs ederse tarafs\u0131zl\u0131\u011f\u0131n\u0131 kaybeder.\u201d<\/p>\n","protected":false},"excerpt":{"rendered":"<p>\u0130slam Toplumu Mill\u00ee G\u00f6r\u00fc\u015f (IGMG) Genel Ba\u015fkan\u0131 Kemal Erg\u00fcn Avusturya\u2019daki ba\u015f\u00f6rt\u00fcs\u00fc tart\u0131\u015fmalar\u0131 m\u00fcnasebetiyle bir a\u00e7\u0131klama yapt\u0131. \u201cM\u00fcsl\u00fcmanlar kendi inan\u00e7lar\u0131 do\u011frultusunda neyin farz olup neyin olmad\u0131\u011f\u0131na din\u00ee referanslar\u0131 do\u011frultusunda kendileri karar verirler. Kimseye de bunun hesab\u0131n\u0131 vermek zorunda de\u011fillerdir.\u201d diyen Erg\u00fcn s\u00f6zlerini \u015f\u00f6yle s\u00fcrd\u00fcrd\u00fc:<\/p>\n","protected":false},"author":1,"featured_media":31318,"comment_status":"open","ping_status":"open","sticky":false,"template":"","format":"standard","meta":{"ngg_post_thumbnail":0},"categories":[23244,23254],"tags":[24502,24324,24459,24322],"_links":{"self":[{"href":"https:\/\/www.igmg.org\/tr\/wp-json\/wp\/v2\/posts\/34238"}],"collection":[{"href":"https:\/\/www.igmg.org\/tr\/wp-json\/wp\/v2\/posts"}],"about":[{"href":"https:\/\/www.igmg.org\/tr\/wp-json\/wp\/v2\/types\/post"}],"author":[{"embeddable":true,"href":"https:\/\/www.igmg.org\/tr\/wp-json\/wp\/v2\/users\/1"}],"replies":[{"embeddable":true,"href":"https:\/\/www.igmg.org\/tr\/wp-json\/wp\/v2\/comments?post=34238"}],"version-history":[{"count":2,"href":"https:\/\/www.igmg.org\/tr\/wp-json\/wp\/v2\/posts\/34238\/revisions"}],"predecessor-version":[{"id":34241,"href":"https:\/\/www.igmg.org\/tr\/wp-json\/wp\/v2\/posts\/34238\/revisions\/34241"}],"wp:featuredmedia":[{"embeddable":true,"href":"https:\/\/www.igmg.org\/tr\/wp-json\/wp\/v2\/media\/31318"}],"wp:attachment":[{"href":"https:\/\/www.igmg.org\/tr\/wp-json\/wp\/v2\/media?parent=34238"}],"wp:term":[{"taxonomy":"category","embeddable":true,"href":"https:\/\/www.igmg.org\/tr\/wp-json\/wp\/v2\/categories?post=34238"},{"taxonomy":"post_tag","embeddable":true,"href":"https:\/\/www.igmg.org\/tr\/wp-json\/wp\/v2\/tags?post=34238"}],"curies":[{"name":"wp","href":"https:\/\/api.w.org\/{rel}","templated":true}]}}