{"id":34785,"date":"2017-05-12T13:00:07","date_gmt":"2017-05-12T11:00:07","guid":{"rendered":"https:\/\/www.igmg.org\/?p=34785\/"},"modified":"2017-05-11T11:45:15","modified_gmt":"2017-05-11T09:45:15","slug":"goenuellue-calisanlarin-katkisiyla-buguenlere-geldik","status":"publish","type":"post","link":"https:\/\/www.igmg.org\/tr\/goenuellue-calisanlarin-katkisiyla-buguenlere-geldik\/","title":{"rendered":"\u201cG\u00f6n\u00fcll\u00fc \u00e7al\u0131\u015fanlar\u0131n katk\u0131s\u0131yla bug\u00fcnlere geldik.\u201d"},"content":{"rendered":"<p><strong>Sezonun 3. B\u00f6lge Ba\u015fkanlar\u0131 Toplant\u0131s\u0131 6-7 May\u0131s tarihinde Genel Merkezde ger\u00e7ekle\u015ftirildi.<\/strong> <em>Rahime S\u00f6ylemez<\/em><\/p>\n<p>Genel Merkezde ger\u00e7ekle\u015ftirilen 3. B\u00f6lge Ba\u015fkanlar\u0131 Toplant\u0131s\u0131 (BBT) Genel Ba\u015fkan Kemal Erg\u00fcn\u2019\u00fcn konu\u015fmas\u0131yla ba\u015flad\u0131. Erg\u00fcn konu\u015fmas\u0131nda \u00fc\u00e7 aylar\u0131n manevi \u00f6nemine de\u011finerek Efendimiz\u2019in hayat\u0131ndan \u00f6rnekler verdi. Erg\u00fcn Allah resul\u00fcn\u00fcn darg\u0131nlar\u0131 bar\u0131\u015ft\u0131rma hususuna \u00f6nem verdi\u011fini belirterek \u015fu ifadelerde bulundu: \u201cDarg\u0131nlar\u0131n bar\u0131\u015fmas\u0131 ne kadar \u00f6nemli ise kurumlar\u0131m\u0131zla \u00e7evremizin bar\u0131\u015fmas\u0131 ve tan\u0131\u015fmas\u0131 bizler i\u00e7in o kadar \u00f6nemli. Yeni insanlar ve yeni ufuklar kazanmaya niyet etmeli ve te\u015fkilat \u00e7al\u0131\u015fmalar\u0131m\u0131z\u0131 ona g\u00f6re ger\u00e7ekle\u015ftirmeliyiz. Ayr\u0131ca ba\u015fkanlar\u0131m\u0131z g\u00fcndemi takip etmeliler ki hem \u0130slam\u2019\u0131 \u00e7evrelerine anlatabilsinler hem de yanl\u0131\u015f anla\u015f\u0131lmalara mahal vermesinler. Bunlar\u0131n yan\u0131 s\u0131ra \u201cBuyrun, ben M\u00fcsl\u00fcman\u2019\u0131m\u201d aksiyonuna kat\u0131lan t\u00fcm g\u00f6revlilerimizi \u00f6zellikle Gen\u00e7lik Te\u015fkilat\u0131 ve Kad\u0131nlar Gen\u00e7lik Te\u015fkilat\u0131m\u0131z\u0131 tebrik ediyorum. Ev ve \u0130hsan Sohbetlerine de a\u011f\u0131rl\u0131k verece\u011fiz. Zira bu \u00e7al\u0131\u015fmalar te\u015fkilat\u0131 yenileyen ve ileriye g\u00f6t\u00fcrecek \u00e7al\u0131\u015fmalar\u0131m\u0131zd\u0131r.\u201d<\/p>\n<p>Birim ba\u015fkanlar\u0131 birim sunumlar\u0131n\u0131 ger\u00e7ekle\u015ftirdi. Genel Sekreter Bekir Alta\u015f g\u00fcndemi de\u011ferlendirerek Almanya \u0130\u00e7i\u015fleri Bakan\u0131 Thomas de Maizi\u00e8re\u2019nin bir gazeteye \u00f6nc\u00fc k\u00fclt\u00fcr ile ilgili on madde sundu\u011funu ve bu on maddeden 8\u2019inin M\u00fcsl\u00fcmanlar\u0131 ilgilendirdi\u011fini belirtirken bu t\u00fcr durumlar kar\u015f\u0131s\u0131nda te\u015fkilat\u0131n cevab\u0131n\u0131n \u00e7ok net oldu\u011funu, anayasaya uyulmas\u0131 ve sayg\u0131 g\u00f6stlerilmesi gerekti\u011fini belirterek kamusal alanda daha aktif yer alabilmek i\u00e7in \u00e7al\u0131\u015fmalarda bulunduklar\u0131n\u0131 s\u00f6yledi. Gen\u00e7lik Te\u015fkilat\u0131 \u00dcniversiteliler Birim Ba\u015fkan\u0131 ve Genel Sekreterlik Tan\u0131tma Ba\u015fkan Vekili Sel\u00e7uk \u00c7i\u00e7ek bir\u00e7ok \u00fclkede \u201cBuyrun, ben M\u00fcsl\u00fcman\u2019\u0131m\u201d aksiyonu yap\u0131ld\u0131\u011f\u0131, yapmayan b\u00f6lgelerin bu \u00e7al\u0131\u015fmay\u0131 may\u0131s ay\u0131nda ger\u00e7ekle\u015ftirece\u011fi bilgisini vererek hedeflerini a\u015fan b\u00f6lgeleri a\u00e7\u0131klad\u0131. BBT\u2019nin ilk g\u00fcn\u00fc b\u00f6lge ba\u015fkanlar\u0131 dilek ve temennilerini de ifade etti.<\/p>\n<p>Toplant\u0131n\u0131n ikinci g\u00fcn\u00fcnde Mali \u0130\u015fler Ba\u015fkan\u0131 Hakk\u0131 \u00c7ift\u00e7i zek\u00e2t-fitre ve Genel Merkeze \u00fcyelik \u00e7al\u0131\u015fmalar\u0131na de\u011finerek te\u015fkilat\u0131n bu alanda daha verimli \u00e7al\u0131\u015fabilmek i\u00e7in birtak\u0131m \u00e7al\u0131\u015fmalar yapmas\u0131 gerekti\u011fini belirtti. Ard\u0131ndan Sosyal Hizmetler Ba\u015fkan\u0131 Mustafa Uyan\u0131k Sosyal Yard\u0131m Derne\u011fi Hasene\u2019nin yap\u0131s\u0131n\u0131 anlatan ve zek\u00e2t-fitre \u00e7al\u0131\u015fmalar\u0131n\u0131 ele alan bir sunum ger\u00e7ekle\u015ftirdi. Daha sonra ise m\u00fczakereye ge\u00e7ilerek birim ve b\u00f6lge ba\u015fkanlar\u0131 isti\u015farelerde bulundu. M\u00fczakere b\u00f6l\u00fcm\u00fcnde Mali \u0130\u015fler Ba\u015fkan\u0131 Hakk\u0131 \u00c7ift\u00e7i kampanyalar i\u00e7in da\u011f\u0131t\u0131lan zarflar\u0131n daha g\u00fczel bir \u00e7al\u0131\u015fmayla da\u011f\u0131t\u0131labilece\u011fine dikkat \u00e7ekerek \u015funlar\u0131 s\u00f6yledi: \u201cBizler her konuda Allah r\u0131zas\u0131n\u0131 g\u00f6zeterek \u00e7al\u0131\u015fmaktay\u0131z. Allah\u2019\u0131n emrine uygun hay\u0131r toplama ve harcama k\u00fclt\u00fcr\u00fcm\u00fcz\u00fc ne kadar \u00e7ok geli\u015ftirebilirsek o kadar \u00e7ok insanlara faydal\u0131 olabiliriz. \u0130nsanlar\u0131m\u0131za zek\u00e2t vermenin bir ibadet oldu\u011funu anlatabilmeli ve onlara zek\u00e2tlar\u0131n\u0131 verebilecekleri ortamlar\u0131 sa\u011flamal\u0131y\u0131z.\u201d<\/p>\n<p>Te\u015fkilatlanma Ba\u015fkan\u0131 Murat \u0130leri ise birim sunumunda \u0130hsan Sohbetlerine a\u011f\u0131rl\u0131k verilmesi gerekti\u011finin alt\u0131n\u0131 \u00e7izerek 91 halka olu\u015fturuldu\u011fu ve toplam 1395 ki\u015fiye hitap edildi\u011fi bilgisini verdi. \u00dcyelik Kampanyas\u0131\u2019na da de\u011finen \u0130leri Rhein-Neckar-Saar B\u00f6lgesinin birinci, Danimarka B\u00f6lgesinin ikinci ve Bremen B\u00f6lgesinin \u00fc\u00e7\u00fcnc\u00fc art\u0131\u015f g\u00f6steren b\u00f6lgeler oldu\u011funu belirtti ve b\u00f6lge ba\u015fkanlar\u0131na te\u015fekk\u00fcr etti. K\u00f6ln B\u00f6lgesinde Porz E\u011fitim Merkezi, Schwaben B\u00f6lgesinde Blaubeeren E\u011fitim Merkezi, Viyana B\u00f6lgesinde Graz \u015eubesi ve Alpes B\u00f6lgesinde Saint Pierre \u015eubesinin a\u00e7\u0131ld\u0131\u011f\u0131 m\u00fcjdesini de veren \u0130leri idarecilere muvaffakiyet diledi.<\/p>\n<p>BBT\u2019nin sonunda Genel Ba\u015fkan Kemal Erg\u00fcn program\u0131 de\u011ferlendirerek \u015funlar\u0131 s\u00f6yledi: \u201cB\u00f6lge Ba\u015fkanlar\u0131 Toplant\u0131m\u0131z\u0131 verimli bir \u015fekilde icra ettik. Birtak\u0131m de\u011fi\u015fiklikleri duyurduk, \u00e7al\u0131\u015fmalar\u0131m\u0131z\u0131 tan\u0131tt\u0131k ve daha ne kadar \u00e7ok insana ula\u015fabilece\u011fimiz hususunda isti\u015farelerde bulunduk. Bizler Sosyal Hizmeler Biriminde ve Sosyal Yard\u0131m Derne\u011fi Hasene\u2019de g\u00f6n\u00fcll\u00fc \u00e7al\u0131\u015fanlar\u0131m\u0131zla bu g\u00fcnlere geldik. Yapt\u0131klar\u0131 fahri g\u00f6revleri cihat olarak g\u00f6ren bu karde\u015flerimizin sayesinde b\u00fcy\u00fck bir ba\u015far\u0131 sa\u011flad\u0131k. Bu ba\u011flamda bu t\u00fcr \u00e7al\u0131\u015fmalarda g\u00f6n\u00fcl k\u0131r\u0131c\u0131 olabilecek her konuda daha dikkatli ve hassas davranmal\u0131y\u0131z. Bunlar\u0131n yan\u0131 s\u0131ra her \u015fubemizde gen\u00e7 \u00f6\u011frencilerimize y\u00f6nelik kurslar a\u00e7\u0131lmal\u0131, ramazan ay\u0131nda iftarlar\u0131m\u0131z\u0131 camilerde yapmal\u0131 ve nezih bir ortamda cemaatimize g\u00fczel mesajlar vermeliyiz. Ayr\u0131ca Kutlu Do\u011fum vesilesiyle d\u00fczenledi\u011fimiz \u00c2lemlere Rahmet Hz. Muhammed (s.a.v.) programlar\u0131m\u0131z\u0131 Efendimiz\u2019in rebi\u00fclevvel ay\u0131nda do\u011fmu\u015f olmas\u0131ndan de\u011fil, Efendimiz\u2019i g\u00fcndeme getirmek ve insanlara Efendimiz\u2019i tan\u0131tmak i\u00e7in yap\u0131yoruz. Bu nedenle b\u00f6lge ve \u015fubelerimiz kendi plan ve programlar\u0131 \u00e7er\u00e7evesinde bu programlar\u0131 ayarlamal\u0131 ve peygamber \u00e2\u015f\u0131klar\u0131n\u0131 salonlara toplamal\u0131lar.\u201d<\/p>\n","protected":false},"excerpt":{"rendered":"<p>Sezonun 3. B\u00f6lge Ba\u015fkanlar\u0131 Toplant\u0131s\u0131 6-7 May\u0131s tarihinde Genel Merkezde ger\u00e7ekle\u015ftirildi.<\/p>\n","protected":false},"author":1,"featured_media":34786,"comment_status":"open","ping_status":"open","sticky":false,"template":"","format":"standard","meta":{"ngg_post_thumbnail":0},"categories":[23255],"tags":[],"_links":{"self":[{"href":"https:\/\/www.igmg.org\/tr\/wp-json\/wp\/v2\/posts\/34785"}],"collection":[{"href":"https:\/\/www.igmg.org\/tr\/wp-json\/wp\/v2\/posts"}],"about":[{"href":"https:\/\/www.igmg.org\/tr\/wp-json\/wp\/v2\/types\/post"}],"author":[{"embeddable":true,"href":"https:\/\/www.igmg.org\/tr\/wp-json\/wp\/v2\/users\/1"}],"replies":[{"embeddable":true,"href":"https:\/\/www.igmg.org\/tr\/wp-json\/wp\/v2\/comments?post=34785"}],"version-history":[{"count":2,"href":"https:\/\/www.igmg.org\/tr\/wp-json\/wp\/v2\/posts\/34785\/revisions"}],"predecessor-version":[{"id":34788,"href":"https:\/\/www.igmg.org\/tr\/wp-json\/wp\/v2\/posts\/34785\/revisions\/34788"}],"wp:featuredmedia":[{"embeddable":true,"href":"https:\/\/www.igmg.org\/tr\/wp-json\/wp\/v2\/media\/34786"}],"wp:attachment":[{"href":"https:\/\/www.igmg.org\/tr\/wp-json\/wp\/v2\/media?parent=34785"}],"wp:term":[{"taxonomy":"category","embeddable":true,"href":"https:\/\/www.igmg.org\/tr\/wp-json\/wp\/v2\/categories?post=34785"},{"taxonomy":"post_tag","embeddable":true,"href":"https:\/\/www.igmg.org\/tr\/wp-json\/wp\/v2\/tags?post=34785"}],"curies":[{"name":"wp","href":"https:\/\/api.w.org\/{rel}","templated":true}]}}