{"id":34841,"date":"2017-05-26T16:45:45","date_gmt":"2017-05-26T14:45:45","guid":{"rendered":"https:\/\/www.igmg.org\/?p=34841\/"},"modified":"2017-06-09T15:28:41","modified_gmt":"2017-06-09T13:28:41","slug":"kemal-erguen-ramazan-i-serif-hayirlar-getirsin","status":"publish","type":"post","link":"https:\/\/www.igmg.org\/tr\/kemal-erguen-ramazan-i-serif-hayirlar-getirsin\/","title":{"rendered":"Kemal Erg\u00fcn: \u201cRamaz\u00e2n-\u0131 \u015ferif hay\u0131rlar getirsin.\u201d"},"content":{"rendered":"<p><strong>\u0130slam Toplumu Mill\u00ee G\u00f6r\u00fc\u015f Genel Ba\u015fkan\u0131 Kemal Erg\u00fcn ramazan ay\u0131n\u0131n ba\u015flang\u0131c\u0131 m\u00fcnasebetiyle bir tebrik mesaj\u0131 yay\u0131mlad\u0131. \u201cRamaz\u00e2n-\u0131 \u015ferifin kucaklay\u0131c\u0131 atmosferinden herkesin nasiplenmesini \u00fcmit ediyoruz.\u201d diyen Erg\u00fcn s\u00f6zlerini \u015f\u00f6yle s\u00fcrd\u00fcrd\u00fc:<\/strong><\/p>\n<p>\u201cRecep ve \u015faban aylar\u0131ndaki m\u00fcbarek g\u00fcn ve geceleri in\u015fallah gere\u011fince de\u011ferlendirmi\u015f olarak, i\u00e7erisinde bin aydan daha hay\u0131rl\u0131 bir gece olan Kadir Gecesi\u2019ni bar\u0131nd\u0131ran, Kur\u2019an ay\u0131 ramazana eri\u015ftik. Bunun i\u00e7in Rabbimize ne kadar \u015f\u00fckretsek azd\u0131r. S\u0131cak yaz \u015fartlar\u0131nda tutaca\u011f\u0131m\u0131z farz oru\u00e7lar\u0131m\u0131z\u0131n, mukabelelerimiz e\u015fli\u011finde ger\u00e7ekle\u015ftirece\u011fimiz hatm-i \u015feriflerin, yediden yetmi\u015fe her ya\u015ftan insan\u0131m\u0131zla hep birlikte co\u015fku i\u00e7erisinde k\u0131laca\u011f\u0131m\u0131z teravih namazlar\u0131m\u0131z\u0131n, verece\u011fimiz zek\u00e2t ve fitrelerin \u015fimdiden kabul olmas\u0131n\u0131 diliyorum.<\/p>\n<p>\u0130\u00e7erisinde Kur\u2019an\u2019\u0131n indirildi\u011fi, rahmet ay\u0131 ramazana eri\u015fmenin heyecan\u0131 bizleri \u00e7epe\u00e7evre sarm\u0131\u015fken, d\u00fcnyan\u0131n farkl\u0131 co\u011frafyalar\u0131nda masum insanlar\u0131 hedef alan sald\u0131r\u0131lar\u0131n ger\u00e7ekle\u015fti\u011fini g\u00f6r\u00fcyoruz. Birka\u00e7 g\u00fcn \u00f6nce \u0130ngiltere\u2019nin Manchester \u015fehrinde, bug\u00fcn ise M\u0131s\u0131r\u2019da masum insanlar\u0131 hedef alan sald\u0131r\u0131lar\u0131n faillerinin bu rahmet ve bereket ay\u0131n\u0131n feyzinden hi\u00e7 ama hi\u00e7 nasiplenmemi\u015f oldu\u011funu anl\u0131yoruz. Temennimiz ramaz\u00e2n-\u0131 \u015ferifin kucaklay\u0131c\u0131 atmosferinin b\u00fct\u00fcn insanl\u0131\u011f\u0131 ku\u015fatmas\u0131, huzur ve bar\u0131\u015f\u0131n b\u00fct\u00fcn d\u00fcnyada h\u00e2kim olmas\u0131d\u0131r.\u201d<\/p>\n","protected":false},"excerpt":{"rendered":"<p>\u0130slam Toplumu Mill\u00ee G\u00f6r\u00fc\u015f Genel Ba\u015fkan\u0131 Kemal Erg\u00fcn ramazan ay\u0131n\u0131n ba\u015flang\u0131c\u0131 m\u00fcnasebetiyle bir tebrik mesaj\u0131 yay\u0131mlad\u0131. \u201cRamaz\u00e2n-\u0131 \u015ferifin kucaklay\u0131c\u0131 atmosferinden herkesin nasiplenmesini \u00fcmit ediyoruz.\u201d diyen Erg\u00fcn s\u00f6zlerini \u015f\u00f6yle s\u00fcrd\u00fcrd\u00fc:<\/p>\n","protected":false},"author":1,"featured_media":31318,"comment_status":"open","ping_status":"open","sticky":false,"template":"","format":"standard","meta":{"ngg_post_thumbnail":0},"categories":[23244,23254],"tags":[24324,24322,24359],"_links":{"self":[{"href":"https:\/\/www.igmg.org\/tr\/wp-json\/wp\/v2\/posts\/34841"}],"collection":[{"href":"https:\/\/www.igmg.org\/tr\/wp-json\/wp\/v2\/posts"}],"about":[{"href":"https:\/\/www.igmg.org\/tr\/wp-json\/wp\/v2\/types\/post"}],"author":[{"embeddable":true,"href":"https:\/\/www.igmg.org\/tr\/wp-json\/wp\/v2\/users\/1"}],"replies":[{"embeddable":true,"href":"https:\/\/www.igmg.org\/tr\/wp-json\/wp\/v2\/comments?post=34841"}],"version-history":[{"count":1,"href":"https:\/\/www.igmg.org\/tr\/wp-json\/wp\/v2\/posts\/34841\/revisions"}],"predecessor-version":[{"id":34842,"href":"https:\/\/www.igmg.org\/tr\/wp-json\/wp\/v2\/posts\/34841\/revisions\/34842"}],"wp:featuredmedia":[{"embeddable":true,"href":"https:\/\/www.igmg.org\/tr\/wp-json\/wp\/v2\/media\/31318"}],"wp:attachment":[{"href":"https:\/\/www.igmg.org\/tr\/wp-json\/wp\/v2\/media?parent=34841"}],"wp:term":[{"taxonomy":"category","embeddable":true,"href":"https:\/\/www.igmg.org\/tr\/wp-json\/wp\/v2\/categories?post=34841"},{"taxonomy":"post_tag","embeddable":true,"href":"https:\/\/www.igmg.org\/tr\/wp-json\/wp\/v2\/tags?post=34841"}],"curies":[{"name":"wp","href":"https:\/\/api.w.org\/{rel}","templated":true}]}}