{"id":35160,"date":"2017-09-06T14:40:11","date_gmt":"2017-09-06T12:40:11","guid":{"rendered":"https:\/\/www.igmg.org\/?p=35160\/"},"modified":"2017-09-19T15:37:34","modified_gmt":"2017-09-19T13:37:34","slug":"mueltecilerin-avrupaya-dagitimindan-oence-insan-haklari-garanti-altina-alinmalidir","status":"publish","type":"post","link":"https:\/\/www.igmg.org\/tr\/mueltecilerin-avrupaya-dagitimindan-oence-insan-haklari-garanti-altina-alinmalidir\/","title":{"rendered":"M\u00fcltecilerin Avrupa\u2019ya da\u011f\u0131t\u0131m\u0131ndan \u00f6nce insan haklar\u0131 garanti alt\u0131na al\u0131nmal\u0131d\u0131r"},"content":{"rendered":"<p><strong>\u0130slam Toplumu Mill\u00ee G\u00f6r\u00fc\u015f (IGMG) Genel Sekreteri Bekir Alta\u015f Avrupa Adalet Divan\u0131\u2019n\u0131n m\u00fcltecilerin Avrupa Birli\u011fi \u00fclkelerine da\u011f\u0131t\u0131lmas\u0131 hususunda vermi\u015f oldu\u011fu karar m\u00fcnasebetiyle bir a\u00e7\u0131klama yapt\u0131. \u201cAvrupa Adalet Divan\u0131\u2019n\u0131n vermi\u015f oldu\u011fu karar \u00f6nemli ve olumlu bir sinyaldir. Ancak m\u00fclteciler s\u00f6z konusu \u00fclkelere da\u011f\u0131t\u0131lmadan \u00f6nce Macaristan veya Slovenya gibi \u00fclkelerde de insan haklar\u0131na riayet edilece\u011fi garanti alt\u0131na al\u0131nmal\u0131d\u0131r.\u201d diyen Alta\u015f s\u00f6zlerini \u015f\u00f6yle s\u00fcrd\u00fcrd\u00fc:<\/strong><\/p>\n<p>\u201cAvrupa Adalet Divan\u0131\u2019n\u0131n vermi\u015f oldu\u011fu karar sevindiricidir. Avrupa Birli\u011fi\u2019ne \u00fcye \u00fclkeler m\u00fcltecileri alma hususunda ortak sorumluluk ta\u015f\u0131maktad\u0131r. Bu Avrupa i\u00e7in \u00f6nemli bir sinyaldir. Sa\u011f muhafazak\u00e2r h\u00fck\u00fbmetler taraf\u0131ndan da idare edilseler, baz\u0131 \u00fclkeler i\u00e7in bu sorumluluktan muaf olma gibi bir durum s\u00f6z konusu olamaz. <\/p>\n<p>Bununla beraber, bu hukuk zaferi ile her \u015fey hallolmu\u015f de\u011fildir; as\u0131l sorumluluk \u015fimdi ba\u015flamaktad\u0131r. Avrupa Birli\u011fi, m\u00fcltecilerin al\u0131m\u0131 hususunda \u00fczerine d\u00fc\u015feni yapman\u0131n yan\u0131 s\u0131ra, al\u0131m yapan \u00fclkelerde insan onuruna yara\u015f\u0131r bir tutum sergilenmesini de garanti alt\u0131na almak durumundad\u0131r. Aksi takdirde, ilk bak\u0131\u015fta olumlu olarak de\u011ferlendirilen bu karar m\u00fcltecilerin aleyhine i\u015fleyebilir. <\/p>\n<p>Baz\u0131 Avrupa \u00fclkelerinde insan haklar\u0131n\u0131n temini hususunda olumsuz bir tablo g\u00f6ze \u00e7arpmaktad\u0131r. Ayr\u0131ca, Avrupa\u2019n\u0131n da iste\u011fi ve deste\u011fi do\u011frultusunda m\u00fcltecilerin \u00e7ok b\u00fcy\u00fck bir k\u0131sm\u0131 Avrupa\u2019ya ula\u015famamakta, Afrika\u2019daki esir kamplar\u0131nda al\u0131konmaktad\u0131r. Bu tutumun bizim de\u011ferlerimizle \u00f6rt\u00fc\u015f\u00fcr bir yan\u0131 yoktur.<\/p>\n<p>Alman H\u00fck\u00fbmeti bu duruma m\u00fcdahil olmal\u0131, g\u00fcvenli ve yasal iltica yollar\u0131n\u0131n olu\u015fturulmas\u0131n\u0131 sa\u011flamal\u0131d\u0131r. Ayr\u0131ca m\u00fcltecilerin Avrupa\u2019ya dayan\u0131\u015fma \u00e7er\u00e7evesi i\u00e7erisinde da\u011f\u0131t\u0131lmas\u0131 i\u00e7in a\u011f\u0131rl\u0131\u011f\u0131n\u0131 koymal\u0131d\u0131r. Dublin S\u00f6zle\u015fmesi bu noktada ba\u015far\u0131s\u0131z olmu\u015ftur. Alman H\u00fck\u00fbmeti\u2019nden bir di\u011fer beklentimiz de evrensel insan haklar\u0131na riayet edilmesi hususunda inisiyatif almas\u0131d\u0131r. \u0130nsan onuru hem dokunulmaz hem de tart\u0131\u015f\u0131lmazd\u0131r.\u201d<\/p>\n","protected":false},"excerpt":{"rendered":"<p>\u0130slam Toplumu Mill\u00ee G\u00f6r\u00fc\u015f (IGMG) Genel Sekreteri Bekir Alta\u015f Avrupa Adalet Divan\u0131\u2019n\u0131n m\u00fcltecilerin Avrupa Birli\u011fi \u00fclkelerine da\u011f\u0131t\u0131lmas\u0131 hususunda vermi\u015f oldu\u011fu karar m\u00fcnasebetiyle bir a\u00e7\u0131klama yapt\u0131. \u201cAvrupa Adalet Divan\u0131\u2019n\u0131n vermi\u015f oldu\u011fu karar \u00f6nemli ve olumlu bir sinyaldir. Ancak m\u00fclteciler s\u00f6z konusu \u00fclkelere da\u011f\u0131t\u0131lmadan \u00f6nce Macaristan veya Slovenya gibi \u00fclkelerde de insan haklar\u0131na riayet edilece\u011fi garanti alt\u0131na al\u0131nmal\u0131d\u0131r.\u201d diyen Alta\u015f s\u00f6zlerini \u015f\u00f6yle s\u00fcrd\u00fcrd\u00fc:<\/p>\n","protected":false},"author":1,"featured_media":32515,"comment_status":"open","ping_status":"open","sticky":false,"template":"","format":"standard","meta":{"ngg_post_thumbnail":0},"categories":[23244,23262],"tags":[24324,24317,24323],"_links":{"self":[{"href":"https:\/\/www.igmg.org\/tr\/wp-json\/wp\/v2\/posts\/35160"}],"collection":[{"href":"https:\/\/www.igmg.org\/tr\/wp-json\/wp\/v2\/posts"}],"about":[{"href":"https:\/\/www.igmg.org\/tr\/wp-json\/wp\/v2\/types\/post"}],"author":[{"embeddable":true,"href":"https:\/\/www.igmg.org\/tr\/wp-json\/wp\/v2\/users\/1"}],"replies":[{"embeddable":true,"href":"https:\/\/www.igmg.org\/tr\/wp-json\/wp\/v2\/comments?post=35160"}],"version-history":[{"count":1,"href":"https:\/\/www.igmg.org\/tr\/wp-json\/wp\/v2\/posts\/35160\/revisions"}],"predecessor-version":[{"id":35161,"href":"https:\/\/www.igmg.org\/tr\/wp-json\/wp\/v2\/posts\/35160\/revisions\/35161"}],"wp:featuredmedia":[{"embeddable":true,"href":"https:\/\/www.igmg.org\/tr\/wp-json\/wp\/v2\/media\/32515"}],"wp:attachment":[{"href":"https:\/\/www.igmg.org\/tr\/wp-json\/wp\/v2\/media?parent=35160"}],"wp:term":[{"taxonomy":"category","embeddable":true,"href":"https:\/\/www.igmg.org\/tr\/wp-json\/wp\/v2\/categories?post=35160"},{"taxonomy":"post_tag","embeddable":true,"href":"https:\/\/www.igmg.org\/tr\/wp-json\/wp\/v2\/tags?post=35160"}],"curies":[{"name":"wp","href":"https:\/\/api.w.org\/{rel}","templated":true}]}}