{"id":35247,"date":"2017-10-11T09:53:19","date_gmt":"2017-10-11T07:53:19","guid":{"rendered":"https:\/\/www.igmg.org\/?p=35247"},"modified":"2017-10-18T13:48:52","modified_gmt":"2017-10-18T11:48:52","slug":"koalisyon-goeruesmelerinde-muelteci-ve-insan-haklari-goez-ardi-edilmesin","status":"publish","type":"post","link":"https:\/\/www.igmg.org\/tr\/koalisyon-goeruesmelerinde-muelteci-ve-insan-haklari-goez-ardi-edilmesin\/","title":{"rendered":"Koalisyon g\u00f6r\u00fc\u015fmelerinde m\u00fclteci ve insan haklar\u0131 g\u00f6z ard\u0131 edilmesin"},"content":{"rendered":"<p><strong>\u0130slam Toplumu Mill\u00ee G\u00f6r\u00fc\u015f (IGMG) Genel Sekreteri Bekir Alta\u015f, Birlik partileri (CDU\/CSU), Ye\u015filler ve H\u00fcr Demokrat Parti (FDP) aras\u0131ndaki koalisyon g\u00f6r\u00fc\u015fmeleri m\u00fcnasebetiyle bir a\u00e7\u0131klama yapt\u0131. \u201cM\u00fclteci ve insan haklar\u0131na daha da fazla k\u0131s\u0131tlamalar getirilmesini reddediyor; insanlar\u0131n etnik k\u00f6kenine, inanc\u0131na veya k\u00fclt\u00fcrel aidiyetine bak\u0131lmaks\u0131z\u0131n herkese e\u015fit mesafede bir siyaset g\u00fcd\u00fclmesini talep ediyoruz.\u201d diyen Alta\u015f s\u00f6zlerini \u015f\u00f6yle s\u00fcrd\u00fcrd\u00fc:<\/strong><\/p>\n<p>\u201cCDU\/CSU Avrupa ve Almanya\u2019y\u0131 g\u00f6\u00e7e kar\u015f\u0131 daha da fazla izole etme konusunda anla\u015fmaya vard\u0131lar. Yap\u0131lan bu anla\u015fma anayasaya ayk\u0131r\u0131 olmas\u0131n\u0131n yan\u0131nda m\u00fclteci ve insan haklar\u0131n\u0131 da k\u0131s\u0131tlamaktad\u0131r. \u0130nsani ve vicdani y\u00f6n\u00fc tamamen g\u00f6z ard\u0131 eden, insan onurunu dikkate almayan bu siyasi tutumu reddediyoruz.<\/p>\n<p>Muhtemel koalisyon ortaklar\u0131na d\u00fc\u015fen, bunun \u00f6n\u00fcne ge\u00e7mektir. Ye\u015filler ve H\u00fcr Demokrat Parti, s\u0131\u011f\u0131nma hakk\u0131 arayan insanlar\u0131n s\u0131rt\u0131ndan anla\u015fma yapanlara taviz vermemelidir. Her ne kadar farkl\u0131 \u015fekilde isimlendirilse de bir \u00fcst s\u0131n\u0131r uygulamas\u0131 s\u00f6z konusu olmamal\u0131, aileler birbirinden ayr\u0131 tutulmamal\u0131 ve hakkaniyetli, hukuk devletine yara\u015f\u0131r bir iltica s\u00fcreci teminat alt\u0131na al\u0131nmal\u0131d\u0131r. Ayr\u0131ca Dublin Sistemi\u2019nde veya Avrupa \u0130ltica Sistemi\u2019nde m\u00fcltecilerin aleyhine yap\u0131lmas\u0131 planlanan de\u011fi\u015fikliklere de kar\u015f\u0131 \u00e7\u0131k\u0131lmas\u0131 gerekmektedir.<\/p>\n<p>Almanya ve Avrupa\u2019da kendini hissettiren \u2018de\u011ferlerden kopu\u015f\u2019 s\u00fcrecinin panzehiri, insanl\u0131k, yard\u0131mla\u015fma ve sorumluluktur; hi\u00e7 de insani olmayan politikalarla bu kopu\u015f s\u00fcrecini daha da h\u0131zland\u0131rmak yanl\u0131\u015ft\u0131r. Se\u00e7imlerden \u00e7\u0131kan sonu\u00e7lar ne olursa olsun; insan haklar\u0131, insan onuru ve hukuk devleti ilkeleri asla bir kenara b\u0131rak\u0131lamaz.<\/p>\n<p>G\u00f6\u00e7 ve iltica hareketlerine sebebiyet veren sava\u015f, a\u00e7l\u0131k veya iklim ko\u015fullar\u0131 gibi etkenlerde bizim hi\u00e7bir pay\u0131m\u0131z yokmu\u015f gibi davranamay\u0131z. K\u00fcresel d\u00fcnyan\u0131n \u00f6nemli akt\u00f6rleri Almanya ve Avrupa olarak, k\u00fcreselle\u015fmeden ne kadar nasipleniyorsak, en az ayn\u0131 oranda da d\u00fcnyan\u0131n geri kalan\u0131na kar\u015f\u0131 sorumluluklar ta\u015f\u0131d\u0131\u011f\u0131m\u0131z\u0131 unutmam\u0131z gerekir.\u201d<\/p>\n","protected":false},"excerpt":{"rendered":"<p>\u0130slam Toplumu Mill\u00ee G\u00f6r\u00fc\u015f (IGMG) Genel Sekreteri Bekir Alta\u015f, Birlik partileri (CDU\/CSU), Ye\u015filler ve H\u00fcr Demokrat Parti (FDP) aras\u0131ndaki koalisyon g\u00f6r\u00fc\u015fmeleri m\u00fcnasebetiyle bir a\u00e7\u0131klama yapt\u0131. \u201cM\u00fclteci ve insan haklar\u0131na daha da fazla k\u0131s\u0131tlamalar getirilmesini reddediyor; insanlar\u0131n etnik k\u00f6kenine, inanc\u0131na veya k\u00fclt\u00fcrel aidiyetine bak\u0131lmaks\u0131z\u0131n herkese e\u015fit mesafede bir siyaset g\u00fcd\u00fclmesini talep ediyoruz.\u201d diyen Alta\u015f s\u00f6zlerini \u015f\u00f6yle s\u00fcrd\u00fcrd\u00fc:<\/p>\n","protected":false},"author":1,"featured_media":32515,"comment_status":"open","ping_status":"open","sticky":false,"template":"","format":"standard","meta":{"ngg_post_thumbnail":0},"categories":[23244,23262],"tags":[24324,24317,24566,24460,24327],"_links":{"self":[{"href":"https:\/\/www.igmg.org\/tr\/wp-json\/wp\/v2\/posts\/35247"}],"collection":[{"href":"https:\/\/www.igmg.org\/tr\/wp-json\/wp\/v2\/posts"}],"about":[{"href":"https:\/\/www.igmg.org\/tr\/wp-json\/wp\/v2\/types\/post"}],"author":[{"embeddable":true,"href":"https:\/\/www.igmg.org\/tr\/wp-json\/wp\/v2\/users\/1"}],"replies":[{"embeddable":true,"href":"https:\/\/www.igmg.org\/tr\/wp-json\/wp\/v2\/comments?post=35247"}],"version-history":[{"count":1,"href":"https:\/\/www.igmg.org\/tr\/wp-json\/wp\/v2\/posts\/35247\/revisions"}],"predecessor-version":[{"id":35248,"href":"https:\/\/www.igmg.org\/tr\/wp-json\/wp\/v2\/posts\/35247\/revisions\/35248"}],"wp:featuredmedia":[{"embeddable":true,"href":"https:\/\/www.igmg.org\/tr\/wp-json\/wp\/v2\/media\/32515"}],"wp:attachment":[{"href":"https:\/\/www.igmg.org\/tr\/wp-json\/wp\/v2\/media?parent=35247"}],"wp:term":[{"taxonomy":"category","embeddable":true,"href":"https:\/\/www.igmg.org\/tr\/wp-json\/wp\/v2\/categories?post=35247"},{"taxonomy":"post_tag","embeddable":true,"href":"https:\/\/www.igmg.org\/tr\/wp-json\/wp\/v2\/tags?post=35247"}],"curies":[{"name":"wp","href":"https:\/\/api.w.org\/{rel}","templated":true}]}}