{"id":35349,"date":"2017-11-15T14:08:07","date_gmt":"2017-11-15T13:08:07","guid":{"rendered":"https:\/\/www.igmg.org\/?p=35349"},"modified":"2017-11-15T14:08:07","modified_gmt":"2017-11-15T13:08:07","slug":"ev-bulma-konusunda-mueltecilerle-yerli-halkin-karsi-karsiya-gelmesi-tehlikelidir","status":"publish","type":"post","link":"https:\/\/www.igmg.org\/tr\/ev-bulma-konusunda-mueltecilerle-yerli-halkin-karsi-karsiya-gelmesi-tehlikelidir\/","title":{"rendered":"Ev bulma konusunda m\u00fcltecilerle yerli halk\u0131n kar\u015f\u0131 kar\u015f\u0131ya gelmesi tehlikelidir"},"content":{"rendered":"<p><strong>Almanya\u2019da evsiz (yurt gibi yerlerde bar\u0131n\u0131p kiral\u0131k ev bulamayan) kimselerin say\u0131s\u0131nda art\u0131\u015f ya\u015fan\u0131yor. Son a\u00e7\u0131klanan verilere g\u00f6re akt\u00fcel say\u0131 880.000. Federal \u00c7al\u0131\u015fma Grubu Evsizlere Yard\u0131m Kurumunun (Bundesarbeitsgemeinschaft Wohnungslosenhilfe) tespitine g\u00f6re bu say\u0131 2018 y\u0131l\u0131na kadar 1,2 milyona y\u00fckselecek. H\u00e2lihaz\u0131rda evsiz m\u00fcltecilerin say\u0131s\u0131 440.000 olarak tahmin ediliyor. Konu hakk\u0131nda a\u00e7\u0131klama yapan \u0130slam Toplumu Mill\u00ee G\u00f6r\u00fc\u015f (IGMG) Genel Sekreteri Bekir Alta\u015f ve Hasene Deutschland e.V. Sosyal Yard\u0131m Derne\u011fi Ba\u015fkan\u0131 Mesud G\u00fclbahar Almanya\u2019daki evsizlerin say\u0131s\u0131ndaki bu art\u0131\u015f\u0131n endi\u015fe verici oldu\u011funu ifade ettiler. M\u00fclteciler ve yerel halk aras\u0131nda ev bulma konusunda bir m\u00fccadele ya\u015fanmas\u0131n\u0131n siyaset taraf\u0131ndan engellenmesi gerekti\u011fini savunan Alta\u015f ve G\u00fclbahar, zor durumdaki insanlara yard\u0131m etmenin her M\u00fcsl\u00fcman\u2019\u0131n g\u00f6revi oldu\u011funu ifade ettiler.<\/strong><\/p>\n<p>Bekir Alta\u015f: \u201cAlmanya\u2019da evsizlerin say\u0131s\u0131ndaki art\u0131\u015f endi\u015fe vericidir. Bu art\u0131\u015f\u0131n sebeplerinden biri olarak Almanya\u2019ya g\u00f6\u00e7 eden insanlar g\u00f6steriliyor. Se\u00e7ilecek olan Federal H\u00fck\u00fbmet\u2019in sosyal konut in\u015fas\u0131n\u0131 \u00f6ncelikli \u00e7al\u0131\u015fma alanlar\u0131ndan biri olarak belirlemesi gerekiyor. Koalisyon g\u00f6r\u00fc\u015fmelerinde bu husus muhakkak ele al\u0131nmal\u0131d\u0131r.<\/p>\n<p>Ev bulma konusunda m\u00fcltecilerle yerel halk\u0131n kar\u015f\u0131 kar\u015f\u0131ya gelmesinin engellenmesi gerekiyor. Bunun \u00e7ok zararl\u0131 neticeleri olacakt\u0131r ve bu durum zaten gergin olan toplumsal atmosferi daha da olumsuz etkileyecektir. Bu sebeple, Federal \u00c7al\u0131\u015fma Grubu Evsizlere Yard\u0131m Kurumunun tespitine kat\u0131l\u0131yoruz: Siyaset, ihtiyaca kar\u015f\u0131l\u0131k verebilecek ve b\u00fct\u00e7eye uygun konutlar\u0131n in\u015fa edilmesini sa\u011flamal\u0131d\u0131r. Almanya d\u00fcnyan\u0131n en zengin \u00fclkelerinden birisidir ve bu problemi \u00e7\u00f6zebilecek kapasitededir.\u201d<\/p>\n<p>Mesud G\u00fclbahar: \u201cYakla\u015f\u0131k 900.000 ki\u015finin ev bulam\u0131yor olmas\u0131na tepkisiz kalamay\u0131z. M\u00fcsl\u00fcmanlar olarak, \u00f6zellikle de i\u00e7inde bulundu\u011fumuz so\u011fuk k\u0131\u015f g\u00fcnlerini g\u00f6z \u00f6n\u00fcnde bulundurdu\u011fumuzda, ihtiya\u00e7 sahiplerine destek olma ve onlara yard\u0131m etme sorumlulu\u011fu ta\u015f\u0131d\u0131\u011f\u0131m\u0131z\u0131 unutmamal\u0131y\u0131z. Bundan \u00f6nceki y\u0131llarda oldu\u011fu gibi HASENE olarak IGMG\u2019nin de deste\u011fiyle metropollerde \u00e7orba stantlar\u0131 kuracak ve mobil ara\u00e7larla insanlara s\u0131cak yemek sunmak i\u00e7in yollarda olaca\u011f\u0131z.<\/p>\n<p>Bu gayretimizin temel motivasyonu, Peygamber Efendimizin \u2018Kom\u015fusu a\u00e7ken tok yatan bizden de\u011fildir.\u2019 had\u00ees-i \u015ferifidir. Bu hadisin verdi\u011fi mesaj a\u00e7\u0131kt\u0131r: Her bir M\u00fcsl\u00fcman ihtiya\u00e7 sahiplerine elini uzatma konusunda bizzat sorumluluk ta\u015f\u0131maktad\u0131r.\u201d<\/p>\n","protected":false},"excerpt":{"rendered":"<p>Almanya\u2019da evsiz (yurt gibi yerlerde bar\u0131n\u0131p kiral\u0131k ev bulamayan) kimselerin say\u0131s\u0131nda art\u0131\u015f ya\u015fan\u0131yor. Son a\u00e7\u0131klanan verilere g\u00f6re akt\u00fcel say\u0131 880.000. Federal \u00c7al\u0131\u015fma Grubu Evsizlere Yard\u0131m Kurumunun (Bundesarbeitsgemeinschaft Wohnungslosenhilfe) tespitine g\u00f6re bu say\u0131 2018 y\u0131l\u0131na kadar 1,2 milyona y\u00fckselecek. H\u00e2lihaz\u0131rda evsiz m\u00fcltecilerin say\u0131s\u0131 440.000 olarak tahmin ediliyor. Konu hakk\u0131nda a\u00e7\u0131klama yapan \u0130slam Toplumu Mill\u00ee G\u00f6r\u00fc\u015f (IGMG) Genel Sekreteri Bekir Alta\u015f ve Hasene Deutschland e.V. Sosyal Yard\u0131m Derne\u011fi Ba\u015fkan\u0131 Mesud G\u00fclbahar Almanya\u2019daki evsizlerin say\u0131s\u0131ndaki bu art\u0131\u015f\u0131n endi\u015fe verici oldu\u011funu ifade ettiler. M\u00fclteciler ve yerel halk aras\u0131nda ev bulma konusunda bir m\u00fccadele ya\u015fanmas\u0131n\u0131n siyaset taraf\u0131ndan engellenmesi gerekti\u011fini savunan Alta\u015f ve G\u00fclbahar, zor durumdaki insanlara yard\u0131m etmenin her M\u00fcsl\u00fcman\u2019\u0131n g\u00f6revi oldu\u011funu ifade ettiler.<\/p>\n","protected":false},"author":1,"featured_media":32515,"comment_status":"open","ping_status":"open","sticky":false,"template":"","format":"standard","meta":{"ngg_post_thumbnail":0},"categories":[23244,23262],"tags":[24324,24317,23294,24551],"_links":{"self":[{"href":"https:\/\/www.igmg.org\/tr\/wp-json\/wp\/v2\/posts\/35349"}],"collection":[{"href":"https:\/\/www.igmg.org\/tr\/wp-json\/wp\/v2\/posts"}],"about":[{"href":"https:\/\/www.igmg.org\/tr\/wp-json\/wp\/v2\/types\/post"}],"author":[{"embeddable":true,"href":"https:\/\/www.igmg.org\/tr\/wp-json\/wp\/v2\/users\/1"}],"replies":[{"embeddable":true,"href":"https:\/\/www.igmg.org\/tr\/wp-json\/wp\/v2\/comments?post=35349"}],"version-history":[{"count":1,"href":"https:\/\/www.igmg.org\/tr\/wp-json\/wp\/v2\/posts\/35349\/revisions"}],"predecessor-version":[{"id":35350,"href":"https:\/\/www.igmg.org\/tr\/wp-json\/wp\/v2\/posts\/35349\/revisions\/35350"}],"wp:featuredmedia":[{"embeddable":true,"href":"https:\/\/www.igmg.org\/tr\/wp-json\/wp\/v2\/media\/32515"}],"wp:attachment":[{"href":"https:\/\/www.igmg.org\/tr\/wp-json\/wp\/v2\/media?parent=35349"}],"wp:term":[{"taxonomy":"category","embeddable":true,"href":"https:\/\/www.igmg.org\/tr\/wp-json\/wp\/v2\/categories?post=35349"},{"taxonomy":"post_tag","embeddable":true,"href":"https:\/\/www.igmg.org\/tr\/wp-json\/wp\/v2\/tags?post=35349"}],"curies":[{"name":"wp","href":"https:\/\/api.w.org\/{rel}","templated":true}]}}