{"id":35650,"date":"2018-02-15T08:31:42","date_gmt":"2018-02-15T07:31:42","guid":{"rendered":"https:\/\/www.igmg.org\/?p=35650"},"modified":"2018-02-14T14:34:12","modified_gmt":"2018-02-14T13:34:12","slug":"almanyada-islami-cemaatlerin-olusumu-islendi","status":"publish","type":"post","link":"https:\/\/www.igmg.org\/tr\/almanyada-islami-cemaatlerin-olusumu-islendi\/","title":{"rendered":"Almanya\u2019da \u0130slami cemaatlerin olu\u015fumu i\u015flendi"},"content":{"rendered":"<p>Tan\u0131tma ve \u0130leti\u015fim Kursu (Alm. \u2018Kurs f\u00fcr \u00d6ffentlichkeitsarbeit\u2019, KF\u00d6) 20 Ocak\u2019ta dokuzuncu bulu\u015fmas\u0131n\u0131 Genel Merkezde ger\u00e7ekle\u015ftirdi. B\u00f6lge ve cemiyetlerde tan\u0131tma ve kurumsal ileti\u015fim alan\u0131nda aktif olanlar\u0131n e\u011fitimi amac\u0131yla d\u00fczenlenen kursun bu seferki konusu Avrupa ve \u00f6zellikle Almanya\u2019da M\u00fcsl\u00fcmanlar\u0131n tarihi ve din\u00ee cemaatler idi. Seminerin akabinde at\u00f6lye \u00e7al\u0131\u015fmalar\u0131 d\u00fczenlendi.<\/p>\n<p>Bulu\u015fman\u0131n ilk oturumunda Almanya \u0130slam Konseyi Ba\u015fkan\u0131 Burhan Kesici \u00fc\u00e7 oturumda \u201cAvrupa ve Almanya\u2019da din\u00ee cemaatler\u201d ba\u015fl\u0131kl\u0131 sunumunu ger\u00e7ekle\u015ftirdi. Sunumun ilk b\u00f6l\u00fcm\u00fcnde d\u00fcnyadaki M\u00fcsl\u00fcman n\u00fcfusu hakk\u0131nda genel bilgi veren Kesici, daha sonraki b\u00f6l\u00fcm\u00fcnde genel olarak Avrupa ve \u00f6zelde Almanya\u2019daki M\u00fcsl\u00fcmanlar\u0131n tarihini anlatt\u0131. Kesici kat\u0131l\u0131mc\u0131lara hitaben \u015f\u00f6yle konu\u015ftu: \u201cG\u00fcn\u00fcm\u00fczde Almanya\u2019da ya\u015famakta olan M\u00fcsl\u00fcmanlar\u0131n varl\u0131\u011f\u0131 yo\u011fun olarak \u00f6ncelikle 1960\u2019l\u0131 ve 1970\u2019li y\u0131llardaki i\u015f g\u00fcc\u00fc g\u00f6\u00e7\u00fcn\u00fcn bir sonucu olsa da bu varl\u0131\u011f\u0131n ba\u015flang\u0131c\u0131 \u00e7ok daha eski zamanlara dayanmaktad\u0131r. 1689\u2019da Brake\u2019de ve 1691\u2019de Hannover\u2019de dikilmi\u015f olan mezar ta\u015flar\u0131 bu duruma tan\u0131kl\u0131k etmektedir.\u201d<\/p>\n<p>M\u00fcsl\u00fcman devletlerle yap\u0131lan istihdam anla\u015fmalar\u0131 neticesinde \u00e7ok say\u0131da M\u00fcsl\u00fcman Almanya\u2019ya g\u00f6\u00e7 etmi\u015ftir. Bu ki\u015filer daha sonra aile birle\u015fimi s\u00fcrecinden yararlanarak ailelerini de yanlar\u0131na alm\u0131\u015flard\u0131r. Ge\u00e7ici \u00e7\u00f6z\u00fcmlerle d\u00fczenlenen din\u00ee hayatlar\u0131n\u0131 yap\u0131sal olarak organize etmek gerekli h\u00e2le gelmi\u015ftir. Bu ama\u00e7la 1970\u2019li y\u0131llar\u0131n ortalar\u0131ndan itibaren b\u00fcy\u00fck \u00e7apta cami ve organizasyonlar\u0131 kurulmaya ba\u015flam\u0131\u015ft\u0131r.<\/p>\n<p>Bu y\u0131llardan sonra kurulan din\u00ee cemaatler hakk\u0131nda k\u0131sa bilgi veren Kesici, Berlin \u015fehrini baz alarak din\u00ee cemaatlerin yap\u0131lanmalar\u0131n\u0131 ve ba\u011flant\u0131lar\u0131n\u0131 kat\u0131l\u0131mc\u0131lara aktard\u0131. Daha sonra din\u00ee cemaatlerin devletle ili\u015fkilerinde kar\u015f\u0131la\u015ft\u0131\u011f\u0131 baz\u0131 sorunlar\u0131 ve Almanya \u0130slam Konseyi olarak bunlar\u0131 nas\u0131l a\u015ft\u0131klar\u0131n\u0131 kat\u0131l\u0131mc\u0131lara sundu.<\/p>\n<p>Sunumlardan sonraki k\u0131sa panelde kat\u0131l\u0131mc\u0131lar haz\u0131r bulunan hatibe M\u00fcsl\u00fcmanlar\u0131n kar\u015f\u0131la\u015ft\u0131\u011f\u0131 sorunlar ve din-devlet ili\u015fkilerinde g\u00fcncel geli\u015fmeler hakk\u0131nda geni\u015f\u00e7e soru sorma imk\u00e2n\u0131 buldular.<\/p>\n<p>Her T\u0130K\/KF\u00d6 bulu\u015fmas\u0131nda oldu\u011fu gibi bu sefer de at\u00f6lye \u00e7al\u0131\u015fmalar\u0131 ger\u00e7ekle\u015ftirildi. Bu bulu\u015fmada da kat\u0131l\u0131mc\u0131lar sabit at\u00f6lyelerine ge\u00e7erek cami, internet\/sosyal medya ve \u0130slam d\u00fc\u015fmanl\u0131\u011f\u0131 endeksli tan\u0131t\u0131m \u00e7al\u0131\u015fmalar\u0131n\u0131 pratik olarak uygulad\u0131.<\/p>\n","protected":false},"excerpt":{"rendered":"<p>Tan\u0131tma ve \u0130leti\u015fim Kursu\u2019nun (T\u0130K) dokuzuncu bulu\u015fmas\u0131 yap\u0131ld\u0131. Konu Avrupa ve Almanya\u2019da ya\u015fayan M\u00fcsl\u00fcmanlar\u0131n tarihi ve \u0130slami cemaatler oldu. <\/p>\n","protected":false},"author":1,"featured_media":35651,"comment_status":"open","ping_status":"open","sticky":false,"template":"","format":"standard","meta":{"ngg_post_thumbnail":0},"categories":[23262],"tags":[24596,23620,24595],"_links":{"self":[{"href":"https:\/\/www.igmg.org\/tr\/wp-json\/wp\/v2\/posts\/35650"}],"collection":[{"href":"https:\/\/www.igmg.org\/tr\/wp-json\/wp\/v2\/posts"}],"about":[{"href":"https:\/\/www.igmg.org\/tr\/wp-json\/wp\/v2\/types\/post"}],"author":[{"embeddable":true,"href":"https:\/\/www.igmg.org\/tr\/wp-json\/wp\/v2\/users\/1"}],"replies":[{"embeddable":true,"href":"https:\/\/www.igmg.org\/tr\/wp-json\/wp\/v2\/comments?post=35650"}],"version-history":[{"count":1,"href":"https:\/\/www.igmg.org\/tr\/wp-json\/wp\/v2\/posts\/35650\/revisions"}],"predecessor-version":[{"id":35652,"href":"https:\/\/www.igmg.org\/tr\/wp-json\/wp\/v2\/posts\/35650\/revisions\/35652"}],"wp:featuredmedia":[{"embeddable":true,"href":"https:\/\/www.igmg.org\/tr\/wp-json\/wp\/v2\/media\/35651"}],"wp:attachment":[{"href":"https:\/\/www.igmg.org\/tr\/wp-json\/wp\/v2\/media?parent=35650"}],"wp:term":[{"taxonomy":"category","embeddable":true,"href":"https:\/\/www.igmg.org\/tr\/wp-json\/wp\/v2\/categories?post=35650"},{"taxonomy":"post_tag","embeddable":true,"href":"https:\/\/www.igmg.org\/tr\/wp-json\/wp\/v2\/tags?post=35650"}],"curies":[{"name":"wp","href":"https:\/\/api.w.org\/{rel}","templated":true}]}}