{"id":35700,"date":"2018-02-28T15:57:27","date_gmt":"2018-02-28T14:57:27","guid":{"rendered":"https:\/\/www.igmg.org\/?p=35700"},"modified":"2018-03-07T17:03:42","modified_gmt":"2018-03-07T16:03:42","slug":"adil-dagitim-yalnizca-gida-yardim-derneklerinin-degil-yardim-alanlarin-da-sorumlulugudur","status":"publish","type":"post","link":"https:\/\/www.igmg.org\/tr\/adil-dagitim-yalnizca-gida-yardim-derneklerinin-degil-yardim-alanlarin-da-sorumlulugudur\/","title":{"rendered":"Adil da\u011f\u0131t\u0131m yaln\u0131zca g\u0131da yard\u0131m derneklerinin de\u011fil, yard\u0131m alanlar\u0131n da sorumlulu\u011fudur"},"content":{"rendered":"<p><strong>\u0130slam Toplumu Mill\u00ee G\u00f6r\u00fc\u015f (IGMG) Genel Sekreteri Bekir Alta\u015f, Essen \u015fehrinde bulunan bir g\u0131da yard\u0131m derne\u011finin (Essener Tafel) sadece Alman vatanda\u015flar\u0131na yeni yard\u0131m kart\u0131 verip \u2018yabanc\u0131lara\u2019 vermeyece\u011fini a\u00e7\u0131klamas\u0131n\u0131n ard\u0131ndan s\u00fcrd\u00fcr\u00fclen tart\u0131\u015fmalar m\u00fcnasebetiyle bir a\u00e7\u0131klama yapt\u0131. \u201cG\u0131da yard\u0131m\u0131n\u0131n adil bir \u015fekilde ger\u00e7ekle\u015ftirilebilmesi yaln\u0131zca yard\u0131m derneklerinin de\u011fil, ayn\u0131 zamanda yard\u0131m alanlar\u0131n da sorumlulu\u011fundad\u0131r. Essen\u2019deki g\u0131da yard\u0131m derne\u011fine yap\u0131lan ele\u015ftiriler temelde hakl\u0131 olmakla birlikte, abart\u0131l\u0131d\u0131r.\u201d diyen Alta\u015f s\u00f6zlerini \u015f\u00f6yle s\u00fcrd\u00fcrd\u00fc:<\/strong><\/p>\n<p>\u201cEssener Tafel isimli g\u0131da yard\u0131m derne\u011finin Essen \u015fehirde ya\u015fayan ihtiya\u00e7 sahibi herkese e\u015fit bir \u015fekilde g\u0131da yard\u0131m\u0131 yapma iste\u011finde olmas\u0131, prensip olarak takdir edilecek bir durumdur. Neticede \u00fclkemize sonradan gelen insanlarla yerli ihtiya\u00e7 sahibi insanlar aras\u0131nda bir \u00f6ncelik s\u0131ras\u0131 yoktur. Vatanda\u015fl\u0131k durumuna g\u00f6re insanlar\u0131 ayr\u0131ma tabi tutmak da kabul edilemez. Bu noktada belirleyici olan husus k\u00f6ken \u00fclke, etnik veya din\u00ee aidiyet vb. de\u011fil; ihtiya\u00e7 i\u00e7erisinde olma h\u00e2lidir.<\/p>\n<p>Unutulmamal\u0131d\u0131r ki, yard\u0131m olarak da\u011f\u0131t\u0131lacak g\u0131dalar\u0131n adaletli bir \u015fekilde payla\u015ft\u0131r\u0131lmas\u0131 yaln\u0131zca g\u0131da yard\u0131m derne\u011finin sorumlulu\u011funda de\u011fildir. Yard\u0131m alanlar\u0131n da di\u011fer ihtiya\u00e7 sahibi insanlar\u0131n haklar\u0131na tecav\u00fcz etmemeye azami \u00f6zen g\u00f6stermeleri gerekir. Herkesin kendi pay\u0131na d\u00fc\u015feni alabilmesi, kimsenin hakk\u0131ndan fazlas\u0131n\u0131 almamas\u0131 gerekti\u011fi hususuna dikkat edilmesi, kul hakk\u0131 s\u00f6z konusu oldu\u011funda \u00e7ok hassas olunmas\u0131 gerekmektedir. Peygamber Efendimiz bir hadislerinde \u015f\u00f6yle buyurur: \u201cYan\u0131nda fazla yiyece\u011fi olan yiyece\u011fi olmayana versin.\u201d<\/p>\n<p>Essener Tafel g\u0131da yard\u0131m derne\u011fine yap\u0131lan ele\u015ftirilerin, temelde hakl\u0131 bulmakla birlikte \u00fcslup ve sertlik bak\u0131m\u0131ndan a\u015f\u0131r\u0131 oldu\u011funu d\u00fc\u015f\u00fcn\u00fcyoruz. En ba\u015fta, orada insanlar\u0131n kamu yarar\u0131 i\u00e7in g\u00f6n\u00fcll\u00fc olarak \u00e7al\u0131\u015ft\u0131klar\u0131 ve \u00f6nemli bir hizmet sunduklar\u0131 g\u00f6z ard\u0131 edilmemelidir. Bir kere bunun hakk\u0131 verilmelidir.<\/p>\n<p>Bu ba\u011flamda, her iki taraftan akt\u00f6rlerle birlikte yap\u0131c\u0131 bir tart\u0131\u015fma ortam\u0131n\u0131n olu\u015fturulmas\u0131nda fayda vard\u0131r. IGMG uzla\u015ft\u0131r\u0131c\u0131 pozisyonunda elinden gelen gayreti g\u00f6stermeye haz\u0131rd\u0131r. IGMG cemiyetleri h\u00e2lihaz\u0131rda bir\u00e7ok yerde belediyelerin ve sivil toplum kurulu\u015flar\u0131n\u0131n g\u00fcvenilir partnerleridir. \u0130nsanlarla k\u00fclt\u00fcrel ve din\u00ee hassasiyetleri g\u00f6z \u00f6n\u00fcnde bulundurularak, ayn\u0131 g\u00f6z hizas\u0131nda yap\u0131lan do\u011frudan ileti\u015fimin \u00e7o\u011fu zaman faydal\u0131 neticeleri de beraberinde getirdi\u011fi bilinen bir ger\u00e7ektir. Essen\u2019deki g\u0131da yard\u0131m derne\u011finin herkesi memnun edecek adaletli bir kararla durumu d\u00fczeltece\u011fine inanc\u0131m\u0131z tamd\u0131r.\u201d<\/p>\n","protected":false},"excerpt":{"rendered":"<p>\u0130slam Toplumu Mill\u00ee G\u00f6r\u00fc\u015f (IGMG) Genel Sekreteri Bekir Alta\u015f, Essen \u015fehrinde bulunan bir g\u0131da yard\u0131m derne\u011finin (Essener Tafel) sadece Alman vatanda\u015flar\u0131na yeni yard\u0131m kart\u0131 verip \u2018yabanc\u0131lara\u2019 vermeyece\u011fini a\u00e7\u0131klamas\u0131n\u0131n ard\u0131ndan s\u00fcrd\u00fcr\u00fclen tart\u0131\u015fmalar m\u00fcnasebetiyle bir a\u00e7\u0131klama yapt\u0131. \u201cG\u0131da yard\u0131m\u0131n\u0131n adil bir \u015fekilde ger\u00e7ekle\u015ftirilebilmesi yaln\u0131zca yard\u0131m derneklerinin de\u011fil, ayn\u0131 zamanda yard\u0131m alanlar\u0131n da sorumlulu\u011fundad\u0131r. Essen\u2019deki g\u0131da yard\u0131m derne\u011fine yap\u0131lan ele\u015ftiriler temelde hakl\u0131 olmakla birlikte, abart\u0131l\u0131d\u0131r.\u201d diyen Alta\u015f s\u00f6zlerini \u015f\u00f6yle s\u00fcrd\u00fcrd\u00fc:<\/p>\n","protected":false},"author":1,"featured_media":31277,"comment_status":"open","ping_status":"open","sticky":false,"template":"","format":"standard","meta":{"ngg_post_thumbnail":0},"categories":[23244,23262],"tags":[24324,24317,24326,24604],"_links":{"self":[{"href":"https:\/\/www.igmg.org\/tr\/wp-json\/wp\/v2\/posts\/35700"}],"collection":[{"href":"https:\/\/www.igmg.org\/tr\/wp-json\/wp\/v2\/posts"}],"about":[{"href":"https:\/\/www.igmg.org\/tr\/wp-json\/wp\/v2\/types\/post"}],"author":[{"embeddable":true,"href":"https:\/\/www.igmg.org\/tr\/wp-json\/wp\/v2\/users\/1"}],"replies":[{"embeddable":true,"href":"https:\/\/www.igmg.org\/tr\/wp-json\/wp\/v2\/comments?post=35700"}],"version-history":[{"count":1,"href":"https:\/\/www.igmg.org\/tr\/wp-json\/wp\/v2\/posts\/35700\/revisions"}],"predecessor-version":[{"id":35701,"href":"https:\/\/www.igmg.org\/tr\/wp-json\/wp\/v2\/posts\/35700\/revisions\/35701"}],"wp:featuredmedia":[{"embeddable":true,"href":"https:\/\/www.igmg.org\/tr\/wp-json\/wp\/v2\/media\/31277"}],"wp:attachment":[{"href":"https:\/\/www.igmg.org\/tr\/wp-json\/wp\/v2\/media?parent=35700"}],"wp:term":[{"taxonomy":"category","embeddable":true,"href":"https:\/\/www.igmg.org\/tr\/wp-json\/wp\/v2\/categories?post=35700"},{"taxonomy":"post_tag","embeddable":true,"href":"https:\/\/www.igmg.org\/tr\/wp-json\/wp\/v2\/tags?post=35700"}],"curies":[{"name":"wp","href":"https:\/\/api.w.org\/{rel}","templated":true}]}}