{"id":35893,"date":"2018-04-29T10:12:43","date_gmt":"2018-04-29T08:12:43","guid":{"rendered":"https:\/\/www.igmg.org\/?p=35893"},"modified":"2018-06-09T23:47:19","modified_gmt":"2018-06-09T21:47:19","slug":"berat-kandili-affin-ve-ramazanin-muejdecisi","status":"publish","type":"post","link":"https:\/\/www.igmg.org\/tr\/berat-kandili-affin-ve-ramazanin-muejdecisi\/","title":{"rendered":"Berat Kandili: Aff\u0131n ve ramazan\u0131n m\u00fcjdecisi"},"content":{"rendered":"<p><strong>\u0130slam Toplumu Mill\u00ee G\u00f6r\u00fc\u015f (IGMG) Genel Ba\u015fkan\u0131 Kemal Erg\u00fcn Berat Gecesi m\u00fcnasebetiyle bir tebrik mesaj\u0131 yay\u0131mlad\u0131. \u201cPeygamber Efendimiz bu gece i\u00e7in Rabbimizin \u2018Ba\u011f\u0131\u015flanmak dileyen yok mu, onu ba\u011f\u0131\u015flayay\u0131m! R\u0131z\u0131k isteyen yok mu, ona r\u0131z\u0131k vereyim! Belaya d\u00fc\u00e7ar olan yok mu, ona afiyet vereyim!\u2019 buyurdu\u011funu bize bildirmi\u015ftir.\u201d diyen Kemal Erg\u00fcn s\u00f6zlerini \u015f\u00f6yle s\u00fcrd\u00fcrd\u00fc:<\/strong><\/p>\n<p>\u201cRamazan ay\u0131n\u0131n kap\u0131m\u0131za dayand\u0131\u011f\u0131n\u0131n m\u00fcjdecisi olan Berat Gecesi nefsimizi hesaba \u00e7ekip Rabbimizden ba\u011f\u0131\u015flanma dileyece\u011fimiz \u00f6zel gecelerden birisidir. Ancak M\u00fcsl\u00fcman, sadece belirli zamanlarda de\u011fil her zaman nefsini hesaba \u00e7eker, Rabbinden ma\u011ffiret diler. Allah\u2019\u0131n emirlerine severek uyar, yasaklar\u0131n\u0131 da Allah i\u00e7in terk eder. K\u00f6t\u00fcl\u00fckte de\u011fil hasenatta ve Allah\u2019a kullukta \u0131srar eder. \u0130\u015fte bu gecede berat\u0131m\u0131z\u0131n temel esas\u0131 y\u0131l boyunca Allah\u2019\u0131n merhametini, aff\u0131n\u0131 ve r\u0131zas\u0131n\u0131 kazanabilecek i\u015f yapmakt\u0131r. Hayat\u0131m\u0131z\u0131n bu geceden sonra da tertemiz olarak devam etmesi gerekmektedir.<\/p>\n<p>Y\u00fcce Allah\u2019\u0131n rahmetinin her yan\u0131 ku\u015fatt\u0131\u011f\u0131 b\u00f6ylesi m\u00fcbarek bir gecede dahi bu aff\u0131 hak edememe durumu s\u00f6z konusudur. G\u00fcnahta, isyanda, k\u00f6t\u00fc amelleri i\u015flemekte \u0131srar edenlerin bu rahmeti hak edemeyece\u011fi ortadad\u0131r. Onun i\u00e7in bir kereli\u011fine de\u011fil, \u00f6m\u00fcr boyu M\u00fcsl\u00fcmanca ya\u015famak gerekmektedir. Yoksullu\u011fun ve sava\u015flar\u0131n yo\u011funla\u015ft\u0131\u011f\u0131, insanlar\u0131n zul\u00fcm g\u00f6rd\u00fc\u011f\u00fc \u015fu g\u00fcnlerde kendimiz ve ailemiz ile birlikte t\u00fcm insanl\u0131\u011f\u0131n huzur ve refah\u0131 i\u00e7in de dualar etmeliyiz.<\/p>\n<p>Bu vesileyle t\u00fcm \u0130slam \u00e2leminin Berat Gecesi\u2019ni tebrik ediyor, Cen\u00e2b-\u0131 Hak\u2019tan dualar\u0131m\u0131z\u0131n kabul\u00fcn\u00fc ve bizi m\u00fcbarek ramazan ay\u0131na tertemiz bir \u015fekilde ula\u015ft\u0131rmas\u0131n\u0131 niyaz ediyoruz.\u201d<\/p>\n","protected":false},"excerpt":{"rendered":"<p>\u0130slam Toplumu Mill\u00ee G\u00f6r\u00fc\u015f (IGMG) Genel Ba\u015fkan\u0131 Kemal Erg\u00fcn Berat Gecesi m\u00fcnasebetiyle bir tebrik mesaj\u0131 yay\u0131mlad\u0131. \u201cPeygamber Efendimiz bu gece i\u00e7in Rabbimizin \u2018Ba\u011f\u0131\u015flanmak dileyen yok mu, onu ba\u011f\u0131\u015flayay\u0131m! R\u0131z\u0131k isteyen yok mu, ona r\u0131z\u0131k vereyim! Belaya d\u00fc\u00e7ar olan yok mu, ona afiyet vereyim!\u2019 buyurdu\u011funu bize bildirmi\u015ftir.\u201d diyen Kemal Erg\u00fcn s\u00f6zlerini \u015f\u00f6yle s\u00fcrd\u00fcrd\u00fc:<\/p>\n","protected":false},"author":1,"featured_media":31318,"comment_status":"open","ping_status":"open","sticky":false,"template":"","format":"standard","meta":{"ngg_post_thumbnail":0},"categories":[23244,23254],"tags":[24324,24619,24322],"_links":{"self":[{"href":"https:\/\/www.igmg.org\/tr\/wp-json\/wp\/v2\/posts\/35893"}],"collection":[{"href":"https:\/\/www.igmg.org\/tr\/wp-json\/wp\/v2\/posts"}],"about":[{"href":"https:\/\/www.igmg.org\/tr\/wp-json\/wp\/v2\/types\/post"}],"author":[{"embeddable":true,"href":"https:\/\/www.igmg.org\/tr\/wp-json\/wp\/v2\/users\/1"}],"replies":[{"embeddable":true,"href":"https:\/\/www.igmg.org\/tr\/wp-json\/wp\/v2\/comments?post=35893"}],"version-history":[{"count":2,"href":"https:\/\/www.igmg.org\/tr\/wp-json\/wp\/v2\/posts\/35893\/revisions"}],"predecessor-version":[{"id":35895,"href":"https:\/\/www.igmg.org\/tr\/wp-json\/wp\/v2\/posts\/35893\/revisions\/35895"}],"wp:featuredmedia":[{"embeddable":true,"href":"https:\/\/www.igmg.org\/tr\/wp-json\/wp\/v2\/media\/31318"}],"wp:attachment":[{"href":"https:\/\/www.igmg.org\/tr\/wp-json\/wp\/v2\/media?parent=35893"}],"wp:term":[{"taxonomy":"category","embeddable":true,"href":"https:\/\/www.igmg.org\/tr\/wp-json\/wp\/v2\/categories?post=35893"},{"taxonomy":"post_tag","embeddable":true,"href":"https:\/\/www.igmg.org\/tr\/wp-json\/wp\/v2\/tags?post=35893"}],"curies":[{"name":"wp","href":"https:\/\/api.w.org\/{rel}","templated":true}]}}