{"id":35925,"date":"2018-05-09T10:10:56","date_gmt":"2018-05-09T08:10:56","guid":{"rendered":"https:\/\/www.igmg.org\/?p=35925"},"modified":"2018-05-09T10:10:56","modified_gmt":"2018-05-09T08:10:56","slug":"4-goerme-engelliler-kampi-tamamlandi","status":"publish","type":"post","link":"https:\/\/www.igmg.org\/tr\/4-goerme-engelliler-kampi-tamamlandi\/","title":{"rendered":"4. G\u00f6rme Engelliler Kamp\u0131 tamamland\u0131"},"content":{"rendered":"<p><strong>IGMG E\u011fitim Ba\u015fkanl\u0131\u011f\u0131, 4. G\u00f6rme Engelliler Kamp\u0131\u2019n\u0131 26.03.-30.03.2018 tarihleri aras\u0131nda D\u00fcsseldorf B\u00f6lgesi\u2019nde Velbert \u015fehrinde ger\u00e7ekle\u015ftirdi.<\/strong><\/p>\n<p>\u0130slam Toplumu Mill\u00ee G\u00f6r\u00fc\u015f E\u011fitim Ba\u015fkanl\u0131\u011f\u0131\u2019n\u0131n engelliler e\u011fitim programlar\u0131ndan birisi olan G\u00f6rme Engelliler Kamp\u0131na ya\u015flar\u0131 11-27 aras\u0131nda de\u011fi\u015fen 14 \u00f6\u011frenci kat\u0131ld\u0131. \u0130leri derecede g\u00f6rme bozuklu\u011fu ya\u015fayan veya tamamen g\u00f6rme yetisini kaybetmi\u015f olan \u00f6\u011frencilerle 5 g\u00fcn s\u00fcren kampa Almanya ba\u015fta olmak \u00fczere \u00e7e\u015fitli \u00fclkelerinden kat\u0131l\u0131m oldu.<\/p>\n<p>Din dersi ve \u00e7e\u015fitli sosyal etkinliklerle programlanan kamp\u0131n sorumlusu IGMG E\u011fitim Ba\u015fkanl\u0131\u011f\u0131 Aile Destek Hizmetleri Sorumlusu Zehra Alver, 2010 y\u0131l\u0131 verilerine g\u00f6re sadece Almanya\u2019da yakla\u015f\u0131k 700.000 g\u00f6rme engellinin ya\u015fad\u0131\u011f\u0131n\u0131, her \u00f6\u011frenci gibi e\u011fitim hakk\u0131 bulunan ve okul e\u011fitimi alabilen g\u00f6rme engelli \u00f6\u011frencilerin din\u00ee e\u011fitimlerinin ise sivil toplum kurulu\u015flar\u0131nca ya da ba\u011fl\u0131 bulunduklar\u0131 cemaatlerG\u00f6rme Engelliler taraf\u0131ndan yap\u0131ld\u0131\u011f\u0131n\u0131 bildirdi.<\/p>\n<p>\u201cBizler de bir sorumluluk olarak engelli e\u011fitimi ba\u015fl\u0131\u011f\u0131 alt\u0131nda g\u00f6rme engelliler ile yapt\u0131\u011f\u0131m\u0131z bu kamp bulu\u015fmalar\u0131nda onlar\u0131n temel din\u00ee kurallar\u0131 \u00f6\u011frenmelerini, kitab\u0131m\u0131z Kur\u2019\u00e2n-\u0131 Ker\u00eem\u2019i okuyabilmelerini sa\u011flamaya \u00e7al\u0131\u015f\u0131yoruz.\u201d diyen Alver \u015funlar\u0131 s\u00f6yledi: \u201cBu \u00e7al\u0131\u015fma, engellileri cemaatimizin bir \u00fcyesi olarak kazanma ve cemaat ile ya\u015fanan ibadet ve birliktelik huzuruna onlar\u0131n da kat\u0131labilmesi i\u00e7in \u00f6nemli ad\u0131mlardan biri. Kar\u015f\u0131m\u0131za \u00e7\u0131kan en b\u00fcy\u00fck zorluk, engellilere ula\u015fmak. Program\u0131n tan\u0131t\u0131m\u0131 sosyal medyadan ve \u00e7e\u015fitli yollardan yap\u0131l\u0131yor ancak engelliler ve aileleri \u00e7ekingenlik g\u00f6sterebiliyorlar. Zamanla olu\u015facak g\u00fcven ortam\u0131 ile bunu da a\u015faca\u011f\u0131m\u0131z\u0131 d\u00fc\u015f\u00fcn\u00fcyorum. Onlar\u0131 topluma kazand\u0131rmay\u0131, toplumda \u00f6nemli yerlere gelmelerini ve onlara \u00f6zg\u00fcven kazand\u0131rmay\u0131 hedefleyen bu kamplar ayl\u0131k bulu\u015fmalar ile devam edecek.\u201d<\/p>\n<p>Kampta engelliler de sorumluluk ald\u0131. \u00d6rne\u011fin, Hessen B\u00f6lgesi\u2019nden Turgay \u00c7imen kamp idaresinde g\u00f6rev ald\u0131. Kendisi de g\u00f6rme engelli olan Ali R\u0131za \u00c7ift\u00e7io\u011flu \u201c\u00dcmm\u00fc Mektum G\u00f6rme Engelliler Umresi\u2019nde\u201d kafile ba\u015fkan\u0131 olarak da g\u00f6rev yapm\u0131\u015ft\u0131.<br \/>\nIGMG Engelliler Kamp\u0131\u2019nda k\u0131z \u00f6\u011frencilere Merve \u00d6zt\u00fcrk ve Ay\u015fe-Nur Bozkurt yard\u0131mc\u0131 oldular. Kampta \u00f6\u011frencilerle Braille alfabesiyle Kur\u2019\u00e2n-\u0131 Ker\u00eem, siyer, ilmih\u00e2l ve inan\u00e7 esaslar\u0131 dersleri i\u015flendi. \u0130lmih\u00e2l derslerinde ana konu olarak abdest, gus\u00fcl ve namaz ile ilgili b\u00f6l\u00fcmler i\u015flendi. Ayr\u0131ca \u201cEvlilik \u00d6ncesi\u201d ve \u201cRamazan-\u0131 \u015eerife Maddi ve Manevi Haz\u0131rl\u0131klar\u201d ba\u015fl\u0131kl\u0131 seminerler yap\u0131ld\u0131. Derslerin interaktif i\u015flenmesine dikkat edilirken, \u00f6rne\u011fin siyer konular\u0131ndan ara\u015ft\u0131rma \u00f6devleri verilerek \u00f6\u011frencilerin kendi ders \u00e7al\u0131\u015fma y\u00f6ntemlerini ke\u015ffetmelerine imk\u00e2n sunuldu.<\/p>\n<p>Engelliler Kamp\u0131\u2019nda e\u011flence dolu etkinlikler de yap\u0131ld\u0131. Bowling ve g\u00f6rme engellilere has, oturarak ve zili olan futbol topuna benzeyen, elle oynanan bir spor t\u00fcr\u00fc olan \u201cGoalball\u201d oynand\u0131.<\/p>\n<p>Bu ve benzeri e\u011fitim \u00e7al\u0131\u015fmalar\u0131na kat\u0131lmak isteyenler IGMG E\u011fitim Ba\u015fkanl\u0131\u011f\u0131 Aile Destek Hizmetleri Sorumlusu Zehra Alver\u2019e ula\u015fabilirler. IGMG Aile Destek Hizmetleri kurslara kat\u0131lan \u00f6\u011frenciler ile s\u00fcrekli irtibat h\u00e2linde kal\u0131yor ve \u00e7e\u015fitli konularda onlara destek oluyor.<\/p>\n","protected":false},"excerpt":{"rendered":"<p>IGMG E\u011fitim Ba\u015fkanl\u0131\u011f\u0131, 4. G\u00f6rme Engelliler Kamp\u0131\u2019n\u0131 26.03.-30.03.2018 tarihleri aras\u0131nda D\u00fcsseldorf B\u00f6lgesi\u2019nde Velbert \u015fehrinde ger\u00e7ekle\u015ftirdi. <\/p>\n","protected":false},"author":1,"featured_media":35926,"comment_status":"open","ping_status":"open","sticky":false,"template":"","format":"standard","meta":{"ngg_post_thumbnail":0},"categories":[23260],"tags":[24622,24484],"_links":{"self":[{"href":"https:\/\/www.igmg.org\/tr\/wp-json\/wp\/v2\/posts\/35925"}],"collection":[{"href":"https:\/\/www.igmg.org\/tr\/wp-json\/wp\/v2\/posts"}],"about":[{"href":"https:\/\/www.igmg.org\/tr\/wp-json\/wp\/v2\/types\/post"}],"author":[{"embeddable":true,"href":"https:\/\/www.igmg.org\/tr\/wp-json\/wp\/v2\/users\/1"}],"replies":[{"embeddable":true,"href":"https:\/\/www.igmg.org\/tr\/wp-json\/wp\/v2\/comments?post=35925"}],"version-history":[{"count":1,"href":"https:\/\/www.igmg.org\/tr\/wp-json\/wp\/v2\/posts\/35925\/revisions"}],"predecessor-version":[{"id":35927,"href":"https:\/\/www.igmg.org\/tr\/wp-json\/wp\/v2\/posts\/35925\/revisions\/35927"}],"wp:featuredmedia":[{"embeddable":true,"href":"https:\/\/www.igmg.org\/tr\/wp-json\/wp\/v2\/media\/35926"}],"wp:attachment":[{"href":"https:\/\/www.igmg.org\/tr\/wp-json\/wp\/v2\/media?parent=35925"}],"wp:term":[{"taxonomy":"category","embeddable":true,"href":"https:\/\/www.igmg.org\/tr\/wp-json\/wp\/v2\/categories?post=35925"},{"taxonomy":"post_tag","embeddable":true,"href":"https:\/\/www.igmg.org\/tr\/wp-json\/wp\/v2\/tags?post=35925"}],"curies":[{"name":"wp","href":"https:\/\/api.w.org\/{rel}","templated":true}]}}