{"id":35982,"date":"2018-05-16T16:59:42","date_gmt":"2018-05-16T14:59:42","guid":{"rendered":"https:\/\/www.igmg.org\/?p=35982"},"modified":"2018-05-18T11:22:41","modified_gmt":"2018-05-18T09:22:41","slug":"hutbe-hz-peygamber-s-a-v-in-suenneti-mukabele","status":"publish","type":"post","link":"https:\/\/www.igmg.org\/tr\/hutbe-hz-peygamber-s-a-v-in-suenneti-mukabele\/","title":{"rendered":"Hutbe: Hz. Peygamber (s.a.v.)\u2019in S\u00fcnneti &#8211; Mukabele"},"content":{"rendered":"<p><strong>K\u0131ymetli M\u00fcminler!<\/strong><\/p>\n<p>Allah Te\u00e2l\u00e2 her konuda ve herkes i\u00e7in r\u0131zas\u0131n\u0131, raz\u0131 oldu\u011fu zata uymam\u0131za ba\u011flam\u0131\u015ft\u0131r. Raz\u0131 oldu\u011fu zat ise Peygamber Efendimiz (s.a.v.)\u2019dir. Zira Hz. Peygamber (s.a.v.) insanl\u0131\u011f\u0131n d\u00fcnya ve ahiret kurtulu\u015fu i\u00e7in ilah\u00ee programla gelmi\u015ftir. \u0130lah\u00ee program Kur\u2019\u00e2n-\u0131 Ker\u00eem\u2019dir. Peygamber Efendimiz (s.a.v.) getirdi\u011fi bu ilah\u00ee program\u0131 anlamak, a\u00e7\u0131klamak, anlatmak, ya\u015famak ve ya\u015fanmas\u0131n\u0131 sa\u011flamak i\u00e7in gelmi\u015ftir. Kur\u2019\u00e2n-\u0131 Ker\u00eem\u2019in hem manas\u0131 hem lafz\u0131 ilah\u00ee oldu\u011fu i\u00e7in, manas\u0131n\u0131n do\u011fru anla\u015f\u0131lmas\u0131 ve lafz\u0131n\u0131n do\u011fru okunmas\u0131 i\u00e7in gayret g\u00f6stermi\u015f, kendisinden sonrakilere de hem lafz\u0131nda hem de manas\u0131nda ayn\u0131 yolu izleyecek kurra haf\u0131zlar ve m\u00fc\u00e7tehitler yeti\u015ftirmi\u015ftir. Res\u00fblullah (s.a.v.)\u2019in bu g\u00f6revinin en g\u00fczel \u00f6rne\u011fi ise her ramazan ay\u0131nda Cebr\u00e2\u00eel (a.s.) ile Kur\u2019\u00e2n-\u0131 Ker\u00eem\u2019i mukabele ile okumalar\u0131 olmu\u015ftur. Peygamberimiz (s.a.v.), Cebr\u00e2\u00eel (a.s.)\u2019dan ald\u0131\u011f\u0131 Kur\u2019\u00e2n-\u0131 Ker\u00eem\u2019i yine ona okuyor, Cebr\u00e2\u00eel (a.s.) da Peygamberimize okuyordu.<\/p>\n<p><strong>Muhterem M\u00fcsl\u00fcmanlar!<\/strong><\/p>\n<p>Her m\u00fcmin Kur\u2019\u00e2n-\u0131 Ker\u00eem\u2019i \u00f6\u011frenmeli, tecvitle okumal\u0131, namazda okuduklar\u0131n\u0131 tecvitle okuyan kimseye de dinletmelidir. Ramazan ay\u0131n\u0131 Kur\u2019an ay\u0131 bilmeli, m\u00fcmk\u00fcnse hem evlerimizde hem de camilerimizde Kur\u2019an\u2019\u0131 mukabele usul\u00fc ile takip etmeliyiz. Ramazan ay\u0131nda Kur\u2019\u00e2n-\u0131 Ker\u00eem\u2019den elde etti\u011fimiz g\u00fczellikleri di\u011fer aylarda ve g\u00fcnlerde de devam ettirmeye \u00e7al\u0131\u015fmal\u0131y\u0131z. M\u00fcmk\u00fcnse g\u00fcnde yar\u0131m c\u00fcz, hi\u00e7 olmazsa g\u00fcnde bir sayfa dahi olsa, d\u00fczenli olarak Kur\u2019an okumaya gayret etmeliyiz. Nitekim Kur\u2019\u00e2n-\u0131 Ker\u00eem\u2019in tecvitle okunmas\u0131 vaciptir. Allah Te\u00e2l\u00e2, Hz. Peygamber (s.a.v.)\u2019e ve onun \u015fahs\u0131nda bizlere \u015f\u00f6yle emretmi\u015ftir: <strong>\u201cKur\u2019an\u2019\u0131, tertil ile (yava\u015f yava\u015f, tane tane, tecvit kaidelerine uymak sureti) oku!\u201d<\/strong><a href=\"#_ftn1\" name=\"_ftnref1\">[1]<\/a> B\u00f6yle bir s\u00fcnneti hayat\u0131m\u0131za yerle\u015ftirmemiz ise hem i\u00e7imizi hem de d\u0131\u015f\u0131m\u0131z\u0131 g\u00fczelle\u015ftirecektir. Peygamberimiz (s.a.v.) \u015f\u00f6yle buyurmu\u015ftur: <strong>\u201cKalbinde Kur\u2019an\u2019dan bir miktar bulunmayan kimse harap ev gibidir.\u201d<\/strong><a href=\"#_ftn2\" name=\"_ftnref2\"><strong>[2]<\/strong><\/a><\/p>\n<p><strong>Aziz Cemaat!<\/strong><\/p>\n<p>Tertil \u00fczere Kur\u2019an okumak, sadece y\u00fcz\u00fcnden okumak manas\u0131nda de\u011fildir. Rabbimiz biz insanlara ve \u00f6zellikle m\u00fcminlere ne diyor, neyi emrediyor ve neyi yasakl\u0131yor diye bilmektir. Kur\u2019\u00e2n-\u0131 Ker\u00eem\u2019i y\u00fcz\u00fcnden okumak k\u0131raattir, i\u00e7indekileri bilmek ilimdir. \u0130lmin gere\u011fi iman edip amel etmek ise hidayettir. Sorumlu oldu\u011fumuz \u00e7evreden ba\u015flayarak M\u00fcsl\u00fcmanlara h\u00e2limizle, uygun ve isabetli s\u00f6zlerimizle hakk\u0131 ve sabr\u0131 tavsiye etmek nasihattir. \u0130nsanlar\u0131 \u0130slam\u2019a davet etmek ise tebli\u011fdir.<\/p>\n<p>O y\u00fczden k\u0131raat bilmeye; bilmek hidayete; hidayet nasihate ve nasihat de tebli\u011fe g\u00f6t\u00fcr\u00fcr. \u0130lah\u00ee saraya \u00e7\u0131kmak istiyorsak \u015fayet, bu basamaklara tek tek basarak \u00e7\u0131kmam\u0131z gerekir. Sadece k\u0131raat ile u\u011fra\u015f\u0131rsak sevap nasibini al\u0131r\u0131z ama ger\u00e7ek hedefe ula\u015fmam\u0131z i\u00e7in \u00f6nce Allah Te\u00e2l\u00e2 ne emrediyor diye bilmeye y\u00f6nelmemiz gerekir. \u00c7\u00fcnk\u00fc \u00f6zellikle ilah\u00ee bilgi olan Kur\u2019an\u2019a ve Peygamber Efendimiz\u2019in s\u00fcnnetine \u00f6ncelik vermemiz, toplumun \u00f6nc\u00fcs\u00fc olmam\u0131z\u0131 sa\u011flar. &nbsp;&nbsp;&nbsp;&nbsp;&nbsp;&nbsp;&nbsp;<\/p>\n<p><strong>Muhterem Karde\u015flerim!<\/strong><\/p>\n<p>Bak\u0131n Kur\u2019an \u00f6nc\u00fclere ne g\u00fczel m\u00fcjdeler veriyor: <strong>\u201cGer\u00e7ekten bu Kur\u2019an en do\u011fru yola g\u00f6t\u00fcr\u00fcr ve s\u00e2lih amellerde bulunan m\u00fcminlere b\u00fcy\u00fck m\u00fck\u00e2fat oldu\u011funu, ahirete inanmayanlara can yak\u0131c\u0131 bir azap haz\u0131rlad\u0131\u011f\u0131m\u0131z\u0131 m\u00fcjdeler.\u201d<a href=\"#_ftn3\" name=\"_ftnref3\">[3]<\/a><\/strong> Ayette \u00f6nce cennete y\u00f6nelene cennet, azab\u0131 isteyip hak edene de cehennem azab\u0131 m\u00fcjdeleniyor. Yani Rabbimiz \u201c\u0130\u015fte cennet, i\u015fte cehennem, hangisini se\u00e7erseniz oraya gidersiniz, ba\u015fka alternatif yok. \u00d6yle ise siz cehenneme de\u011fil, cennete y\u00f6nelin.\u201d diyor.<\/p>\n<p>Ne mutlu Kur\u2019\u00e2n-\u0131 Ker\u00eem\u2019i okuyana! Ne mutlu onu okuyup anlama ve anlatma, ya\u015fay\u0131p \u00f6rnek olma gayretinde olanlara! Ne mutlu ramazan\u0131 Kur\u2019an ay\u0131 yapanlara!<\/p>\n<p><strong>K\u0131ymetli M\u00fcsl\u00fcmanlar!<\/strong><\/p>\n<p>Son bir ka\u00e7 g\u00fcnd\u00fcr \u201cGazze \u015eeridi\u2019nden gelen haberler bizleri derinden yaralam\u0131\u015ft\u0131r. \u0130srail H\u00fck\u00fbmeti\u2019nin sorumsuz, sald\u0131rgan tutumu her t\u00fcrl\u00fc \u00f6l\u00e7\u00fcden, hakkaniyetten ve insanl\u0131ktan uzakt\u0131r. ABD\u2019nin g\u00fctt\u00fc\u011f\u00fc siyaset tam anlam\u0131yla sorumsuzluk ve provokasyondan ibarettir. Hi\u00e7bir g\u00fcnah\u0131 olmayan sivil insanlara, kad\u0131nlara ve \u00e7ocuklara y\u00f6nelik bu \u00f6l\u00e7\u00fcs\u00fcz \u015fiddeti ve vah\u015feti b\u00fct\u00fcn benli\u011fimizle lanetliyoruz. Bu tutumun b\u00f6lgedeki \u00e7at\u0131\u015fmaya hi\u00e7bir faydas\u0131 yoktur, bilakis yang\u0131na k\u00f6r\u00fckle gitmekten ba\u015fka bir \u015fey de\u011fildir.<\/p>\n<p>Filistin halk\u0131n\u0131n bu \u015fartlarda ramazan ay\u0131na girdi\u011fini g\u00f6rmek bir m\u00fcsl\u00fcman olarak bizleri derinden yaralamktad\u0131r. Hepimiz biliyoruz ki ramazan merhametin, payla\u015fman\u0131n ve affetmenin ay\u0131d\u0131r. Filistin halk\u0131n\u0131n ac\u0131s\u0131 bizim ac\u0131m\u0131zd\u0131r. Davas\u0131 bizim davam\u0131zd\u0131r. Kalbimiz onlarla beraberdir. Dualar\u0131m\u0131z onlar i\u00e7indir.<\/p>\n<p>Almanya, Fransa, \u0130ngiltere, b\u00fct\u00fcn Avrupa Birli\u011fi \u00fclkeleri, Asya ve Afrika \u00fclkeleri Filistin halk\u0131yla sonuna kadar dayan\u0131\u015fma i\u00e7inde olmal\u0131, sivillere y\u00f6nelik bu insanl\u0131k d\u0131\u015f\u0131 \u015fiddeti a\u00e7\u0131k bir \u015fekilde lanetlemeli ve gerekli ad\u0131mlar\u0131 atmal\u0131d\u0131rlar.<\/p>\n<p>Bir yanda \u00f6l\u00fcler, yaral\u0131lar ve ac\u0131; \u00f6te yanda \u015fa\u015faal\u0131 kutlamalar, alk\u0131\u015flar ve a\u00e7\u0131l\u0131\u015flar. B\u00fct\u00fcn d\u00fcnyan\u0131n \u015fahit oldu\u011fu bu rahats\u0131z edici g\u00f6r\u00fcnt\u00fcy\u00fc asla normalle\u015ftirmeyece\u011fiz. Bu foto\u011fraflar bizim insan onuru tasavvurumuzla taban tabana z\u0131tt\u0131r. Bu foto\u011fraflar ayn\u0131 zamanda uluslararas\u0131 \u00e2cizli\u011fin birer numunesi ve tarihte birer utan\u00e7 lekesi olarak yerini alacakt\u0131r.<\/p>\n<p>D\u00fcnya \u00fczerindeki b\u00fct\u00fcn M\u00fcsl\u00fcmanlar ramazan ay\u0131nda da Arakanl\u0131, Ke\u015fmirli veya Filistinli diye ay\u0131rt etmeksizin mazlumlar i\u00e7in duas\u0131n\u0131 esirgemeyecektir. Cen\u00e2b-\u0131 Hak D\u00fcnya \u00fczerindeki b\u00fct\u00fcn M\u00fcsl\u00fcmanlara ramazanla birlikte yeniden dirili\u015fin, yeniden aya\u011fa kalkman\u0131n g\u00fcc\u00fcn\u00fc bah\u015fetsin, ramazan\u0131n\u0131z m\u00fcbarek olsun.<\/p>\n<p><a href=\"#_ftnref1\" name=\"_ftn1\">[1]<\/a> M\u00fczzemmil suresi, 73:4<br \/>\n<a href=\"#_ftnref2\" name=\"_ftn2\">[2]<\/a> Tirmiz\u00ee, Faz\u00e2il\u00fc\u2019l-Kur\u2019\u00e2n 18; D\u00e2rim\u00ee, Fez\u00e2il\u00fc\u2019l-Kur\u2019\u00e2n 1<br \/>\n<a href=\"#_ftnref3\" name=\"_ftn3\">[3]<\/a> \u0130sr\u00e2 suresi, 17:9-10<\/p>\n<p><a href=\"https:\/\/www.igmg.org\/wp-content\/uploads\/2018\/05\/20180518-Hutbe-Hz-Peygamberin-S\u00fcnneti-Mukabele.pdf\">Hutbe-Hz. Peygamber&#8217;in S\u00fcnneti &#8211; Mukabele<\/a><\/p>\n<p><a href=\"https:\/\/www.igmg.org\/wp-content\/uploads\/2018\/05\/20180518-Hutba-Arabisch.pdf\">Hutbe-Arap\u00e7a<\/a><\/p>\n","protected":false},"excerpt":{"rendered":"<p>K\u0131ymetli M\u00fcminler!<br \/>\nAllah Te\u00e2l\u00e2 her konuda ve herkes i\u00e7in r\u0131zas\u0131n\u0131, raz\u0131 oldu\u011fu zata uymam\u0131za ba\u011flam\u0131\u015ft\u0131r. Raz\u0131 oldu\u011fu zat ise Peygamber Efendimiz (s.a.v.)\u2019dir. Zira Hz. Peygamber (s.a.v.) insanl\u0131\u011f\u0131n d\u00fcnya ve ahiret kurtulu\u015fu i\u00e7in ilah\u00ee programla gelmi\u015ftir. \u0130lah\u00ee program Kur\u2019\u00e2n-\u0131 Ker\u00eem\u2019dir. Peygamber Efendimiz (s.a.v.) getirdi\u011fi bu ilah\u00ee program\u0131 anlamak, a\u00e7\u0131klamak, anlatmak, ya\u015famak ve ya\u015fanmas\u0131n\u0131 sa\u011flamak i\u00e7in gelmi\u015ftir.<\/p>\n","protected":false},"author":1,"featured_media":31299,"comment_status":"open","ping_status":"open","sticky":false,"template":"","format":"standard","meta":{"ngg_post_thumbnail":0},"categories":[23242],"tags":[],"_links":{"self":[{"href":"https:\/\/www.igmg.org\/tr\/wp-json\/wp\/v2\/posts\/35982"}],"collection":[{"href":"https:\/\/www.igmg.org\/tr\/wp-json\/wp\/v2\/posts"}],"about":[{"href":"https:\/\/www.igmg.org\/tr\/wp-json\/wp\/v2\/types\/post"}],"author":[{"embeddable":true,"href":"https:\/\/www.igmg.org\/tr\/wp-json\/wp\/v2\/users\/1"}],"replies":[{"embeddable":true,"href":"https:\/\/www.igmg.org\/tr\/wp-json\/wp\/v2\/comments?post=35982"}],"version-history":[{"count":3,"href":"https:\/\/www.igmg.org\/tr\/wp-json\/wp\/v2\/posts\/35982\/revisions"}],"predecessor-version":[{"id":35996,"href":"https:\/\/www.igmg.org\/tr\/wp-json\/wp\/v2\/posts\/35982\/revisions\/35996"}],"wp:featuredmedia":[{"embeddable":true,"href":"https:\/\/www.igmg.org\/tr\/wp-json\/wp\/v2\/media\/31299"}],"wp:attachment":[{"href":"https:\/\/www.igmg.org\/tr\/wp-json\/wp\/v2\/media?parent=35982"}],"wp:term":[{"taxonomy":"category","embeddable":true,"href":"https:\/\/www.igmg.org\/tr\/wp-json\/wp\/v2\/categories?post=35982"},{"taxonomy":"post_tag","embeddable":true,"href":"https:\/\/www.igmg.org\/tr\/wp-json\/wp\/v2\/tags?post=35982"}],"curies":[{"name":"wp","href":"https:\/\/api.w.org\/{rel}","templated":true}]}}