{"id":37028,"date":"2019-02-24T10:22:41","date_gmt":"2019-02-24T09:22:41","guid":{"rendered":"https:\/\/www.igmg.org\/?p=37028"},"modified":"2019-02-12T11:31:06","modified_gmt":"2019-02-12T10:31:06","slug":"goenuel-insani-olalim","status":"publish","type":"post","link":"https:\/\/www.igmg.org\/tr\/goenuel-insani-olalim\/","title":{"rendered":"\u201cG\u00f6n\u00fcl insan\u0131 olal\u0131m!\u201d"},"content":{"rendered":"<h2 class=\"p1\"><span class=\"s1\"><b>IGMG Kad\u0131nlar Te\u015fkilat\u0131 2019 y\u0131l\u0131n\u0131n ilk B\u00f6lge Ba\u015fkanlar\u0131 Toplant\u0131s\u0131\u2019n\u0131 26-27 Ocak tarihlerinde Genel Merkez\u2019de yapt\u0131.<\/b><\/span><\/h2>\n<p class=\"p1\"><span class=\"s1\">IGMG Kad\u0131nlar Te\u015fkilat\u0131 (KT) idarecileri y\u0131l\u0131n ilk B\u00f6lge Ba\u015fkanlar\u0131 Toplant\u0131s\u0131\u2019n\u0131 (BBT) yine yo\u011fun bir g\u00fcndemle ger\u00e7ekle\u015ftirdi. Genel Merkez KT Merkez Y\u00fcr\u00fctme Kurulu ve B\u00f6lge KT Ba\u015fkanlar\u0131 ile BBT yap\u0131l\u0131rken, B\u00f6lgelerin KT Kurumsal \u0130leti\u015fim Ba\u015fkanlar\u0131, Hac Umre Sorumlular\u0131, Sekreter, Muhasebe ve \u0130dari \u0130\u015fler Ba\u015fkanlar\u0131 da birim e\u011fitim \u00e7al\u0131\u015fmalar\u0131 i\u00e7in Genel Merkez\u2019de bir araya gelip m\u00fcstakil olarak ilgili birim ba\u015fkanlar\u0131yla toplant\u0131lar\u0131n\u0131 yapt\u0131lar. <\/span><\/p>\n<p class=\"p1\"><span class=\"s1\">KT Ba\u015fkan\u0131 Handan Yaz\u0131c\u0131 idarecilere PLURAL Yay\u0131nevinden \u00e7\u0131kan \u201cKulun \u00d6m\u00fcrl\u00fck Yolculu\u011fu\u201d ve \u201c\u0130slam Benden Ne \u0130ster\u201d kitaplar\u0131n\u0131n okunmas\u0131n\u0131 tavsiye etti. Yaz\u0131c\u0131 toplant\u0131da \u201cG\u00f6n\u00fcl insan\u0131 ne demektir?\u201d sorusunu ele ald\u0131, cevaplar arad\u0131. \u201cG\u00f6n\u00fcl nedir? \u0130man nuruyla ayd\u0131nlanan kalptir. Allah\u2019\u0131n duy dedi\u011fi gibi duyan, g\u00f6r dedi\u011fi gibi g\u00f6ren rikkat sahibi bir kalptir. G\u00f6n\u00fcl imana nefis ink\u00e2ra y\u00f6nelir.\u201d diyen Yaz\u0131c\u0131 g\u00f6n\u00fcl insan\u0131 olman\u0131n kalbi Mevla\u2019ya her daim a\u00e7\u0131k tutabilmekle ba\u015flad\u0131\u011f\u0131n\u0131 s\u00f6yledi. Yaz\u0131c\u0131 \u015f\u00f6yle konu\u015ftu: \u201cG\u00f6n\u00fcl insan\u0131 kendi davas\u0131n\u0131 insanlara tebli\u011f etmek i\u00e7in bizzat amelini \u015fahit g\u00f6steren ki\u015fidir. G\u00f6n\u00fcl insan\u0131, her varl\u0131\u011fa Hakk\u2019\u0131n esmas\u0131n\u0131n zuhuru ile bakar; yarat\u0131lan\u0131 yaratandan \u00f6t\u00fcr\u00fc sever. Her hadiseye de M\u00fbs\u00e2 (a.s.) ile H\u0131z\u0131r\u2019\u0131n yolculu\u011fu misali nice manalar ta\u015f\u0131d\u0131\u011f\u0131n\u0131n idrakiyle bakar. G\u00f6n\u00fcl insan\u0131 incelik ve zarafet \u00f6rne\u011fidir. Di\u011ferk\u00e2md\u0131r. Dert sahibidir. \u0130nsanlar\u0131 yarg\u0131lamadan \u00f6nce kendini hesaba \u00e7ekendir.\u201d<\/span><\/p>\n<p class=\"p1\"><span class=\"s1\">Sel\u00e7uk \u00dcniversitesi Rekt\u00f6r\u00fc Prof. Dr. Mustafa \u015eahin de toplant\u0131ya bir seminer ile i\u015ftirak etti. \u201c\u0130nsano\u011flunun bilgi kaynaklar\u0131 ve ge\u00e7mi\u015ften gelece\u011fe \u00fcniversiteler\u201d ba\u015fl\u0131kl\u0131 seminerinde \u015eahin bilgi kaynaklar\u0131n\u0131; vahiy, g\u00f6zlem, deney ve tecr\u00fcbe, ba\u015fkalar\u0131n\u0131n deney ve tecr\u00fcbeleri, edinilen bilgilerden muhakeme yoluyla yeni bilgilere ula\u015fmak, hayal etmek ve bilgiyi biriktirmek olarak s\u0131ralad\u0131. \u201cSemavi dinlerde insan\u0131n cennette yarat\u0131l\u0131p yery\u00fcz\u00fcne indirildi\u011fi inanc\u0131 mevcuttur.\u201d diyen \u015eahin Bakara suresi 30-34. ayetlerine de\u011finen \u015eahin, \u0130blis hari\u00e7 t\u00fcm melekler secde edince onun b\u00fcy\u00fckl\u00fck taslad\u0131\u011f\u0131n\u0131 ve k\u00e2firlerden oldu\u011funu hat\u0131rlatt\u0131. Allah\u2019\u0131n Hz. \u00c2dem\u2019e bilgi, ak\u0131l, merak duygusu ve haf\u0131za verdi\u011fini vurgulayan \u015eahin, bilgi hakk\u0131ndaki g\u00f6r\u00fc\u015flere de\u011findi ve \u201cBize g\u00f6re; biz Allah\u2019\u0131n bize bildirdi\u011fini ve bilme imk\u00e2n\u0131 verdiklerini biliriz. Kimilerine g\u00f6re her t\u00fcrl\u00fc bilgi insan akl\u0131n\u0131n \u00fcr\u00fcn\u00fcd\u00fcr.\u201d dedi.<span class=\"Apple-converted-space\">&nbsp; <\/span><\/span><\/p>\n<p class=\"p1\"><span class=\"s1\">6. y\u00fczy\u0131lda manast\u0131r ve katedrallerde kesi\u015f ve rahiplerin yeti\u015fti\u011fi \u00fcniversiteler oldu\u011funu s\u00f6yleyen \u015eahin Bat\u0131\u2019n\u0131n Bologna\u2019daki \u00fcniversiteyi (1115) ilk modern \u00fcniversite kabul etti\u011fini, h\u00e2lbuki F\u00e2t\u0131ma el-F\u0131hr\u00ee\u2019nin kurdu\u011fu Kayrevan \u00dcniversitesi\u2019nin 859\u2019da kuruldu\u011funu; \u0130bn R\u00fc\u015fd, \u0130bn Haldun, \u0130bn B\u00e2cce, \u0130bn Hazm ve \u0130bn Meym\u00fbn\u2019un orada yeti\u015fti\u011fini anlatt\u0131. 7. y\u00fczy\u0131lda Ashab-\u0131 Suffa kurumu ile M\u00fcsl\u00fcman \u00e2lim ve y\u00f6neticiler yeti\u015ftirildi\u011fini hatrlatan \u015eahin, Nizamiye Medreselerinin (1068) ilk diploma veren \u00fcniversite oldu\u011funu s\u00f6yledi. \u015eahin ayr\u0131ca Osmanl\u0131\u2019daki medreseleri ve Bat\u0131\u2019daki \u00fcniversiteleri de ele alarak bunlar\u0131n tarih\u00ee geli\u015fim s\u00fcre\u00e7lerinden ve kurumsal yap\u0131lar\u0131ndan bahsetti. <\/span><\/p>\n<p class=\"p1\"><span class=\"s1\">Son olarak, ILM Derne\u011fi \u00e7al\u0131\u015fmas\u0131 olan Medya Akademisi\u2019nden bahseden \u015eahin diksiyon dersleri ve de\u011ferler e\u011fitiminin yan\u0131 s\u0131ra hospis rehberlik \u00e7al\u0131\u015fmalar\u0131 da yap\u0131laca\u011f\u0131n\u0131 duyurdu.<\/span><\/p>\n<h3 class=\"p3\"><b>\u201c\u00c7al\u0131\u015fmalar\u0131m\u0131z \u015fuurland\u0131rmal\u0131.\u201d<\/b><\/h3>\n<p class=\"p1\"><span class=\"s1\">Genel Ba\u015fkan Kemal Erg\u00fcn de k\u0131saca toplant\u0131ya kat\u0131larak ba\u015fkanlarla hasbih\u00e2l etti sorular\u0131n\u0131 cevapland\u0131rd\u0131. Erg\u00fcn \u015funlar\u0131 ifade etti: \u201cBizler b\u00fcy\u00fcklerimizin buraya hicretiyle alakal\u0131 bir hik\u00e2yenin i\u00e7indeyiz. Efendimiz \u2018Ameller niyetlere g\u00f6redir.\u2019 diyor. Bizler de bu toplumda yapaca\u011f\u0131m\u0131z b\u00fct\u00fcn \u00e7al\u0131\u015fmalar\u0131n tebli\u011f ve davet olmas\u0131 i\u00e7in gayret edece\u011fiz. Eb\u00fb D\u00e2v\u00fbd\u2019dan nakledilen bir hadiste \u2018Benim \u00fcmmetimin toplu g\u00f6\u00e7\u00fc Allah yolunda cihatt\u0131r.\u2019 diyor Peygamberimiz. Dolay\u0131s\u0131yla niyetiniz buraya g\u00f6\u00e7 eden insanlar\u0131n cihat \u015fuuruyla dolmas\u0131 olmal\u0131d\u0131r. Salt bir \u00f6v\u00fcnme bizim as\u0131l maksad\u0131m\u0131z de\u011fildir. As\u0131l maksad\u0131m\u0131z bu kurum ve \u00e7al\u0131\u015fmalar\u0131m\u0131z\u0131n aidiyet \u015fuurumuzu ve kimli\u011fimizi a\u015f\u0131lamas\u0131d\u0131r. Cihat \u015fuuruyla ancak maksad\u0131m\u0131za ula\u015fabiliriz. Biz hayat\u0131n b\u00fct\u00fcn alanlar\u0131na dair hizmete talibiz. \u00c7\u00fcnk\u00fc \u0130slam bunu emrediyor. Yery\u00fcz\u00fcndeki t\u00fcm ma\u011fdurlar\u0131n elini tutmay\u0131 bana dinim emrediyor. Te\u015fkilat \u00e7al\u0131\u015fmalar\u0131n\u0131n tamam\u0131n\u0131 ele ald\u0131\u011f\u0131m\u0131zda, biz bu \u00e7al\u0131\u015fmalar\u0131 yaparak terliyorsak bize bunu \u0130slam dini anlat\u0131yor ve emrediyor. Hayat\u0131m\u0131z\u0131 bu minval \u00fczerine \u015fekillendirerek \u00e7al\u0131\u015fmalar\u0131m\u0131z\u0131 devam ettiriyoruz. \u0130nfak \u00e7al\u0131\u015fmalar\u0131nda g\u00f6stermi\u015f oldu\u011funuz ba\u015far\u0131dan dolay\u0131 hepinizi tebrik ediyorum. Di\u011fer \u00e7al\u0131\u015fmalarda da ayn\u0131 azmi ve gayreti g\u00f6rmek istiyoruz. Anlatt\u0131\u011f\u0131m\u0131z bu hadisin i\u00e7eri\u011fini takip ederek buradaki m\u00fcjdeyi alan insanlardan olmam\u0131z\u0131 y\u00fcce Rabbimden niyaz ediyorum.\u201d<\/span><\/p>\n<p class=\"p1\"><span class=\"s1\">KT Te\u015fkilatlanma Ba\u015fkan\u0131 Adeviye Temel \u00fcyelik \u00e7al\u0131\u015fmalar\u0131na h\u0131z verilmesi gerekti\u011fini s\u00f6yledi. Bu konuda yeni hedefler verdi, 2019 y\u0131l\u0131n\u0131n hedeflerini a\u00e7\u0131klad\u0131. 2018 y\u0131l\u0131 hedeflerini yakalamada Kuzey Hollanda, Norve\u00e7 ve Kanada b\u00f6lgelerinin ilk \u00fc\u00e7e giren b\u00f6lgeler olduklar\u0131n\u0131 s\u00f6yleyen Temel, R\u0131dvan Dersleri ve ilmin \u00f6nemine de\u011findi. <\/span><\/p>\n<p class=\"p1\"><span class=\"s1\">KT E\u011fitim Ba\u015fkan\u0131 Elif K\u00f6se 2018 y\u0131l\u0131nda \u015fubelerde toplam 403 tane aile e\u011fitim semineri d\u00fczenlendi\u011fini belirtti. Yeti\u015fkinler E\u011fitim Kursu\u2019nun hedeflerini veren K\u00f6se, Hoca Han\u0131mlar \u0130leri E\u011fitimi \u00e7al\u0131\u015fmas\u0131n\u0131n 2. mod\u00fcllerinin bitti\u011fini ve 29 Haziran\u2019da mezunlar i\u00e7in Genel Merkez\u2019de bir program yap\u0131laca\u011f\u0131n\u0131 s\u00f6yledi. K\u00f6se ayr\u0131ca e\u011fitim fuarlar\u0131n\u0131n konseptinin de\u011fi\u015fti\u011fini de duyurdu.<\/span><\/p>\n<p class=\"p1\"><span class=\"s1\">KT \u0130r\u015fad Ba\u015fkan\u0131 Nermin \u015eeker Yal\u0131nk\u0131l\u0131\u00e7, yakla\u015fmakta olan 15. Kur\u2019\u00e2n-\u0131 Ker\u00eem Tilavet Yar\u0131\u015fmas\u0131\u2019n\u0131n son haz\u0131rl\u0131klar\u0131 hakk\u0131nda bilgi verdi ve 16. Kur\u2019\u00e2n-\u0131 Ker\u00eem Tilavet Yar\u0131\u015fmas\u0131 takvimini a\u00e7\u0131klad\u0131. B\u00f6lgelerde Kur\u2019an-\u0131 Kerim \u00f6zel e\u011fitimi verecek hoca han\u0131mlar\u0131 e\u011fitmek i\u00e7in 08.04- 12.04.2019 tarihleri aras\u0131nda hoca han\u0131mlara \u00f6zel Tashih-i Huruf Kursu d\u00fczenlenece\u011fini duyuran Yal\u0131nk\u0131l\u0131\u00e7 ir\u015fad programlar\u0131 hakk\u0131nda bilgi verdi. Toplant\u0131da ayr\u0131ca Erkam Sohbetleri kapsam\u0131nda hedeflerini ge\u00e7en 17 b\u00f6lgeye \u00f6d\u00fclleri verildi. <\/span><\/p>\n<p class=\"p1\"><span class=\"s1\"> KT Sosyal Hizmetler Ba\u015fkan\u0131 Selma Zor, \u0130nfak Kampanyas\u0131\u2019nda hedefin erkenden tamamland\u0131\u011f\u0131n\u0131 bildirdi. Zor, UKBA \u00e7al\u0131\u015fmalar\u0131n\u0131n \u00e7e\u015fitli platformlarda g\u00fcndeme al\u0131narak \u00fcyelik te\u015fviki yap\u0131lmas\u0131 gerekti\u011fine de\u011findi. Akabinde Genel Merkez \u00dcyelik takibi ve yeni proje olan Muhabbet Bulu\u015fmalar\u0131 konular\u0131na de\u011findi. <\/span><\/p>\n<p class=\"p1\"><span class=\"s1\">KT Hac Umre Sorumlusu Cahide Y\u0131lmaz, ilk defa b\u00f6lgelerin KT Hac Umre sorumlular\u0131n\u0131n birim e\u011fitimi i\u00e7in toplanmas\u0131n\u0131n \u00e7ok verimli oldu\u011funu s\u00f6yledi. Hac Umre Okulu \u00e7al\u0131\u015fmas\u0131 yapan b\u00f6lgelerin de\u011ferlendirmesini yapan Y\u0131lmaz hac umre kay\u0131t hedeflerini verdi, b\u00f6lge ve \u015fubelerde hac umre te\u015fvik programlar\u0131 yap\u0131lmas\u0131 gerekti\u011fini hat\u0131rlatt\u0131. <\/span><\/p>\n<p class=\"p1\"><span class=\"s1\">Yeni y\u0131l\u0131n ilk BBT\u2019sinde m\u00fczakereye de yer verildi. \u201cYa\u015fl\u0131lar\u0131m\u0131z ve biz\u201d konusunun ele al\u0131nd\u0131\u011f\u0131 m\u00fczakerede ya\u015fl\u0131lar\u0131m\u0131zla alakal\u0131 b\u00f6lge ve \u015fubelerimizde sosyal proje h\u00e2line gelebilecek ne t\u00fcr \u00e7al\u0131\u015fmalar yap\u0131labilece\u011fi, b\u00fcy\u00fcklere sayg\u0131 ba\u011flam\u0131nda \u00e7ocuklar\u0131m\u0131za ve gen\u00e7lerimize nas\u0131l de\u011ferler e\u011fitimi verilebilece\u011fi ele al\u0131narak tart\u0131\u015f\u0131ld\u0131. <\/span><\/p>\n","protected":false},"excerpt":{"rendered":"<p>IGMG Kad\u0131nlar Te\u015fkilat\u0131 2019 y\u0131l\u0131n\u0131n ilk B\u00f6lge Ba\u015fkanlar\u0131 Toplant\u0131s\u0131\u2019n\u0131 26-27 Ocak tarihlerinde Genel Merkez\u2019de yapt\u0131.<\/p>\n","protected":false},"author":1,"featured_media":37029,"comment_status":"open","ping_status":"open","sticky":false,"template":"","format":"standard","meta":{"ngg_post_thumbnail":0},"categories":[23257],"tags":[],"_links":{"self":[{"href":"https:\/\/www.igmg.org\/tr\/wp-json\/wp\/v2\/posts\/37028"}],"collection":[{"href":"https:\/\/www.igmg.org\/tr\/wp-json\/wp\/v2\/posts"}],"about":[{"href":"https:\/\/www.igmg.org\/tr\/wp-json\/wp\/v2\/types\/post"}],"author":[{"embeddable":true,"href":"https:\/\/www.igmg.org\/tr\/wp-json\/wp\/v2\/users\/1"}],"replies":[{"embeddable":true,"href":"https:\/\/www.igmg.org\/tr\/wp-json\/wp\/v2\/comments?post=37028"}],"version-history":[{"count":1,"href":"https:\/\/www.igmg.org\/tr\/wp-json\/wp\/v2\/posts\/37028\/revisions"}],"predecessor-version":[{"id":37031,"href":"https:\/\/www.igmg.org\/tr\/wp-json\/wp\/v2\/posts\/37028\/revisions\/37031"}],"wp:featuredmedia":[{"embeddable":true,"href":"https:\/\/www.igmg.org\/tr\/wp-json\/wp\/v2\/media\/37029"}],"wp:attachment":[{"href":"https:\/\/www.igmg.org\/tr\/wp-json\/wp\/v2\/media?parent=37028"}],"wp:term":[{"taxonomy":"category","embeddable":true,"href":"https:\/\/www.igmg.org\/tr\/wp-json\/wp\/v2\/categories?post=37028"},{"taxonomy":"post_tag","embeddable":true,"href":"https:\/\/www.igmg.org\/tr\/wp-json\/wp\/v2\/tags?post=37028"}],"curies":[{"name":"wp","href":"https:\/\/api.w.org\/{rel}","templated":true}]}}